{"id":28924,"date":"2024-03-26T17:48:49","date_gmt":"2024-03-26T16:48:49","guid":{"rendered":"https:\/\/ostrowskatv.pl\/?p=28924"},"modified":"2024-03-26T17:48:49","modified_gmt":"2024-03-26T16:48:49","slug":"wyjechal-motocyklem-bmw-i-mial-wypadek","status":"publish","type":"post","link":"https:\/\/ostrowskatv.pl\/?p=28924","title":{"rendered":"Wyjecha\u0142 motocyklem BMW i mia\u0142 wypadek"},"content":{"rendered":"<p><strong>Na skrzy\u017cowaniu przy galerii dosz\u0142o do kolejnego zdarzenia drogowego. Tym razem zderzy\u0142 si\u0119 samoch\u00f3d osobowy oraz motocykl.<\/strong><\/p>\n<p>Ze wst\u0119pnych ustale\u0144 wynika, \u017ce m\u0119\u017cczyzna jad\u0105c\u00a0 motocyklem marki BMW jecha\u0142 od strony Ostrowa Wielkopolskiego w kierunku Kalisza. Od strony galerii wyjecha\u0142 kierowca Renault Megane. Obaj uczestnicy zderzyli si\u0119 na \u015brodku skrzy\u017cowania. Co ciekawe uczestnicy kolizji s\u0105 te\u017c pewni, \u017ce wjechali na zielonym \u015bwietle.<\/p>\n<p>Niestety nikt nie zatrzyma\u0142 si\u0119 i nie pozostawi\u0142 do siebie danych kontaktowych by by\u0107 \u015bwiadkiem potwierdzaj\u0105cym przebieg zdarzenia.<\/p>\n<p>W tej sytuacji policja b\u0119dzie sprawdza\u0107 nagrania z monitoringu z pobliskich obiekt\u00f3w handlowych.<\/p>\n<p>Kierowca motocykla przyzna\u0142, \u017ce pierwszy raz w tym sezonie wyjecha\u0142 swoj\u0105 maszyn\u0105.<\/p>\n<p><img loading=\"lazy\" decoding=\"async\" src=\"https:\/\/ostrowskatv.pl\/wp-content\/uploads\/2024\/03\/1000053036-01.jpeg\" alt=\"\" width=\"1508\" height=\"1920\" class=\"alignnone size-full wp-image-28925\" srcset=\"https:\/\/ostrowskatv.pl\/wp-content\/uploads\/2024\/03\/1000053036-01.jpeg 1508w, https:\/\/ostrowskatv.pl\/wp-content\/uploads\/2024\/03\/1000053036-01-236x300.jpeg 236w, https:\/\/ostrowskatv.pl\/wp-content\/uploads\/2024\/03\/1000053036-01-1047x1333.jpeg 1047w, https:\/\/ostrowskatv.pl\/wp-content\/uploads\/2024\/03\/1000053036-01-1206x1536.jpeg 1206w\" sizes=\"auto, (max-width: 1508px) 100vw, 1508px\" \/><\/p>\n<p><img loading=\"lazy\" decoding=\"async\" src=\"https:\/\/ostrowskatv.pl\/wp-content\/uploads\/2024\/03\/1000053034-01.jpeg\" alt=\"\" width=\"1920\" height=\"1081\" class=\"alignnone size-full wp-image-28926\" srcset=\"https:\/\/ostrowskatv.pl\/wp-content\/uploads\/2024\/03\/1000053034-01.jpeg 1920w, https:\/\/ostrowskatv.pl\/wp-content\/uploads\/2024\/03\/1000053034-01-300x169.jpeg 300w, https:\/\/ostrowskatv.pl\/wp-content\/uploads\/2024\/03\/1000053034-01-1333x751.jpeg 1333w, https:\/\/ostrowskatv.pl\/wp-content\/uploads\/2024\/03\/1000053034-01-1536x865.jpeg 1536w\" sizes=\"auto, (max-width: 1920px) 100vw, 1920px\" \/><\/p>\n<p><img loading=\"lazy\" decoding=\"async\" src=\"https:\/\/ostrowskatv.pl\/wp-content\/uploads\/2024\/03\/1000053033-01.jpeg\" alt=\"\" width=\"1920\" height=\"1081\" class=\"alignnone size-full wp-image-28927\" srcset=\"https:\/\/ostrowskatv.pl\/wp-content\/uploads\/2024\/03\/1000053033-01.jpeg 1920w, https:\/\/ostrowskatv.pl\/wp-content\/uploads\/2024\/03\/1000053033-01-300x169.jpeg 300w, https:\/\/ostrowskatv.pl\/wp-content\/uploads\/2024\/03\/1000053033-01-1333x751.jpeg 1333w, https:\/\/ostrowskatv.pl\/wp-content\/uploads\/2024\/03\/1000053033-01-1536x865.jpeg 1536w\" sizes=\"auto, (max-width: 1920px) 100vw, 1920px\" \/><\/p>\n<p><img loading=\"lazy\" decoding=\"async\" src=\"https:\/\/ostrowskatv.pl\/wp-content\/uploads\/2024\/03\/1000053032-01.jpeg\" alt=\"\" width=\"1920\" height=\"852\" class=\"alignnone size-full wp-image-28928\" srcset=\"https:\/\/ostrowskatv.pl\/wp-content\/uploads\/2024\/03\/1000053032-01.jpeg 1920w, https:\/\/ostrowskatv.pl\/wp-content\/uploads\/2024\/03\/1000053032-01-300x133.jpeg 300w, https:\/\/ostrowskatv.pl\/wp-content\/uploads\/2024\/03\/1000053032-01-1333x592.jpeg 1333w, https:\/\/ostrowskatv.pl\/wp-content\/uploads\/2024\/03\/1000053032-01-1536x682.jpeg 1536w\" sizes=\"auto, (max-width: 1920px) 100vw, 1920px\" \/><\/p>\n<p><img loading=\"lazy\" decoding=\"async\" src=\"https:\/\/ostrowskatv.pl\/wp-content\/uploads\/2024\/03\/1000053030-01.jpeg\" alt=\"\" width=\"1920\" height=\"1539\" class=\"alignnone size-full wp-image-28929\" srcset=\"https:\/\/ostrowskatv.pl\/wp-content\/uploads\/2024\/03\/1000053030-01.jpeg 1920w, https:\/\/ostrowskatv.pl\/wp-content\/uploads\/2024\/03\/1000053030-01-300x240.jpeg 300w, https:\/\/ostrowskatv.pl\/wp-content\/uploads\/2024\/03\/1000053030-01-1333x1068.jpeg 1333w, https:\/\/ostrowskatv.pl\/wp-content\/uploads\/2024\/03\/1000053030-01-1536x1231.jpeg 1536w\" sizes=\"auto, (max-width: 1920px) 100vw, 1920px\" \/><\/p>\n<p><img loading=\"lazy\" decoding=\"async\" src=\"https:\/\/ostrowskatv.pl\/wp-content\/uploads\/2024\/03\/1000053029-01.jpeg\" alt=\"\" width=\"1920\" height=\"1272\" class=\"alignnone size-full wp-image-28930\" srcset=\"https:\/\/ostrowskatv.pl\/wp-content\/uploads\/2024\/03\/1000053029-01.jpeg 1920w, https:\/\/ostrowskatv.pl\/wp-content\/uploads\/2024\/03\/1000053029-01-300x199.jpeg 300w, https:\/\/ostrowskatv.pl\/wp-content\/uploads\/2024\/03\/1000053029-01-1333x883.jpeg 1333w, https:\/\/ostrowskatv.pl\/wp-content\/uploads\/2024\/03\/1000053029-01-1536x1018.jpeg 1536w\" sizes=\"auto, (max-width: 1920px) 100vw, 1920px\" \/><\/p>\n<p><img loading=\"lazy\" decoding=\"async\" src=\"https:\/\/ostrowskatv.pl\/wp-content\/uploads\/2024\/03\/1000053023-01.jpeg\" alt=\"\" width=\"1920\" height=\"982\" class=\"alignnone size-full wp-image-28931\" srcset=\"https:\/\/ostrowskatv.pl\/wp-content\/uploads\/2024\/03\/1000053023-01.jpeg 1920w, https:\/\/ostrowskatv.pl\/wp-content\/uploads\/2024\/03\/1000053023-01-300x153.jpeg 300w, https:\/\/ostrowskatv.pl\/wp-content\/uploads\/2024\/03\/1000053023-01-1333x682.jpeg 1333w, https:\/\/ostrowskatv.pl\/wp-content\/uploads\/2024\/03\/1000053023-01-1536x786.jpeg 1536w\" sizes=\"auto, (max-width: 1920px) 100vw, 1920px\" \/><\/p>\n","protected":false},"excerpt":{"rendered":"Na skrzy\u017cowaniu przy galerii dosz\u0142o do kolejnego zdarzenia drogowego. Tym razem zderzy\u0142 si\u0119 samoch\u00f3d osobowy oraz motocykl. Ze wst\u0119pnych ustale\u0144 wynika, \u017ce m\u0119\u017cczyzna \n<a class=\"moretag\" href=\"https:\/\/ostrowskatv.pl\/?p=28924\"> [...]<\/a>","protected":false},"author":1,"featured_media":28927,"comment_status":"open","ping_status":"closed","sticky":false,"template":"","format":"standard","meta":{"footnotes":""},"categories":[1],"tags":[48],"class_list":["post-28924","post","type-post","status-publish","format-standard","has-post-thumbnail","hentry","category-news","tag-kolizja"],"_links":{"self":[{"href":"https:\/\/ostrowskatv.pl\/index.php?rest_route=\/wp\/v2\/posts\/28924","targetHints":{"allow":["GET"]}}],"collection":[{"href":"https:\/\/ostrowskatv.pl\/index.php?rest_route=\/wp\/v2\/posts"}],"about":[{"href":"https:\/\/ostrowskatv.pl\/index.php?rest_route=\/wp\/v2\/types\/post"}],"author":[{"embeddable":true,"href":"https:\/\/ostrowskatv.pl\/index.php?rest_route=\/wp\/v2\/users\/1"}],"replies":[{"embeddable":true,"href":"https:\/\/ostrowskatv.pl\/index.php?rest_route=%2Fwp%2Fv2%2Fcomments&post=28924"}],"version-history":[{"count":0,"href":"https:\/\/ostrowskatv.pl\/index.php?rest_route=\/wp\/v2\/posts\/28924\/revisions"}],"wp:featuredmedia":[{"embeddable":true,"href":"https:\/\/ostrowskatv.pl\/index.php?rest_route=\/wp\/v2\/media\/28927"}],"wp:attachment":[{"href":"https:\/\/ostrowskatv.pl\/index.php?rest_route=%2Fwp%2Fv2%2Fmedia&parent=28924"}],"wp:term":[{"taxonomy":"category","embeddable":true,"href":"https:\/\/ostrowskatv.pl\/index.php?rest_route=%2Fwp%2Fv2%2Fcategories&post=28924"},{"taxonomy":"post_tag","embeddable":true,"href":"https:\/\/ostrowskatv.pl\/index.php?rest_route=%2Fwp%2Fv2%2Ftags&post=28924"}],"curies":[{"name":"wp","href":"https:\/\/api.w.org\/{rel}","templated":true}]}}