{"id":28917,"date":"2024-03-25T20:06:24","date_gmt":"2024-03-25T19:06:24","guid":{"rendered":"https:\/\/ostrowskatv.pl\/?p=28917"},"modified":"2024-03-25T20:06:24","modified_gmt":"2024-03-25T19:06:24","slug":"peugeotem-wjechal-do-rowu","status":"publish","type":"post","link":"https:\/\/ostrowskatv.pl\/?p=28917","title":{"rendered":"Peugeotem wjecha\u0142 do rowu"},"content":{"rendered":"<p><strong>O godzinie 12 na wylocie z Przygodzic w kierunku Ostrowa Wielkopolskiego dosz\u0142o od kolizji, w kt\u00f3rej kierowca peugeota 208 z nieznanych przyczyn zjecha\u0142 na przeciwny pas ruchu, wjecha\u0142 do rowu, a nast\u0119pnie uderzy\u0142 w mostek.<\/strong><\/p>\n<p>Kierowcy nic si\u0119 nie sta\u0142o, czego nie mo\u017cna powiedzie\u0107 o jego aucie. Kierowca by\u0142 trze\u017awy.<\/p>\n<p><img loading=\"lazy\" decoding=\"async\" src=\"https:\/\/ostrowskatv.pl\/wp-content\/uploads\/2024\/03\/1000052727-01.jpeg\" alt=\"\" width=\"1920\" height=\"1081\" class=\"alignnone size-full wp-image-28918\" srcset=\"https:\/\/ostrowskatv.pl\/wp-content\/uploads\/2024\/03\/1000052727-01.jpeg 1920w, https:\/\/ostrowskatv.pl\/wp-content\/uploads\/2024\/03\/1000052727-01-300x169.jpeg 300w, https:\/\/ostrowskatv.pl\/wp-content\/uploads\/2024\/03\/1000052727-01-1333x751.jpeg 1333w, https:\/\/ostrowskatv.pl\/wp-content\/uploads\/2024\/03\/1000052727-01-1536x865.jpeg 1536w\" sizes=\"auto, (max-width: 1920px) 100vw, 1920px\" \/><\/p>\n<p><img loading=\"lazy\" decoding=\"async\" src=\"https:\/\/ostrowskatv.pl\/wp-content\/uploads\/2024\/03\/1000052726-01.jpeg\" alt=\"\" width=\"1920\" height=\"1270\" class=\"alignnone size-full wp-image-28919\" srcset=\"https:\/\/ostrowskatv.pl\/wp-content\/uploads\/2024\/03\/1000052726-01.jpeg 1920w, https:\/\/ostrowskatv.pl\/wp-content\/uploads\/2024\/03\/1000052726-01-300x198.jpeg 300w, https:\/\/ostrowskatv.pl\/wp-content\/uploads\/2024\/03\/1000052726-01-1333x882.jpeg 1333w, https:\/\/ostrowskatv.pl\/wp-content\/uploads\/2024\/03\/1000052726-01-1536x1016.jpeg 1536w\" sizes=\"auto, (max-width: 1920px) 100vw, 1920px\" \/><\/p>\n<p><img loading=\"lazy\" decoding=\"async\" src=\"https:\/\/ostrowskatv.pl\/wp-content\/uploads\/2024\/03\/1000052725-01.jpeg\" alt=\"\" width=\"1081\" height=\"1920\" class=\"alignnone size-full wp-image-28920\" srcset=\"https:\/\/ostrowskatv.pl\/wp-content\/uploads\/2024\/03\/1000052725-01.jpeg 1081w, https:\/\/ostrowskatv.pl\/wp-content\/uploads\/2024\/03\/1000052725-01-169x300.jpeg 169w, https:\/\/ostrowskatv.pl\/wp-content\/uploads\/2024\/03\/1000052725-01-751x1333.jpeg 751w, https:\/\/ostrowskatv.pl\/wp-content\/uploads\/2024\/03\/1000052725-01-865x1536.jpeg 865w\" sizes=\"auto, (max-width: 1081px) 100vw, 1081px\" \/><\/p>\n<p><img loading=\"lazy\" decoding=\"async\" src=\"https:\/\/ostrowskatv.pl\/wp-content\/uploads\/2024\/03\/1000052724-01.jpeg\" alt=\"\" width=\"1920\" height=\"1081\" class=\"alignnone size-full wp-image-28921\" srcset=\"https:\/\/ostrowskatv.pl\/wp-content\/uploads\/2024\/03\/1000052724-01.jpeg 1920w, https:\/\/ostrowskatv.pl\/wp-content\/uploads\/2024\/03\/1000052724-01-300x169.jpeg 300w, https:\/\/ostrowskatv.pl\/wp-content\/uploads\/2024\/03\/1000052724-01-1333x751.jpeg 1333w, https:\/\/ostrowskatv.pl\/wp-content\/uploads\/2024\/03\/1000052724-01-1536x865.jpeg 1536w\" sizes=\"auto, (max-width: 1920px) 100vw, 1920px\" \/><\/p>\n","protected":false},"excerpt":{"rendered":"O godzinie 12 na wylocie z Przygodzic w kierunku Ostrowa Wielkopolskiego dosz\u0142o od kolizji, w kt\u00f3rej kierowca peugeota 208 z nieznanych przyczyn zjecha\u0142 \n<a class=\"moretag\" href=\"https:\/\/ostrowskatv.pl\/?p=28917\"> [...]<\/a>","protected":false},"author":1,"featured_media":28921,"comment_status":"open","ping_status":"closed","sticky":false,"template":"","format":"standard","meta":{"footnotes":""},"categories":[1],"tags":[27],"class_list":["post-28917","post","type-post","status-publish","format-standard","has-post-thumbnail","hentry","category-news","tag-przygodzice"],"_links":{"self":[{"href":"https:\/\/ostrowskatv.pl\/index.php?rest_route=\/wp\/v2\/posts\/28917","targetHints":{"allow":["GET"]}}],"collection":[{"href":"https:\/\/ostrowskatv.pl\/index.php?rest_route=\/wp\/v2\/posts"}],"about":[{"href":"https:\/\/ostrowskatv.pl\/index.php?rest_route=\/wp\/v2\/types\/post"}],"author":[{"embeddable":true,"href":"https:\/\/ostrowskatv.pl\/index.php?rest_route=\/wp\/v2\/users\/1"}],"replies":[{"embeddable":true,"href":"https:\/\/ostrowskatv.pl\/index.php?rest_route=%2Fwp%2Fv2%2Fcomments&post=28917"}],"version-history":[{"count":0,"href":"https:\/\/ostrowskatv.pl\/index.php?rest_route=\/wp\/v2\/posts\/28917\/revisions"}],"wp:featuredmedia":[{"embeddable":true,"href":"https:\/\/ostrowskatv.pl\/index.php?rest_route=\/wp\/v2\/media\/28921"}],"wp:attachment":[{"href":"https:\/\/ostrowskatv.pl\/index.php?rest_route=%2Fwp%2Fv2%2Fmedia&parent=28917"}],"wp:term":[{"taxonomy":"category","embeddable":true,"href":"https:\/\/ostrowskatv.pl\/index.php?rest_route=%2Fwp%2Fv2%2Fcategories&post=28917"},{"taxonomy":"post_tag","embeddable":true,"href":"https:\/\/ostrowskatv.pl\/index.php?rest_route=%2Fwp%2Fv2%2Ftags&post=28917"}],"curies":[{"name":"wp","href":"https:\/\/api.w.org\/{rel}","templated":true}]}}