{"id":28903,"date":"2024-03-24T17:49:53","date_gmt":"2024-03-24T16:49:53","guid":{"rendered":"https:\/\/ostrowskatv.pl\/?p=28903"},"modified":"2024-03-24T17:49:53","modified_gmt":"2024-03-24T16:49:53","slug":"przyjechali-do-ostrowskiej-galerii-problem-z-pierwszenstwem","status":"publish","type":"post","link":"https:\/\/ostrowskatv.pl\/?p=28903","title":{"rendered":"Przyjechali do ostrowskiej galerii. Problem z pierwsze\u0144stwem"},"content":{"rendered":"<p><strong>W sobot\u0119 do ostrowskiej galerii przyjechali mieszka\u0144cy Kalisza oraz Krotoszyna. To w\u0142a\u015bnie przedstawiciele tych dw\u00f3ch miast zderzyli si\u0119 na jednym ze skrzy\u017cowa\u0144 na problematyczny parkingu.<\/strong><\/p>\n<p>Kierowca seata wje\u017cd\u017ca\u0142 nowym skr\u00f3tem w kierunku wej\u015bcia do galerii. Z jego prawej strony jecha\u0142 opel, kt\u00f3ry po przyj\u0119ciu uderzenia obr\u00f3ci\u0142 si\u0119 i uderzy\u0142 rykoszetem w trzeci zaparkowany pojazd.<\/p>\n<p>Do szpitala pojecha\u0142a kieruj\u0105ca opla, a na miejsce wezwano stra\u017cak\u00f3w do neutralizacji wycieku.<\/p>\n<p>Przypominamy, \u017ce na wszystkich skrzy\u017cowaniach obowi\u0105zuje zasada prawej r\u0119ki, poniewa\u017c od pocz\u0105tku zaoszcz\u0119dzono na pionowych znakach co skutkowa\u0142o wieloma kolizjami.<\/p>\n<p><img loading=\"lazy\" decoding=\"async\" src=\"https:\/\/ostrowskatv.pl\/wp-content\/uploads\/2024\/03\/1000052429-01.jpeg\" alt=\"\" width=\"1920\" height=\"1081\" class=\"alignnone size-full wp-image-28904\" srcset=\"https:\/\/ostrowskatv.pl\/wp-content\/uploads\/2024\/03\/1000052429-01.jpeg 1920w, https:\/\/ostrowskatv.pl\/wp-content\/uploads\/2024\/03\/1000052429-01-300x169.jpeg 300w, https:\/\/ostrowskatv.pl\/wp-content\/uploads\/2024\/03\/1000052429-01-1333x751.jpeg 1333w, https:\/\/ostrowskatv.pl\/wp-content\/uploads\/2024\/03\/1000052429-01-1536x865.jpeg 1536w\" sizes=\"auto, (max-width: 1920px) 100vw, 1920px\" \/><\/p>\n<p><img loading=\"lazy\" decoding=\"async\" src=\"https:\/\/ostrowskatv.pl\/wp-content\/uploads\/2024\/03\/1000052424-01.jpeg\" alt=\"\" width=\"1920\" height=\"1049\" class=\"alignnone size-full wp-image-28905\" srcset=\"https:\/\/ostrowskatv.pl\/wp-content\/uploads\/2024\/03\/1000052424-01.jpeg 1920w, https:\/\/ostrowskatv.pl\/wp-content\/uploads\/2024\/03\/1000052424-01-300x164.jpeg 300w, https:\/\/ostrowskatv.pl\/wp-content\/uploads\/2024\/03\/1000052424-01-1333x728.jpeg 1333w, https:\/\/ostrowskatv.pl\/wp-content\/uploads\/2024\/03\/1000052424-01-1536x839.jpeg 1536w\" sizes=\"auto, (max-width: 1920px) 100vw, 1920px\" \/><\/p>\n<p><img loading=\"lazy\" decoding=\"async\" src=\"https:\/\/ostrowskatv.pl\/wp-content\/uploads\/2024\/03\/1000052422-01.jpeg\" alt=\"\" width=\"1920\" height=\"1057\" class=\"alignnone size-full wp-image-28906\" srcset=\"https:\/\/ostrowskatv.pl\/wp-content\/uploads\/2024\/03\/1000052422-01.jpeg 1920w, https:\/\/ostrowskatv.pl\/wp-content\/uploads\/2024\/03\/1000052422-01-300x165.jpeg 300w, https:\/\/ostrowskatv.pl\/wp-content\/uploads\/2024\/03\/1000052422-01-1333x734.jpeg 1333w, https:\/\/ostrowskatv.pl\/wp-content\/uploads\/2024\/03\/1000052422-01-1536x846.jpeg 1536w\" sizes=\"auto, (max-width: 1920px) 100vw, 1920px\" \/><\/p>\n<p><img loading=\"lazy\" decoding=\"async\" src=\"https:\/\/ostrowskatv.pl\/wp-content\/uploads\/2024\/03\/1000052421-01.jpeg\" alt=\"\" width=\"1920\" height=\"1220\" class=\"alignnone size-full wp-image-28907\" srcset=\"https:\/\/ostrowskatv.pl\/wp-content\/uploads\/2024\/03\/1000052421-01.jpeg 1920w, https:\/\/ostrowskatv.pl\/wp-content\/uploads\/2024\/03\/1000052421-01-300x191.jpeg 300w, https:\/\/ostrowskatv.pl\/wp-content\/uploads\/2024\/03\/1000052421-01-1333x847.jpeg 1333w, https:\/\/ostrowskatv.pl\/wp-content\/uploads\/2024\/03\/1000052421-01-1536x976.jpeg 1536w\" sizes=\"auto, (max-width: 1920px) 100vw, 1920px\" \/><\/p>\n<p><img loading=\"lazy\" decoding=\"async\" src=\"https:\/\/ostrowskatv.pl\/wp-content\/uploads\/2024\/03\/1000052419-01.jpeg\" alt=\"\" width=\"1920\" height=\"1435\" class=\"alignnone size-full wp-image-28908\" srcset=\"https:\/\/ostrowskatv.pl\/wp-content\/uploads\/2024\/03\/1000052419-01.jpeg 1920w, https:\/\/ostrowskatv.pl\/wp-content\/uploads\/2024\/03\/1000052419-01-300x224.jpeg 300w, https:\/\/ostrowskatv.pl\/wp-content\/uploads\/2024\/03\/1000052419-01-1333x996.jpeg 1333w, https:\/\/ostrowskatv.pl\/wp-content\/uploads\/2024\/03\/1000052419-01-1536x1148.jpeg 1536w\" sizes=\"auto, (max-width: 1920px) 100vw, 1920px\" \/><\/p>\n","protected":false},"excerpt":{"rendered":"W sobot\u0119 do ostrowskiej galerii przyjechali mieszka\u0144cy Kalisza oraz Krotoszyna. To w\u0142a\u015bnie przedstawiciele tych dw\u00f3ch miast zderzyli si\u0119 na jednym ze skrzy\u017cowa\u0144 na \n<a class=\"moretag\" href=\"https:\/\/ostrowskatv.pl\/?p=28903\"> [...]<\/a>","protected":false},"author":1,"featured_media":28907,"comment_status":"open","ping_status":"closed","sticky":false,"template":"","format":"standard","meta":{"footnotes":""},"categories":[1],"tags":[57,48,2],"class_list":["post-28903","post","type-post","status-publish","format-standard","has-post-thumbnail","hentry","category-news","tag-galeria","tag-kolizja","tag-ostrow-wielkopolski"],"_links":{"self":[{"href":"https:\/\/ostrowskatv.pl\/index.php?rest_route=\/wp\/v2\/posts\/28903","targetHints":{"allow":["GET"]}}],"collection":[{"href":"https:\/\/ostrowskatv.pl\/index.php?rest_route=\/wp\/v2\/posts"}],"about":[{"href":"https:\/\/ostrowskatv.pl\/index.php?rest_route=\/wp\/v2\/types\/post"}],"author":[{"embeddable":true,"href":"https:\/\/ostrowskatv.pl\/index.php?rest_route=\/wp\/v2\/users\/1"}],"replies":[{"embeddable":true,"href":"https:\/\/ostrowskatv.pl\/index.php?rest_route=%2Fwp%2Fv2%2Fcomments&post=28903"}],"version-history":[{"count":0,"href":"https:\/\/ostrowskatv.pl\/index.php?rest_route=\/wp\/v2\/posts\/28903\/revisions"}],"wp:featuredmedia":[{"embeddable":true,"href":"https:\/\/ostrowskatv.pl\/index.php?rest_route=\/wp\/v2\/media\/28907"}],"wp:attachment":[{"href":"https:\/\/ostrowskatv.pl\/index.php?rest_route=%2Fwp%2Fv2%2Fmedia&parent=28903"}],"wp:term":[{"taxonomy":"category","embeddable":true,"href":"https:\/\/ostrowskatv.pl\/index.php?rest_route=%2Fwp%2Fv2%2Fcategories&post=28903"},{"taxonomy":"post_tag","embeddable":true,"href":"https:\/\/ostrowskatv.pl\/index.php?rest_route=%2Fwp%2Fv2%2Ftags&post=28903"}],"curies":[{"name":"wp","href":"https:\/\/api.w.org\/{rel}","templated":true}]}}