{"id":289,"date":"2016-02-01T13:08:56","date_gmt":"2016-02-01T12:08:56","guid":{"rendered":"http:\/\/ostrowska.tv\/?p=289"},"modified":"2016-02-01T13:08:56","modified_gmt":"2016-02-01T12:08:56","slug":"problem-z-przedszkolami-miasto-bedzie-namawiac-rodzicow","status":"publish","type":"post","link":"https:\/\/ostrowskatv.pl\/?p=289","title":{"rendered":"Problem z przedszkolami. Miasto b\u0119dzie namawia\u0107 rodzic\u00f3w"},"content":{"rendered":"<p><strong>Zmiany w ustawie o o\u015bwiacie to wyzwanie dla samorz\u0105d\u00f3w. Od tej pory rodzice mog\u0105 decydowa\u0107, czy dzieci w wieku 6 lat zostan\u0105 w przedszkolach czy p\u00f3jd\u0105 do szko\u0142y podstawowej. W\u0142adze Ostrowa b\u0119d\u0105 ich namawia\u0107 na to drugie rozwi\u0105zanie.<\/strong><\/p>\n<p>W ostrowskich przedszkolach b\u0119dzie oko\u0142o 2270 miejsc. Dzieci z r\u00f3\u017cnym wieku, kt\u00f3re maj\u0105 prawo do nich trafi\u0107, jest \u0142\u0105cznie 2855. Oznacza to w praktyce, \u017ce dla niekt\u00f3rych mo\u017ce zabrakn\u0105\u0107 miejsca. Skala ewentualnego problemu zale\u017cy przede wszystkim od rodzic\u00f3w sze\u015bciolatk\u00f3w. &#8211; Z\u0142ym skutkiem pozostawienia dzieci sze\u015bcioletnich w przedszkolach mo\u017ce by\u0107 to, \u017ce zabraknie tam miejsca dla trzylatk\u00f3w \u2013 zwraca uwag\u0119 wiceprezydent Ostrowa Ewa Matecka.<\/p>\n<p>Miasto rodzicom nie mo\u017ce niczego narzuca\u0107. Zamierza jednak prowadzi\u0107 szereg dzia\u0142a\u0144 i namawia\u0107 ich, by pos\u0142ali sze\u015bciolatk\u00f3w do szk\u00f3\u0142. W\u0142a\u015bnie z tego powodu w gabinecie Naczelnika Wydzia\u0142u Edukacji w ostrowskim Urz\u0119dzie Miejskim powsta\u0142 specjalny punkt konsultacyjny. Zg\u0142aszaj\u0105 si\u0119 do niego ju\u017c pierwsi rodzice. &#8211; Wyja\u015bniam rodzicom rzeczy, kt\u00f3re s\u0105 nie do ko\u0144ca jasne. Niekt\u00f3rzy szczerze pytaj\u0105, co zrobi\u0107 z dzieckiem sze\u015bcioletnim. My nikogo przymusi\u0107 do niczego nie mo\u017cemy, ale staramy si\u0119 u\u015bwiadamia\u0107 rodzic\u00f3w \u2013 wyja\u015bnia szef ostrowskiej o\u015bwiaty Dariusz D\u0119bicki.<\/p>\n<p>Rekrutacja do przedszkoli potrwa od 1 do 31 marca. Formularze i kryteria naboru znajduj\u0105 si\u0119 na oficjalnej stronie Urz\u0119du Miejskiego. Z ko\u0144cem przysz\u0142ego miesi\u0105ca w\u0142adze miasta b\u0119d\u0105 mie\u0107 jasny obraz sytuacji. Dopiero wtedy b\u0119dzie mo\u017cna prawid\u0142owo zdiagnozowa\u0107 ewentualne problemy zwi\u0105zane z liczb\u0105 miejsc w przedszkolach.<\/p>\n<p>W\u0142adze miasta maj\u0105 \u015bwiadomo\u015b\u0107, \u017ce w niekt\u00f3rych przypadkach pozostawienie sze\u015bciolatk\u00f3w w przedszkolach mo\u017ce by\u0107 dobrym rozwi\u0105zaniem. Jak jednak przekonuj\u0105, zdecydowana wi\u0119kszo\u015b\u0107 dzieci w tym wieku jest gotowa do rozpocz\u0119cia nauki w szko\u0142ach podstawowych. &#8211; Pozostawienie wielu dzieci w przedszkolu to jak powtarzanie klasy. Je\u015bli kto\u015b dawa\u0142 sobie rad\u0119 z materia\u0142em, opanowa\u0142 podstaw\u0119 programow\u0105, to staramy si\u0119 u\u015bwiadamia\u0107 rodzic\u00f3w, \u017ce powtarzanie tego samego przez kolejny rok jest strat\u0105 czasu \u2013 t\u0142umaczy Dariusz D\u0119bicki. Dodatkowy argument za posy\u0142aniem dzieci do szk\u00f3\u0142 podaje Ewa Matecka. &#8211; Klasa pierwsza, druga i trzecia nie mo\u017ce by\u0107 teraz liczniejsza ni\u017c 25 uczni\u00f3w. To bardzo komfortowa sytuacja dla dzieci. B\u0119dzie je mo\u017cna rzetelnie przygotowa\u0107, po\u015bwi\u0119caj\u0105c ka\u017cdemu naprawd\u0119 sporo uwagi \u2013 przekonuje wiceprezydent Ostrowa.<\/p>\n<p>Miasto ma r\u00f3wnie\u017c \u015bwiadomo\u015b\u0107, \u017ce za dzie\u0107mi, kt\u00f3re wybior\u0105 szko\u0142y podstawowe, id\u0105 wi\u0119ksze pieni\u0105dze. Od tego uzale\u017cniona jest wprost wysoko\u015b\u0107 subwencji o\u015bwiatowej. &#8211; Subwencja na dziecko obj\u0119te wychowaniem szkolnym to 5300 z\u0142 na rok. Dotacja na dziecko w przedszkolu to 1400 z\u0142. Im mniej dzieci p\u00f3jdzie do klas pierwszych, tym mniej \u015brodk\u00f3w do nas trafi w ramach subwencji o\u015bwiatowej \u2013 podkre\u015bla Ewa Matecka.<\/p>\n<p>Skutki zmian w o\u015bwiacie poznamy zatem wraz z ko\u0144cem przysz\u0142ego miesi\u0105ca. W tym czasie zach\u0119camy Pa\u0144stwa do dyskusji.<\/p>\n<p><strong>Czy rodzice sze<\/strong><strong>\u015bciolatk<\/strong><strong>\u00f3w powinni posy<\/strong><strong>\u0142a<\/strong><strong>\u0107 swoje dzieci do szk<\/strong><strong>\u00f3\u0142 podstawowych? <\/strong><\/p>\n","protected":false},"excerpt":{"rendered":"Zmiany w ustawie o o\u015bwiacie to wyzwanie dla samorz\u0105d\u00f3w. Od tej pory rodzice mog\u0105 decydowa\u0107, czy dzieci w wieku 6 lat zostan\u0105 w \n<a class=\"moretag\" href=\"https:\/\/ostrowskatv.pl\/?p=289\"> [...]<\/a>","protected":false},"author":1,"featured_media":290,"comment_status":"open","ping_status":"open","sticky":false,"template":"","format":"standard","meta":{"footnotes":""},"categories":[1],"tags":[40],"class_list":["post-289","post","type-post","status-publish","format-standard","has-post-thumbnail","hentry","category-news","tag-edukacja"],"_links":{"self":[{"href":"https:\/\/ostrowskatv.pl\/index.php?rest_route=\/wp\/v2\/posts\/289","targetHints":{"allow":["GET"]}}],"collection":[{"href":"https:\/\/ostrowskatv.pl\/index.php?rest_route=\/wp\/v2\/posts"}],"about":[{"href":"https:\/\/ostrowskatv.pl\/index.php?rest_route=\/wp\/v2\/types\/post"}],"author":[{"embeddable":true,"href":"https:\/\/ostrowskatv.pl\/index.php?rest_route=\/wp\/v2\/users\/1"}],"replies":[{"embeddable":true,"href":"https:\/\/ostrowskatv.pl\/index.php?rest_route=%2Fwp%2Fv2%2Fcomments&post=289"}],"version-history":[{"count":0,"href":"https:\/\/ostrowskatv.pl\/index.php?rest_route=\/wp\/v2\/posts\/289\/revisions"}],"wp:featuredmedia":[{"embeddable":true,"href":"https:\/\/ostrowskatv.pl\/index.php?rest_route=\/wp\/v2\/media\/290"}],"wp:attachment":[{"href":"https:\/\/ostrowskatv.pl\/index.php?rest_route=%2Fwp%2Fv2%2Fmedia&parent=289"}],"wp:term":[{"taxonomy":"category","embeddable":true,"href":"https:\/\/ostrowskatv.pl\/index.php?rest_route=%2Fwp%2Fv2%2Fcategories&post=289"},{"taxonomy":"post_tag","embeddable":true,"href":"https:\/\/ostrowskatv.pl\/index.php?rest_route=%2Fwp%2Fv2%2Ftags&post=289"}],"curies":[{"name":"wp","href":"https:\/\/api.w.org\/{rel}","templated":true}]}}