{"id":28855,"date":"2024-03-22T17:05:41","date_gmt":"2024-03-22T16:05:41","guid":{"rendered":"https:\/\/ostrowskatv.pl\/?p=28855"},"modified":"2024-03-22T17:05:41","modified_gmt":"2024-03-22T16:05:41","slug":"mozna-palic-oponami","status":"publish","type":"post","link":"https:\/\/ostrowskatv.pl\/?p=28855","title":{"rendered":"Mo\u017cna pali\u0107 oponami?"},"content":{"rendered":"<p><strong>Przez miesi\u0105c od palenia opon nikt nie poni\u00f3s\u0142 odpowiedzialno\u015bci karnej za realne zanieczyszczanie \u015brodowiska. Chodzi o protest rolnik\u00f3w, kt\u00f3ry odby\u0142 si\u0119 20 lutego br. na przeciwko galerii.<\/strong><\/p>\n<p>Rzecznik ostrowskiej policji Ma\u0142gorzata Micha\u015b poinformowa\u0142a, \u017ce nikt nie zosta\u0142 ukarany, ale zosta\u0142a sporz\u0105dzona dokumentacja. Sytuacja jest o tyle kuriozalna, \u017ce na ostatnim prote\u015bcie rolnik\u00f3w, stra\u017cacy trzykrotnie interweniowali w sprawie po\u017caru innych opon.<\/p>\n<p>Dla rolnik\u00f3w to darmowa forma utylizacja odpad\u00f3w, a dla okolicznych mieszka\u0144c\u00f3w konieczno\u015b\u0107 wdychania toksycznych dym\u00f3w. Kto twierdzi, \u017ce jest inaczej niech powdycha przez 5 minut dym z pal\u0105cej opony.<\/p>\n<p>Nawet Jaros\u0142aw Kaczy\u0144ski m\u00f3wi\u0142 podczas kryzysu grzewczego, \u017ce mo\u017cna pali\u0107 wszystkim opr\u00f3cz opon. Najwidoczniej trzeba namierzy\u0107 podpalaczy opon i zorganizowa\u0107 protest u nich pod domem i da\u0107 pow\u0105cha\u0107 co serwuj\u0105 mieszka\u0144com Ostrowa Wielkopolskiego i s\u0105siednich wsi. Trzeba te\u017c pami\u0119ta\u0107, \u017ce opony s\u0105 palone na polu, gdzie s\u0105 hodowane ro\u015bliny m.in. kukurydza.<\/p>\n<p>Krzysztof Drabik z ostrowskiej stra\u017cy po\u017carnej stwierdzi\u0142 jednoznacznie, \u017ce jest to zatruwanie \u015brodowiska. <\/p>\n","protected":false},"excerpt":{"rendered":"Przez miesi\u0105c od palenia opon nikt nie poni\u00f3s\u0142 odpowiedzialno\u015bci karnej za realne zanieczyszczanie \u015brodowiska. Chodzi o protest rolnik\u00f3w, kt\u00f3ry odby\u0142 si\u0119 20 lutego \n<a class=\"moretag\" href=\"https:\/\/ostrowskatv.pl\/?p=28855\"> [...]<\/a>","protected":false},"author":1,"featured_media":28810,"comment_status":"open","ping_status":"closed","sticky":false,"template":"","format":"standard","meta":{"footnotes":""},"categories":[1],"tags":[2],"class_list":["post-28855","post","type-post","status-publish","format-standard","has-post-thumbnail","hentry","category-news","tag-ostrow-wielkopolski"],"_links":{"self":[{"href":"https:\/\/ostrowskatv.pl\/index.php?rest_route=\/wp\/v2\/posts\/28855","targetHints":{"allow":["GET"]}}],"collection":[{"href":"https:\/\/ostrowskatv.pl\/index.php?rest_route=\/wp\/v2\/posts"}],"about":[{"href":"https:\/\/ostrowskatv.pl\/index.php?rest_route=\/wp\/v2\/types\/post"}],"author":[{"embeddable":true,"href":"https:\/\/ostrowskatv.pl\/index.php?rest_route=\/wp\/v2\/users\/1"}],"replies":[{"embeddable":true,"href":"https:\/\/ostrowskatv.pl\/index.php?rest_route=%2Fwp%2Fv2%2Fcomments&post=28855"}],"version-history":[{"count":0,"href":"https:\/\/ostrowskatv.pl\/index.php?rest_route=\/wp\/v2\/posts\/28855\/revisions"}],"wp:featuredmedia":[{"embeddable":true,"href":"https:\/\/ostrowskatv.pl\/index.php?rest_route=\/wp\/v2\/media\/28810"}],"wp:attachment":[{"href":"https:\/\/ostrowskatv.pl\/index.php?rest_route=%2Fwp%2Fv2%2Fmedia&parent=28855"}],"wp:term":[{"taxonomy":"category","embeddable":true,"href":"https:\/\/ostrowskatv.pl\/index.php?rest_route=%2Fwp%2Fv2%2Fcategories&post=28855"},{"taxonomy":"post_tag","embeddable":true,"href":"https:\/\/ostrowskatv.pl\/index.php?rest_route=%2Fwp%2Fv2%2Ftags&post=28855"}],"curies":[{"name":"wp","href":"https:\/\/api.w.org\/{rel}","templated":true}]}}