{"id":28764,"date":"2024-03-19T16:20:19","date_gmt":"2024-03-19T15:20:19","guid":{"rendered":"https:\/\/ostrowskatv.pl\/?p=28764"},"modified":"2024-03-19T16:20:19","modified_gmt":"2024-03-19T15:20:19","slug":"dziecko-zatrzasniete-w-aucie-przy-kauflandzie","status":"publish","type":"post","link":"https:\/\/ostrowskatv.pl\/?p=28764","title":{"rendered":"Dziecko zatrza\u015bni\u0119te w aucie przy Kauflandzie"},"content":{"rendered":"<p><b>Dzisiaj przed\u00a0 godzin\u0105 14:00 dosz\u0142o do incydentu z udzia\u0142em dziecka. Dziewczynka zosta\u0142a uwi\u0119ziona w zaparkowanym samochodzie marki Opel Astra na parkingu przy Kauflandzie.<\/b><\/p>\n<p>Na miejsce zdarzenia zosta\u0142a wys\u0142ana stra\u017c po\u017carna. Przed przybyciem stra\u017cy po\u017carnej, jedna z os\u00f3b rozbi\u0142a tylne, boczne okienko, co umo\u017cliwi\u0142o otwarcie drzwi i uwolnienie dziecka. Na szcz\u0119\u015bcie dziecko nie odnios\u0142o \u017cadnych obra\u017ce\u0144.<\/p>\n<p><img loading=\"lazy\" decoding=\"async\" class=\"alignnone size-full wp-image-28770\" src=\"https:\/\/ostrowskatv.pl\/wp-content\/uploads\/2024\/03\/1000051541-01.jpeg\" alt=\"\" width=\"1919\" height=\"918\" srcset=\"https:\/\/ostrowskatv.pl\/wp-content\/uploads\/2024\/03\/1000051541-01.jpeg 1919w, https:\/\/ostrowskatv.pl\/wp-content\/uploads\/2024\/03\/1000051541-01-300x144.jpeg 300w, https:\/\/ostrowskatv.pl\/wp-content\/uploads\/2024\/03\/1000051541-01-1333x638.jpeg 1333w, https:\/\/ostrowskatv.pl\/wp-content\/uploads\/2024\/03\/1000051541-01-1536x735.jpeg 1536w\" sizes=\"auto, (max-width: 1919px) 100vw, 1919px\" \/><\/p>\n<p><img loading=\"lazy\" decoding=\"async\" class=\"alignnone size-full wp-image-28771\" src=\"https:\/\/ostrowskatv.pl\/wp-content\/uploads\/2024\/03\/1000051506-01.jpeg\" alt=\"\" width=\"1920\" height=\"1081\" srcset=\"https:\/\/ostrowskatv.pl\/wp-content\/uploads\/2024\/03\/1000051506-01.jpeg 1920w, https:\/\/ostrowskatv.pl\/wp-content\/uploads\/2024\/03\/1000051506-01-300x169.jpeg 300w, https:\/\/ostrowskatv.pl\/wp-content\/uploads\/2024\/03\/1000051506-01-1333x751.jpeg 1333w, https:\/\/ostrowskatv.pl\/wp-content\/uploads\/2024\/03\/1000051506-01-1536x865.jpeg 1536w\" sizes=\"auto, (max-width: 1920px) 100vw, 1920px\" \/><\/p>\n<p><img loading=\"lazy\" decoding=\"async\" class=\"alignnone size-full wp-image-28772\" src=\"https:\/\/ostrowskatv.pl\/wp-content\/uploads\/2024\/03\/1000051507-01.jpeg\" alt=\"\" width=\"1920\" height=\"998\" srcset=\"https:\/\/ostrowskatv.pl\/wp-content\/uploads\/2024\/03\/1000051507-01.jpeg 1920w, https:\/\/ostrowskatv.pl\/wp-content\/uploads\/2024\/03\/1000051507-01-300x156.jpeg 300w, https:\/\/ostrowskatv.pl\/wp-content\/uploads\/2024\/03\/1000051507-01-1333x693.jpeg 1333w, https:\/\/ostrowskatv.pl\/wp-content\/uploads\/2024\/03\/1000051507-01-1536x798.jpeg 1536w\" sizes=\"auto, (max-width: 1920px) 100vw, 1920px\" \/><\/p>\n","protected":false},"excerpt":{"rendered":"Dzisiaj przed\u00a0 godzin\u0105 14:00 dosz\u0142o do incydentu z udzia\u0142em dziecka. Dziewczynka zosta\u0142a uwi\u0119ziona w zaparkowanym samochodzie marki Opel Astra na parkingu przy Kauflandzie. \n<a class=\"moretag\" href=\"https:\/\/ostrowskatv.pl\/?p=28764\"> [...]<\/a>","protected":false},"author":1,"featured_media":28766,"comment_status":"open","ping_status":"closed","sticky":false,"template":"","format":"standard","meta":{"footnotes":""},"categories":[1],"tags":[2],"class_list":["post-28764","post","type-post","status-publish","format-standard","has-post-thumbnail","hentry","category-news","tag-ostrow-wielkopolski"],"_links":{"self":[{"href":"https:\/\/ostrowskatv.pl\/index.php?rest_route=\/wp\/v2\/posts\/28764","targetHints":{"allow":["GET"]}}],"collection":[{"href":"https:\/\/ostrowskatv.pl\/index.php?rest_route=\/wp\/v2\/posts"}],"about":[{"href":"https:\/\/ostrowskatv.pl\/index.php?rest_route=\/wp\/v2\/types\/post"}],"author":[{"embeddable":true,"href":"https:\/\/ostrowskatv.pl\/index.php?rest_route=\/wp\/v2\/users\/1"}],"replies":[{"embeddable":true,"href":"https:\/\/ostrowskatv.pl\/index.php?rest_route=%2Fwp%2Fv2%2Fcomments&post=28764"}],"version-history":[{"count":0,"href":"https:\/\/ostrowskatv.pl\/index.php?rest_route=\/wp\/v2\/posts\/28764\/revisions"}],"wp:featuredmedia":[{"embeddable":true,"href":"https:\/\/ostrowskatv.pl\/index.php?rest_route=\/wp\/v2\/media\/28766"}],"wp:attachment":[{"href":"https:\/\/ostrowskatv.pl\/index.php?rest_route=%2Fwp%2Fv2%2Fmedia&parent=28764"}],"wp:term":[{"taxonomy":"category","embeddable":true,"href":"https:\/\/ostrowskatv.pl\/index.php?rest_route=%2Fwp%2Fv2%2Fcategories&post=28764"},{"taxonomy":"post_tag","embeddable":true,"href":"https:\/\/ostrowskatv.pl\/index.php?rest_route=%2Fwp%2Fv2%2Ftags&post=28764"}],"curies":[{"name":"wp","href":"https:\/\/api.w.org\/{rel}","templated":true}]}}