{"id":28699,"date":"2024-03-17T07:55:23","date_gmt":"2024-03-17T06:55:23","guid":{"rendered":"https:\/\/ostrowskatv.pl\/?p=28699"},"modified":"2024-03-17T07:55:23","modified_gmt":"2024-03-17T06:55:23","slug":"nocny-pozar-przy-domu","status":"publish","type":"post","link":"https:\/\/ostrowskatv.pl\/?p=28699","title":{"rendered":"Nocny po\u017car przy domu"},"content":{"rendered":"<p><strong>Kilkana\u015bcie minut po godzinie 3 w nocy zauwa\u017cono po\u017car na terenie jednej z posesji przy ulicy Bukowej w Ostrowie Wielkopolskim. Na miejsce wys\u0142ano stra\u017c po\u017carn\u0105 z Ostrowa Wielkopolskiego oraz OSP Wt\u00f3rek. Okaza\u0142o si\u0119, \u017ce p\u0142onie budynek gospodarczy. Z powodu drewnianej konstrukcji, ogie\u0144 szybko zaj\u0105\u0142 ca\u0142\u0105 konstrukcj\u0119.<\/strong><\/p>\n<p>Akcja stra\u017cak\u00f3w trwa\u0142a oko\u0142o dw\u00f3ch godzin.<\/p>\n<p><img loading=\"lazy\" decoding=\"async\" src=\"https:\/\/ostrowskatv.pl\/wp-content\/uploads\/2024\/03\/1000051083-01.jpeg\" alt=\"\" width=\"1920\" height=\"1210\" class=\"alignnone size-full wp-image-28700\" srcset=\"https:\/\/ostrowskatv.pl\/wp-content\/uploads\/2024\/03\/1000051083-01.jpeg 1920w, https:\/\/ostrowskatv.pl\/wp-content\/uploads\/2024\/03\/1000051083-01-300x189.jpeg 300w, https:\/\/ostrowskatv.pl\/wp-content\/uploads\/2024\/03\/1000051083-01-1333x840.jpeg 1333w, https:\/\/ostrowskatv.pl\/wp-content\/uploads\/2024\/03\/1000051083-01-1536x968.jpeg 1536w\" sizes=\"auto, (max-width: 1920px) 100vw, 1920px\" \/><\/p>\n<p><img loading=\"lazy\" decoding=\"async\" src=\"https:\/\/ostrowskatv.pl\/wp-content\/uploads\/2024\/03\/1000051084-01.jpeg\" alt=\"\" width=\"1920\" height=\"1440\" class=\"alignnone size-full wp-image-28701\" srcset=\"https:\/\/ostrowskatv.pl\/wp-content\/uploads\/2024\/03\/1000051084-01.jpeg 1920w, https:\/\/ostrowskatv.pl\/wp-content\/uploads\/2024\/03\/1000051084-01-300x225.jpeg 300w, https:\/\/ostrowskatv.pl\/wp-content\/uploads\/2024\/03\/1000051084-01-1333x1000.jpeg 1333w, https:\/\/ostrowskatv.pl\/wp-content\/uploads\/2024\/03\/1000051084-01-1536x1152.jpeg 1536w\" sizes=\"auto, (max-width: 1920px) 100vw, 1920px\" \/><\/p>\n<p><img loading=\"lazy\" decoding=\"async\" src=\"https:\/\/ostrowskatv.pl\/wp-content\/uploads\/2024\/03\/1000051085-01.jpeg\" alt=\"\" width=\"1920\" height=\"1440\" class=\"alignnone size-full wp-image-28702\" srcset=\"https:\/\/ostrowskatv.pl\/wp-content\/uploads\/2024\/03\/1000051085-01.jpeg 1920w, https:\/\/ostrowskatv.pl\/wp-content\/uploads\/2024\/03\/1000051085-01-300x225.jpeg 300w, https:\/\/ostrowskatv.pl\/wp-content\/uploads\/2024\/03\/1000051085-01-1333x1000.jpeg 1333w, https:\/\/ostrowskatv.pl\/wp-content\/uploads\/2024\/03\/1000051085-01-1536x1152.jpeg 1536w\" sizes=\"auto, (max-width: 1920px) 100vw, 1920px\" \/><\/p>\n<p><img loading=\"lazy\" decoding=\"async\" src=\"https:\/\/ostrowskatv.pl\/wp-content\/uploads\/2024\/03\/1000051086-01.jpeg\" alt=\"\" width=\"1920\" height=\"1440\" class=\"alignnone size-full wp-image-28703\" srcset=\"https:\/\/ostrowskatv.pl\/wp-content\/uploads\/2024\/03\/1000051086-01.jpeg 1920w, https:\/\/ostrowskatv.pl\/wp-content\/uploads\/2024\/03\/1000051086-01-300x225.jpeg 300w, https:\/\/ostrowskatv.pl\/wp-content\/uploads\/2024\/03\/1000051086-01-1333x1000.jpeg 1333w, https:\/\/ostrowskatv.pl\/wp-content\/uploads\/2024\/03\/1000051086-01-1536x1152.jpeg 1536w\" sizes=\"auto, (max-width: 1920px) 100vw, 1920px\" \/><\/p>\n","protected":false},"excerpt":{"rendered":"Kilkana\u015bcie minut po godzinie 3 w nocy zauwa\u017cono po\u017car na terenie jednej z posesji przy ulicy Bukowej w Ostrowie Wielkopolskim. Na miejsce wys\u0142ano \n<a class=\"moretag\" href=\"https:\/\/ostrowskatv.pl\/?p=28699\"> [...]<\/a>","protected":false},"author":1,"featured_media":28703,"comment_status":"open","ping_status":"closed","sticky":false,"template":"","format":"standard","meta":{"footnotes":""},"categories":[1],"tags":[2],"class_list":["post-28699","post","type-post","status-publish","format-standard","has-post-thumbnail","hentry","category-news","tag-ostrow-wielkopolski"],"_links":{"self":[{"href":"https:\/\/ostrowskatv.pl\/index.php?rest_route=\/wp\/v2\/posts\/28699","targetHints":{"allow":["GET"]}}],"collection":[{"href":"https:\/\/ostrowskatv.pl\/index.php?rest_route=\/wp\/v2\/posts"}],"about":[{"href":"https:\/\/ostrowskatv.pl\/index.php?rest_route=\/wp\/v2\/types\/post"}],"author":[{"embeddable":true,"href":"https:\/\/ostrowskatv.pl\/index.php?rest_route=\/wp\/v2\/users\/1"}],"replies":[{"embeddable":true,"href":"https:\/\/ostrowskatv.pl\/index.php?rest_route=%2Fwp%2Fv2%2Fcomments&post=28699"}],"version-history":[{"count":0,"href":"https:\/\/ostrowskatv.pl\/index.php?rest_route=\/wp\/v2\/posts\/28699\/revisions"}],"wp:featuredmedia":[{"embeddable":true,"href":"https:\/\/ostrowskatv.pl\/index.php?rest_route=\/wp\/v2\/media\/28703"}],"wp:attachment":[{"href":"https:\/\/ostrowskatv.pl\/index.php?rest_route=%2Fwp%2Fv2%2Fmedia&parent=28699"}],"wp:term":[{"taxonomy":"category","embeddable":true,"href":"https:\/\/ostrowskatv.pl\/index.php?rest_route=%2Fwp%2Fv2%2Fcategories&post=28699"},{"taxonomy":"post_tag","embeddable":true,"href":"https:\/\/ostrowskatv.pl\/index.php?rest_route=%2Fwp%2Fv2%2Ftags&post=28699"}],"curies":[{"name":"wp","href":"https:\/\/api.w.org\/{rel}","templated":true}]}}