{"id":286,"date":"2016-01-31T22:09:10","date_gmt":"2016-01-31T21:09:10","guid":{"rendered":"http:\/\/ostrowska.tv\/?p=286"},"modified":"2016-01-31T22:09:10","modified_gmt":"2016-01-31T21:09:10","slug":"szymczak-ostro-krytykuje-wodniczaka","status":"publish","type":"post","link":"https:\/\/ostrowskatv.pl\/?p=286","title":{"rendered":"Szymczak ostro krytykuje Wodniczaka"},"content":{"rendered":"<p><strong>Micha\u0142 Szymczak, wiceprezes \u017bKS Ostrovii postanowi\u0142 si\u0119 odnie\u015b\u0107\u00a0 do doniesie\u0144 nt. ch\u0119ci przej\u0119cia rzeszowskiego klubu przez Miros\u0142awa Wodniczaka<\/strong>.<\/p>\n<p><strong>Szymczak<\/strong> wyrazi\u0142 zdumienie wypowiedziami <strong>Miros\u0142awa Wodniczaka<\/strong> dla portalu WP SportoweFakty. Zastanawia\u0142 si\u0119 tak\u017ce na jakiej podstawie <strong>Miros\u0142aw Wodniczak<\/strong> odebra\u0142 nagrod\u0119, kt\u00f3ra by\u0142a dla \u017bKS Ostrovii.<\/p>\n<p><em>&#8211; Pragn\u0119 przypomnie\u0107, \u017ce <strong>Miros\u0142aw Wodniczak<\/strong> z\u0142o\u017cy\u0142 rezygnacj\u0119 z funkcji prezesa po &#8222;aferze butowej&#8221;. Tym samym uchroni\u0142 si\u0119 przed kar\u0105, kt\u00f3r\u0105 otrzyma\u0142by od GKS\u017b. Teraz ten pan odbiera nagrody i udziela wywiad\u00f3w niczym ojciec sukces\u00f3w, kt\u00f3re wiemy jak si\u0119 zako\u0144czy\u0142y. &#8211; powiedzia\u0142<strong> Micha\u0142 Szymczak<\/strong><\/em><\/p>\n<p><strong>Micha\u0142 Szymczak<\/strong> powiedzia\u0142 w rozmowie z nami, \u017ce wci\u0105\u017c do klubu przychodz\u0105 \u017c\u0105dania zap\u0142aty za rzeczy, kt\u00f3re do tej pory nie by\u0142y znane wiceprezesom. Chodzi o zap\u0142at\u0119 jednej z ostrowskich restauracji 47 tys. z\u0142 czy tez zwrot do Urz\u0119du Wojew\u00f3dzkiego kwoty 17 tys. plus odsetki za dwa lata za niewywi\u0105zanie si\u0119 za reklam\u0119 w ramach Mistrzostw \u015awiata Junior\u00f3w.<\/p>\n<p>&#8211; <em><strong>Miros\u0142aw Wodniczak<\/strong> zostawi\u0142 klub w fatalnej sytuacji finansowej. Zar\u00f3wno ja, jak i drugi wiceprezes<strong> Zbigniew Warga<\/strong> nie mieli\u015bmy wiedzy nt. realnej sytuacji klubu. Prezes <strong>Wodniczak<\/strong> m\u00f3wi\u0142 nam tylko, \u017ce d\u0142ug\u00f3w nie ma, bo on za\u0142atwi to ze sponsorami. Dopiero kiedy firma Dreier nie zap\u0142aci\u0142a zadeklarowanych pieni\u0119dzy, zacz\u0119li\u015bmy, jako wiceprezesi, mocno naciska\u0107 na wgl\u0105d w sytuacj\u0119 finansow\u0105 klubu. Wtedy okaza\u0142o si\u0119, \u017ce jest ponad milion z\u0142otych d\u0142ugu.<\/em> &#8211; powiedzia\u0142 <strong>Micha\u0142 Szymczak<\/strong><\/p>\n<p>Zastrze\u017cenia r\u00f3wnie\u017c dotycz\u0105 SEC. <strong>Micha\u0142 Szymczak<\/strong> zauwa\u017ca, \u017ce prezes<strong> Wodniczak<\/strong> nie da\u0142 mo\u017cliwo\u015bci negocjacji warunk\u00f3w ani jemu ani <strong>Zbigniewowi Wardze.<\/strong><\/p>\n<p>Przypomnijmy, \u017ce w czasie dzia\u0142alno\u015bci \u017bKS Ostrovia nie by\u0142y organizowane spotkania z cz\u0142onkami stowarzyszenia. Nie by\u0142o przejrzysto\u015bci finansowej, tak bardzo potrzebnej przy obrocie du\u017cymi kwotami.<br \/>\nNa koniec <strong>Micha\u0142 Szymczak<\/strong> odni\u00f3s\u0142 si\u0119 do zarzut\u00f3w wyg\u0142aszanych na forum kibic\u00f3w.<em> &#8211; Nie mog\u0119 si\u0119 zgodzi\u0107 z zarzutami i\u017c to przeze mnie nie b\u0119dzie je\u017adzi\u0107 klub Sparta Wroc\u0142aw na ostrowskim stadionie. Fakty s\u0105 takie, \u017ce nie uczestniczy\u0142em nawet w rozmowach z tym klubem, poniewa\u017c nie otrzyma\u0142em zaproszenia do rozm\u00f3w. &#8211; zako\u0144czy\u0142 <strong>Szymczak<\/strong><\/em>.<\/p>\n","protected":false},"excerpt":{"rendered":"Micha\u0142 Szymczak, wiceprezes \u017bKS Ostrovii postanowi\u0142 si\u0119 odnie\u015b\u0107\u00a0 do doniesie\u0144 nt. ch\u0119ci przej\u0119cia rzeszowskiego klubu przez Miros\u0142awa Wodniczaka. Szymczak wyrazi\u0142 zdumienie wypowiedziami Miros\u0142awa \n<a class=\"moretag\" href=\"https:\/\/ostrowskatv.pl\/?p=286\"> [...]<\/a>","protected":false},"author":1,"featured_media":287,"comment_status":"open","ping_status":"open","sticky":false,"template":"","format":"standard","meta":{"footnotes":""},"categories":[1],"tags":[8],"class_list":["post-286","post","type-post","status-publish","format-standard","has-post-thumbnail","hentry","category-news","tag-zuzel"],"_links":{"self":[{"href":"https:\/\/ostrowskatv.pl\/index.php?rest_route=\/wp\/v2\/posts\/286","targetHints":{"allow":["GET"]}}],"collection":[{"href":"https:\/\/ostrowskatv.pl\/index.php?rest_route=\/wp\/v2\/posts"}],"about":[{"href":"https:\/\/ostrowskatv.pl\/index.php?rest_route=\/wp\/v2\/types\/post"}],"author":[{"embeddable":true,"href":"https:\/\/ostrowskatv.pl\/index.php?rest_route=\/wp\/v2\/users\/1"}],"replies":[{"embeddable":true,"href":"https:\/\/ostrowskatv.pl\/index.php?rest_route=%2Fwp%2Fv2%2Fcomments&post=286"}],"version-history":[{"count":0,"href":"https:\/\/ostrowskatv.pl\/index.php?rest_route=\/wp\/v2\/posts\/286\/revisions"}],"wp:featuredmedia":[{"embeddable":true,"href":"https:\/\/ostrowskatv.pl\/index.php?rest_route=\/wp\/v2\/media\/287"}],"wp:attachment":[{"href":"https:\/\/ostrowskatv.pl\/index.php?rest_route=%2Fwp%2Fv2%2Fmedia&parent=286"}],"wp:term":[{"taxonomy":"category","embeddable":true,"href":"https:\/\/ostrowskatv.pl\/index.php?rest_route=%2Fwp%2Fv2%2Fcategories&post=286"},{"taxonomy":"post_tag","embeddable":true,"href":"https:\/\/ostrowskatv.pl\/index.php?rest_route=%2Fwp%2Fv2%2Ftags&post=286"}],"curies":[{"name":"wp","href":"https:\/\/api.w.org\/{rel}","templated":true}]}}