{"id":28599,"date":"2024-03-13T15:49:56","date_gmt":"2024-03-13T14:49:56","guid":{"rendered":"https:\/\/ostrowskatv.pl\/?p=28599"},"modified":"2024-03-13T15:49:56","modified_gmt":"2024-03-13T14:49:56","slug":"porsche-wjechalo-w-kamienice","status":"publish","type":"post","link":"https:\/\/ostrowskatv.pl\/?p=28599","title":{"rendered":"Porsche wjecha\u0142o w kamienic\u0119"},"content":{"rendered":"<p>Po godzinie 15.30 dosz\u0142o do wypadku na ulicy Kaliskiej w Ostrowie Wielkopolskim. Porsche wjecha\u0142o w kamienic\u0119.<\/p>\n<p><img loading=\"lazy\" decoding=\"async\" src=\"https:\/\/ostrowskatv.pl\/wp-content\/uploads\/2024\/03\/1000050184-01.jpeg\" alt=\"\" width=\"1920\" height=\"1440\" class=\"alignnone size-full wp-image-28600\" srcset=\"https:\/\/ostrowskatv.pl\/wp-content\/uploads\/2024\/03\/1000050184-01.jpeg 1920w, https:\/\/ostrowskatv.pl\/wp-content\/uploads\/2024\/03\/1000050184-01-300x225.jpeg 300w, https:\/\/ostrowskatv.pl\/wp-content\/uploads\/2024\/03\/1000050184-01-1333x1000.jpeg 1333w, https:\/\/ostrowskatv.pl\/wp-content\/uploads\/2024\/03\/1000050184-01-1536x1152.jpeg 1536w\" sizes=\"auto, (max-width: 1920px) 100vw, 1920px\" \/><\/p>\n<p><img loading=\"lazy\" decoding=\"async\" src=\"https:\/\/ostrowskatv.pl\/wp-content\/uploads\/2024\/03\/1000050185-01.jpeg\" alt=\"\" width=\"1920\" height=\"1440\" class=\"alignnone size-full wp-image-28601\" srcset=\"https:\/\/ostrowskatv.pl\/wp-content\/uploads\/2024\/03\/1000050185-01.jpeg 1920w, https:\/\/ostrowskatv.pl\/wp-content\/uploads\/2024\/03\/1000050185-01-300x225.jpeg 300w, https:\/\/ostrowskatv.pl\/wp-content\/uploads\/2024\/03\/1000050185-01-1333x1000.jpeg 1333w, https:\/\/ostrowskatv.pl\/wp-content\/uploads\/2024\/03\/1000050185-01-1536x1152.jpeg 1536w\" sizes=\"auto, (max-width: 1920px) 100vw, 1920px\" \/><\/p>\n<p><img loading=\"lazy\" decoding=\"async\" src=\"https:\/\/ostrowskatv.pl\/wp-content\/uploads\/2024\/03\/1000050183-01.jpeg\" alt=\"\" width=\"1920\" height=\"1144\" class=\"alignnone size-full wp-image-28602\" srcset=\"https:\/\/ostrowskatv.pl\/wp-content\/uploads\/2024\/03\/1000050183-01.jpeg 1920w, https:\/\/ostrowskatv.pl\/wp-content\/uploads\/2024\/03\/1000050183-01-300x179.jpeg 300w, https:\/\/ostrowskatv.pl\/wp-content\/uploads\/2024\/03\/1000050183-01-1333x794.jpeg 1333w, https:\/\/ostrowskatv.pl\/wp-content\/uploads\/2024\/03\/1000050183-01-1536x915.jpeg 1536w\" sizes=\"auto, (max-width: 1920px) 100vw, 1920px\" \/><\/p>\n<p><img loading=\"lazy\" decoding=\"async\" src=\"https:\/\/ostrowskatv.pl\/wp-content\/uploads\/2024\/03\/1000050182-01.jpeg\" alt=\"\" width=\"1920\" height=\"1315\" class=\"alignnone size-full wp-image-28603\" srcset=\"https:\/\/ostrowskatv.pl\/wp-content\/uploads\/2024\/03\/1000050182-01.jpeg 1920w, https:\/\/ostrowskatv.pl\/wp-content\/uploads\/2024\/03\/1000050182-01-300x205.jpeg 300w, https:\/\/ostrowskatv.pl\/wp-content\/uploads\/2024\/03\/1000050182-01-1333x913.jpeg 1333w, https:\/\/ostrowskatv.pl\/wp-content\/uploads\/2024\/03\/1000050182-01-1536x1052.jpeg 1536w\" sizes=\"auto, (max-width: 1920px) 100vw, 1920px\" \/><\/p>\n","protected":false},"excerpt":{"rendered":"Po godzinie 15.30 dosz\u0142o do wypadku na ulicy Kaliskiej w Ostrowie Wielkopolskim. Porsche wjecha\u0142o w kamienic\u0119.\n<a class=\"moretag\" href=\"https:\/\/ostrowskatv.pl\/?p=28599\"> [...]<\/a>","protected":false},"author":1,"featured_media":28602,"comment_status":"open","ping_status":"closed","sticky":false,"template":"","format":"standard","meta":{"footnotes":""},"categories":[1],"tags":[2],"class_list":["post-28599","post","type-post","status-publish","format-standard","has-post-thumbnail","hentry","category-news","tag-ostrow-wielkopolski"],"_links":{"self":[{"href":"https:\/\/ostrowskatv.pl\/index.php?rest_route=\/wp\/v2\/posts\/28599","targetHints":{"allow":["GET"]}}],"collection":[{"href":"https:\/\/ostrowskatv.pl\/index.php?rest_route=\/wp\/v2\/posts"}],"about":[{"href":"https:\/\/ostrowskatv.pl\/index.php?rest_route=\/wp\/v2\/types\/post"}],"author":[{"embeddable":true,"href":"https:\/\/ostrowskatv.pl\/index.php?rest_route=\/wp\/v2\/users\/1"}],"replies":[{"embeddable":true,"href":"https:\/\/ostrowskatv.pl\/index.php?rest_route=%2Fwp%2Fv2%2Fcomments&post=28599"}],"version-history":[{"count":0,"href":"https:\/\/ostrowskatv.pl\/index.php?rest_route=\/wp\/v2\/posts\/28599\/revisions"}],"wp:featuredmedia":[{"embeddable":true,"href":"https:\/\/ostrowskatv.pl\/index.php?rest_route=\/wp\/v2\/media\/28602"}],"wp:attachment":[{"href":"https:\/\/ostrowskatv.pl\/index.php?rest_route=%2Fwp%2Fv2%2Fmedia&parent=28599"}],"wp:term":[{"taxonomy":"category","embeddable":true,"href":"https:\/\/ostrowskatv.pl\/index.php?rest_route=%2Fwp%2Fv2%2Fcategories&post=28599"},{"taxonomy":"post_tag","embeddable":true,"href":"https:\/\/ostrowskatv.pl\/index.php?rest_route=%2Fwp%2Fv2%2Ftags&post=28599"}],"curies":[{"name":"wp","href":"https:\/\/api.w.org\/{rel}","templated":true}]}}