{"id":28581,"date":"2024-03-07T18:18:36","date_gmt":"2024-03-07T17:18:36","guid":{"rendered":"https:\/\/ostrowskatv.pl\/?p=28581"},"modified":"2024-03-07T18:18:36","modified_gmt":"2024-03-07T17:18:36","slug":"28581","status":"publish","type":"post","link":"https:\/\/ostrowskatv.pl\/?p=28581","title":{"rendered":""},"content":{"rendered":"<div data-event-position-context=\"atomsArticleLead\"><strong>Kilka dni temu w Odolanowie odby\u0142a si\u0119 uroczysto\u015b\u0107 ods\u0142oni\u0119cia pomnika bitwy pod Odolanowem oraz murala Jana Kempi\u0144skiego &#8222;B\u0142yska&#8221;, b\u0119d\u0105cego jednym z \u017bo\u0142nierzy Wykl\u0119tych.<\/strong><\/div>\n<div data-event-position-context=\"atomsArticleLead\"><\/div>\n<div class=\"atomsArticleLead component\" data-event-position-context=\"atomsArticleLead\">Na pomys\u0142 upami\u0119tnienia patriot\u00f3w wpadli Bogus\u0142aw Cebulski &#8211; prezes Stowarzyszenia Trze\u017awo\u015bci Centrum Integracji Spo\u0142ecznej oraz Stowarzyszenia &#8222;Dolina Baryczy&#8221; oraz ostrowianin Mariusz Bolach, na co dzie\u0144 prezes Ostrowskiego Zak\u0142adu Ciep\u0142owniczego.<\/div>\n<div data-event-position-context=\"atomsArticleLead\"><\/div>\n<div data-event-position-context=\"atomsArticleLead\">Miejsce pami\u0119ci zlokalizowano przy skrzy\u017cowaniu ulic Raszkowskiej i Chwaliszewskiej w Odolanowie. To w\u0142a\u015bnie w tym miejscu mia\u0142a miejsce bitwa \u017co\u0142nierzy Wielkopolskiej Samodzielnej Grupy Operacyjnej &#8222;Warta&#8221; z oddzia\u0142ami komunistycznymi. Na pobliskim cmentarzu pochowano 8 nieznanych \u017co\u0142nierzy z oddzia\u0142u &#8222;B\u0142yska&#8221;.<\/div>\n<div data-event-position-context=\"atomsArticleLead\"><\/div>\n<div id=\"componentsArticleContent917351988\" class=\"componentsArticleContent componentsArticleContent--withExtraPadding component\" data-event-position-context=\"componentsArticleContent\">\n<div class=\"md\">\n<p>Uroczysto\u015b\u0107 rozpocz\u0119\u0142a si\u0119\u00a0 od Hymnu Polski. Nast\u0119pnie race odpali\u0142a grupa z Ostrowa Wlkp. Histori\u0119 oddzia\u0142u przypomnia\u0142 historyk Tomasz \u0141awniczak. Ca\u0142o\u015b\u0107 zako\u0144czy\u0142 apel poleg\u0142ych.<\/p>\n<\/div>\n<div class=\"md\">\n<p>Jan Kempi\u0144ski \u201eB\u0142ysk&#8221; urodzi\u0142 si\u0119 4 lutego 1921 r. w Jask\u00f3\u0142kach w powiecie ostrowskim. Walk\u0119 z niemieckim okupantem rozpocz\u0105\u0142 w m\u0142odym wieku jako cz\u0142onek Zwi\u0105zku Walki Zbrojnej, a potem Armii Krajowej. Po rozbicie oddzia\u0142u Narodowych Si\u0142 Zbrojnych wr\u00f3ci\u0142 do wielkopolski i zosta\u0142 oficerem Wielkopolskiej Samodzielnej Grupy Operacyjnej \u201eWarta&#8221;. Dzia\u0142a\u0142 na terenie kilku powiat\u00f3w m.in. powiatu krotoszy\u0144skiego, rozbijaj\u0105c posterunki Milicji Obywatelskiej w Sulmierzycach, czy Ko\u017aminie. Jego oddzia\u0142 zosta\u0142 okr\u0105\u017cony pod Odolanowem, kt\u00f3ry wcze\u015bniej zaj\u0119li ludzie \u201eB\u0142yska&#8221;. W walce poleg\u0142o 24 partyzant\u00f3w (pochowek 8 z nich odby\u0142 si\u0119 dopiero w 2021 r.), a Kempi\u0144skiemu uda\u0142o si\u0119 wydosta\u0107. Zosta\u0142 jednak rozpoznany pod koniec 1945 r. w Poznaniu, aresztowany i skazany na kar\u0119 \u015bmierci, kt\u00f3r\u0105 wykonano 21 czerwca 1946 r., gdy mia\u0142 ledwie 25 lat. By\u0142 odznaczony Krzy\u017cem Z\u0142otym i Krzy\u017cem Srebrnym Orderu Wojennego Virtuti Militari, czterokrotnie Krzy\u017cem Walecznych oraz Br\u0105zowym Krzy\u017cem Zas\u0142ugi z Mieczami.<\/p>\n<\/div>\n<\/div>\n<p>&nbsp;<\/p>\n<p><iframe loading=\"lazy\" title=\"Uroczysto\u015b\u0107 ods\u0142oni\u0119cia pomnika B\u0142yska - \u017bo\u0142nierz Wykl\u0119ty\" width=\"747\" height=\"420\" src=\"https:\/\/www.youtube.com\/embed\/hxxJ60aaWS8?feature=oembed\" frameborder=\"0\" allow=\"accelerometer; autoplay; clipboard-write; encrypted-media; gyroscope; picture-in-picture; web-share\" referrerpolicy=\"strict-origin-when-cross-origin\" allowfullscreen><\/iframe><\/p>\n","protected":false},"excerpt":{"rendered":"Kilka dni temu w Odolanowie odby\u0142a si\u0119 uroczysto\u015b\u0107 ods\u0142oni\u0119cia pomnika bitwy pod Odolanowem oraz murala Jana Kempi\u0144skiego &#8222;B\u0142yska&#8221;, b\u0119d\u0105cego jednym z \u017bo\u0142nierzy Wykl\u0119tych. \n<a class=\"moretag\" href=\"https:\/\/ostrowskatv.pl\/?p=28581\"> [...]<\/a>","protected":false},"author":1,"featured_media":28582,"comment_status":"open","ping_status":"closed","sticky":false,"template":"","format":"standard","meta":{"footnotes":""},"categories":[1],"tags":[38],"class_list":["post-28581","post","type-post","status-publish","format-standard","has-post-thumbnail","hentry","category-news","tag-odolanow"],"_links":{"self":[{"href":"https:\/\/ostrowskatv.pl\/index.php?rest_route=\/wp\/v2\/posts\/28581","targetHints":{"allow":["GET"]}}],"collection":[{"href":"https:\/\/ostrowskatv.pl\/index.php?rest_route=\/wp\/v2\/posts"}],"about":[{"href":"https:\/\/ostrowskatv.pl\/index.php?rest_route=\/wp\/v2\/types\/post"}],"author":[{"embeddable":true,"href":"https:\/\/ostrowskatv.pl\/index.php?rest_route=\/wp\/v2\/users\/1"}],"replies":[{"embeddable":true,"href":"https:\/\/ostrowskatv.pl\/index.php?rest_route=%2Fwp%2Fv2%2Fcomments&post=28581"}],"version-history":[{"count":0,"href":"https:\/\/ostrowskatv.pl\/index.php?rest_route=\/wp\/v2\/posts\/28581\/revisions"}],"wp:featuredmedia":[{"embeddable":true,"href":"https:\/\/ostrowskatv.pl\/index.php?rest_route=\/wp\/v2\/media\/28582"}],"wp:attachment":[{"href":"https:\/\/ostrowskatv.pl\/index.php?rest_route=%2Fwp%2Fv2%2Fmedia&parent=28581"}],"wp:term":[{"taxonomy":"category","embeddable":true,"href":"https:\/\/ostrowskatv.pl\/index.php?rest_route=%2Fwp%2Fv2%2Fcategories&post=28581"},{"taxonomy":"post_tag","embeddable":true,"href":"https:\/\/ostrowskatv.pl\/index.php?rest_route=%2Fwp%2Fv2%2Ftags&post=28581"}],"curies":[{"name":"wp","href":"https:\/\/api.w.org\/{rel}","templated":true}]}}