{"id":28567,"date":"2024-03-07T12:35:36","date_gmt":"2024-03-07T11:35:36","guid":{"rendered":"https:\/\/ostrowskatv.pl\/?p=28567"},"modified":"2024-03-07T12:35:36","modified_gmt":"2024-03-07T11:35:36","slug":"kandydaci-do-miasta-koalicja-obywatelska","status":"publish","type":"post","link":"https:\/\/ostrowskatv.pl\/?p=28567","title":{"rendered":"Kandydaci do Miasta &#8211; Koalicja Obywatelska"},"content":{"rendered":"<p><strong>Dzi\u015b przed ratuszem zaprezentowano kandydat\u00f3w, kt\u00f3rzy chcieliby dosta\u0107 si\u0119 do Rady Miejskiej Ostrowa Wielkopolskiego. Lista z kt\u00f3rej wystartuj\u0105 to Koalicja Obywatelska, na kt\u00f3rej czele stoi Donald Tusk.<\/strong><\/p>\n<p><img loading=\"lazy\" decoding=\"async\" src=\"https:\/\/ostrowskatv.pl\/wp-content\/uploads\/2024\/03\/1000048035-01.jpeg\" alt=\"\" width=\"1920\" height=\"1440\" class=\"alignnone size-full wp-image-28570\" srcset=\"https:\/\/ostrowskatv.pl\/wp-content\/uploads\/2024\/03\/1000048035-01.jpeg 1920w, https:\/\/ostrowskatv.pl\/wp-content\/uploads\/2024\/03\/1000048035-01-300x225.jpeg 300w, https:\/\/ostrowskatv.pl\/wp-content\/uploads\/2024\/03\/1000048035-01-1333x1000.jpeg 1333w, https:\/\/ostrowskatv.pl\/wp-content\/uploads\/2024\/03\/1000048035-01-1536x1152.jpeg 1536w\" sizes=\"auto, (max-width: 1920px) 100vw, 1920px\" \/><\/p>\n<p><img loading=\"lazy\" decoding=\"async\" src=\"https:\/\/ostrowskatv.pl\/wp-content\/uploads\/2024\/03\/1000048034-01.jpeg\" alt=\"\" width=\"1920\" height=\"1440\" class=\"alignnone size-full wp-image-28571\" srcset=\"https:\/\/ostrowskatv.pl\/wp-content\/uploads\/2024\/03\/1000048034-01.jpeg 1920w, https:\/\/ostrowskatv.pl\/wp-content\/uploads\/2024\/03\/1000048034-01-300x225.jpeg 300w, https:\/\/ostrowskatv.pl\/wp-content\/uploads\/2024\/03\/1000048034-01-1333x1000.jpeg 1333w, https:\/\/ostrowskatv.pl\/wp-content\/uploads\/2024\/03\/1000048034-01-1536x1152.jpeg 1536w\" sizes=\"auto, (max-width: 1920px) 100vw, 1920px\" \/><\/p>\n<p><img loading=\"lazy\" decoding=\"async\" src=\"https:\/\/ostrowskatv.pl\/wp-content\/uploads\/2024\/03\/1000048033-01.jpeg\" alt=\"\" width=\"1920\" height=\"1440\" class=\"alignnone size-full wp-image-28572\" srcset=\"https:\/\/ostrowskatv.pl\/wp-content\/uploads\/2024\/03\/1000048033-01.jpeg 1920w, https:\/\/ostrowskatv.pl\/wp-content\/uploads\/2024\/03\/1000048033-01-300x225.jpeg 300w, https:\/\/ostrowskatv.pl\/wp-content\/uploads\/2024\/03\/1000048033-01-1333x1000.jpeg 1333w, https:\/\/ostrowskatv.pl\/wp-content\/uploads\/2024\/03\/1000048033-01-1536x1152.jpeg 1536w\" sizes=\"auto, (max-width: 1920px) 100vw, 1920px\" \/><\/p>\n<p><img loading=\"lazy\" decoding=\"async\" src=\"https:\/\/ostrowskatv.pl\/wp-content\/uploads\/2024\/03\/1000048032-01.jpeg\" alt=\"\" width=\"1920\" height=\"1440\" class=\"alignnone size-full wp-image-28573\" srcset=\"https:\/\/ostrowskatv.pl\/wp-content\/uploads\/2024\/03\/1000048032-01.jpeg 1920w, https:\/\/ostrowskatv.pl\/wp-content\/uploads\/2024\/03\/1000048032-01-300x225.jpeg 300w, https:\/\/ostrowskatv.pl\/wp-content\/uploads\/2024\/03\/1000048032-01-1333x1000.jpeg 1333w, https:\/\/ostrowskatv.pl\/wp-content\/uploads\/2024\/03\/1000048032-01-1536x1152.jpeg 1536w\" sizes=\"auto, (max-width: 1920px) 100vw, 1920px\" \/><\/p>\n<p><img loading=\"lazy\" decoding=\"async\" src=\"https:\/\/ostrowskatv.pl\/wp-content\/uploads\/2024\/03\/1000048031-01.jpeg\" alt=\"\" width=\"1920\" height=\"1440\" class=\"alignnone size-full wp-image-28574\" srcset=\"https:\/\/ostrowskatv.pl\/wp-content\/uploads\/2024\/03\/1000048031-01.jpeg 1920w, https:\/\/ostrowskatv.pl\/wp-content\/uploads\/2024\/03\/1000048031-01-300x225.jpeg 300w, https:\/\/ostrowskatv.pl\/wp-content\/uploads\/2024\/03\/1000048031-01-1333x1000.jpeg 1333w, https:\/\/ostrowskatv.pl\/wp-content\/uploads\/2024\/03\/1000048031-01-1536x1152.jpeg 1536w\" sizes=\"auto, (max-width: 1920px) 100vw, 1920px\" \/><\/p>\n<p><img loading=\"lazy\" decoding=\"async\" src=\"https:\/\/ostrowskatv.pl\/wp-content\/uploads\/2024\/03\/1000048030-01.jpeg\" alt=\"\" width=\"1920\" height=\"1004\" class=\"alignnone size-full wp-image-28575\" srcset=\"https:\/\/ostrowskatv.pl\/wp-content\/uploads\/2024\/03\/1000048030-01.jpeg 1920w, https:\/\/ostrowskatv.pl\/wp-content\/uploads\/2024\/03\/1000048030-01-300x157.jpeg 300w, https:\/\/ostrowskatv.pl\/wp-content\/uploads\/2024\/03\/1000048030-01-1333x697.jpeg 1333w, https:\/\/ostrowskatv.pl\/wp-content\/uploads\/2024\/03\/1000048030-01-1536x803.jpeg 1536w\" sizes=\"auto, (max-width: 1920px) 100vw, 1920px\" \/><\/p>\n<p>Kandydaci w okr\u0119gu wyborczym nr 1<\/p>\n<table width=\"0\">\n<thead>\n<tr>\n<td width=\"47\"><strong>Nr na li\u015bcie<\/strong><\/td>\n<td width=\"236\"><strong>Nazwisko i imiona<\/strong><\/td>\n<td width=\"3\"><strong>\u00a0<\/strong><\/td>\n<td width=\"53\"><strong>Wiek<\/strong><\/td>\n<\/tr>\n<\/thead>\n<tbody>\n<tr>\n<td width=\"47\">1<\/td>\n<td width=\"236\">HERWICH Marian Henryk<\/td>\n<td width=\"3\"><\/td>\n<td width=\"53\">76<\/td>\n<\/tr>\n<tr>\n<td width=\"47\">2<\/td>\n<td width=\"236\">J\u0118DRZEJAK \u0141ukasz Micha\u0142<\/td>\n<td width=\"3\"><\/td>\n<td width=\"53\">45<\/td>\n<\/tr>\n<tr>\n<td width=\"47\">3<\/td>\n<td width=\"236\">MICHALAK Justyna Anna<\/td>\n<td width=\"3\"><\/td>\n<td width=\"53\">43<\/td>\n<\/tr>\n<tr>\n<td width=\"47\">4<\/td>\n<td width=\"236\">URBAN Karol<\/td>\n<td width=\"3\"><\/td>\n<td width=\"53\">50<\/td>\n<\/tr>\n<tr>\n<td width=\"47\">5<\/td>\n<td width=\"236\">TOMCZAK Kamil Stanis\u0142aw<\/td>\n<td width=\"3\"><\/td>\n<td width=\"53\">34<\/td>\n<\/tr>\n<tr>\n<td width=\"47\">6<\/td>\n<td width=\"236\">RODRIGUES Kamila<\/td>\n<td width=\"3\"><\/td>\n<td width=\"53\">42<\/td>\n<\/tr>\n<tr>\n<td width=\"47\">7<\/td>\n<td width=\"236\">R\u00d3\u017bALSKA Sylwia Maria<\/td>\n<td width=\"3\"><\/td>\n<td width=\"53\">46<\/td>\n<\/tr>\n<tr>\n<td width=\"47\">8<\/td>\n<td width=\"236\">HYLINSKA Monika<\/td>\n<td width=\"3\"><\/td>\n<td width=\"53\">21<\/td>\n<\/tr>\n<tr>\n<td width=\"47\">9<\/td>\n<td width=\"236\">ORGANISTA Agnieszka<\/td>\n<td width=\"3\"><\/td>\n<td width=\"53\">51<\/td>\n<\/tr>\n<tr>\n<td width=\"47\">10<\/td>\n<td width=\"236\">\u017bELANOWSKI S\u0142awoj Jaros\u0142aw<\/td>\n<td width=\"3\"><\/td>\n<td width=\"53\">28<\/td>\n<\/tr>\n<\/tbody>\n<\/table>\n<p>Kandydaci w okr\u0119gu wyborczym nr 2<\/p>\n<table width=\"0\">\n<thead>\n<tr>\n<td width=\"56\"><strong>Nr na li\u015bcie<\/strong><\/td>\n<td width=\"246\"><strong>Nazwisko i imiona<\/strong><\/td>\n<td width=\"3\"><strong>\u00a0<\/strong><\/td>\n<td width=\"44\"><strong>Wiek<\/strong><\/td>\n<\/tr>\n<\/thead>\n<tbody>\n<tr>\n<td width=\"56\">1<\/td>\n<td width=\"246\">KRYSZTOFIAK Przemys\u0142aw Walenty<\/td>\n<td width=\"3\"><\/td>\n<td width=\"44\">45<\/td>\n<\/tr>\n<tr>\n<td width=\"56\">2<\/td>\n<td width=\"246\">GRZESZCZYK Damian \u0141ukasz<\/td>\n<td width=\"3\"><\/td>\n<td width=\"44\">42<\/td>\n<\/tr>\n<tr>\n<td width=\"56\">3<\/td>\n<td width=\"246\">J\u0118DROCH Ma\u0142gorzata Zofia<\/td>\n<td width=\"3\"><\/td>\n<td width=\"44\">56<\/td>\n<\/tr>\n<tr>\n<td width=\"56\">4<\/td>\n<td width=\"246\">MACIASZEK Marta<\/td>\n<td width=\"3\"><\/td>\n<td width=\"44\">34<\/td>\n<\/tr>\n<tr>\n<td width=\"56\">5<\/td>\n<td width=\"246\">MOTYLEWSKI Alojzy Ignacy<\/td>\n<td width=\"3\"><\/td>\n<td width=\"44\">75<\/td>\n<\/tr>\n<tr>\n<td width=\"56\">6<\/td>\n<td width=\"246\">BARCZAK Paulina Natalia<\/td>\n<td width=\"3\"><\/td>\n<td width=\"44\">37<\/td>\n<\/tr>\n<tr>\n<td width=\"56\">7<\/td>\n<td width=\"246\">JADCZAK Maciej Pawe\u0142<\/td>\n<td width=\"3\"><\/td>\n<td width=\"44\">44<\/td>\n<\/tr>\n<tr>\n<td width=\"56\">8<\/td>\n<td width=\"246\">KOWALSKI Rados\u0142aw<\/td>\n<td width=\"3\"><\/td>\n<td width=\"44\">52<\/td>\n<\/tr>\n<tr>\n<td width=\"56\">9<\/td>\n<td width=\"246\">SKRZYPEK Magdalena Marta<\/td>\n<td width=\"3\"><\/td>\n<td width=\"44\">54<\/td>\n<\/tr>\n<tr>\n<td width=\"56\">10<\/td>\n<td width=\"246\">SZWA\u0141EK \u0141ukasz Hieronim<\/td>\n<td width=\"3\"><\/td>\n<td width=\"44\">37<\/td>\n<\/tr>\n<\/tbody>\n<\/table>\n<p>Kandydaci w okr\u0119gu wyborczym nr 3<\/p>\n<table width=\"0\">\n<thead>\n<tr>\n<td width=\"56\"><strong>Nr na li\u015bcie<\/strong><\/td>\n<td width=\"245\"><strong>Nazwisko i imiona<\/strong><\/td>\n<td width=\"3\"><strong>\u00a0<\/strong><\/td>\n<td width=\"35\"><strong>Wiek<\/strong><\/td>\n<\/tr>\n<\/thead>\n<tbody>\n<tr>\n<td>1<\/td>\n<td width=\"245\">PADUCH Jakub Piotr<\/td>\n<td width=\"3\"><\/td>\n<td width=\"35\">31<\/td>\n<\/tr>\n<tr>\n<td>2<\/td>\n<td width=\"245\">KORNASZEWSKI Andrzej Kazimierz<\/td>\n<td width=\"3\"><\/td>\n<td width=\"35\">71<\/td>\n<\/tr>\n<tr>\n<td>3<\/td>\n<td width=\"245\">NOWICKA Sylwia Katarzyna<\/td>\n<td width=\"3\"><\/td>\n<td width=\"35\">49<\/td>\n<\/tr>\n<tr>\n<td>4<\/td>\n<td width=\"245\">KRYSIK Dariusz Tadeusz<\/td>\n<td width=\"3\"><\/td>\n<td width=\"35\">57<\/td>\n<\/tr>\n<tr>\n<td>5<\/td>\n<td width=\"245\">MIKULSKA Katarzyna<\/td>\n<td width=\"3\"><\/td>\n<td width=\"35\">38<\/td>\n<\/tr>\n<tr>\n<td>6<\/td>\n<td width=\"245\">PIROS Joanna Maria<\/td>\n<td width=\"3\"><\/td>\n<td width=\"35\">43<\/td>\n<\/tr>\n<tr>\n<td>7<\/td>\n<td width=\"245\">KONOPIELKO Rafa\u0142 \u0141ukasz<\/td>\n<td width=\"3\"><\/td>\n<td width=\"35\">41<\/td>\n<\/tr>\n<tr>\n<td>8<\/td>\n<td width=\"245\">SZYMA\u0143SKA Ewa Anna<\/td>\n<td width=\"3\"><\/td>\n<td width=\"35\">45<\/td>\n<\/tr>\n<tr>\n<td>9<\/td>\n<td width=\"245\">SIERA\u0143SKI Kamil Aleksander<\/td>\n<td width=\"3\"><\/td>\n<td width=\"35\">39<\/td>\n<\/tr>\n<\/tbody>\n<\/table>\n","protected":false},"excerpt":{"rendered":"Dzi\u015b przed ratuszem zaprezentowano kandydat\u00f3w, kt\u00f3rzy chcieliby dosta\u0107 si\u0119 do Rady Miejskiej Ostrowa Wielkopolskiego. Lista z kt\u00f3rej wystartuj\u0105 to Koalicja Obywatelska, na kt\u00f3rej \n<a class=\"moretag\" href=\"https:\/\/ostrowskatv.pl\/?p=28567\"> [...]<\/a>","protected":false},"author":1,"featured_media":28575,"comment_status":"open","ping_status":"closed","sticky":false,"template":"","format":"standard","meta":{"footnotes":""},"categories":[1],"tags":[293],"class_list":["post-28567","post","type-post","status-publish","format-standard","has-post-thumbnail","hentry","category-news","tag-wyboru-2024"],"_links":{"self":[{"href":"https:\/\/ostrowskatv.pl\/index.php?rest_route=\/wp\/v2\/posts\/28567","targetHints":{"allow":["GET"]}}],"collection":[{"href":"https:\/\/ostrowskatv.pl\/index.php?rest_route=\/wp\/v2\/posts"}],"about":[{"href":"https:\/\/ostrowskatv.pl\/index.php?rest_route=\/wp\/v2\/types\/post"}],"author":[{"embeddable":true,"href":"https:\/\/ostrowskatv.pl\/index.php?rest_route=\/wp\/v2\/users\/1"}],"replies":[{"embeddable":true,"href":"https:\/\/ostrowskatv.pl\/index.php?rest_route=%2Fwp%2Fv2%2Fcomments&post=28567"}],"version-history":[{"count":0,"href":"https:\/\/ostrowskatv.pl\/index.php?rest_route=\/wp\/v2\/posts\/28567\/revisions"}],"wp:featuredmedia":[{"embeddable":true,"href":"https:\/\/ostrowskatv.pl\/index.php?rest_route=\/wp\/v2\/media\/28575"}],"wp:attachment":[{"href":"https:\/\/ostrowskatv.pl\/index.php?rest_route=%2Fwp%2Fv2%2Fmedia&parent=28567"}],"wp:term":[{"taxonomy":"category","embeddable":true,"href":"https:\/\/ostrowskatv.pl\/index.php?rest_route=%2Fwp%2Fv2%2Fcategories&post=28567"},{"taxonomy":"post_tag","embeddable":true,"href":"https:\/\/ostrowskatv.pl\/index.php?rest_route=%2Fwp%2Fv2%2Ftags&post=28567"}],"curies":[{"name":"wp","href":"https:\/\/api.w.org\/{rel}","templated":true}]}}