{"id":28552,"date":"2024-03-06T14:17:55","date_gmt":"2024-03-06T13:17:55","guid":{"rendered":"https:\/\/ostrowskatv.pl\/?p=28552"},"modified":"2024-03-06T14:17:55","modified_gmt":"2024-03-06T13:17:55","slug":"druzyna-starosty-rajskiego-i-ich-pomysly","status":"publish","type":"post","link":"https:\/\/ostrowskatv.pl\/?p=28552","title":{"rendered":"Dru\u017cyna starosty Rajskiego i ich pomys\u0142y"},"content":{"rendered":"<p><strong>Dzi\u015b starosta Pawe\u0142 Rajski zaprezentowa\u0142 najwa\u017cniejsze pomys\u0142y na kolejne lata oraz kandydat\u00f3w do rady powiatu ostrowskiego startuj\u0105cych z list Koalicji Obywatelskiej. Jest wiele znanych twarzy, ale pojawili si\u0119 na li\u015bcie tak\u017ce nowicjusze.<\/strong><\/p>\n<p><img loading=\"lazy\" decoding=\"async\" src=\"https:\/\/ostrowskatv.pl\/wp-content\/uploads\/2024\/03\/gostomczyk.jpg\" alt=\"\" width=\"1920\" height=\"1080\" class=\"alignnone size-full wp-image-28554\" srcset=\"https:\/\/ostrowskatv.pl\/wp-content\/uploads\/2024\/03\/gostomczyk.jpg 1920w, https:\/\/ostrowskatv.pl\/wp-content\/uploads\/2024\/03\/gostomczyk-300x169.jpg 300w, https:\/\/ostrowskatv.pl\/wp-content\/uploads\/2024\/03\/gostomczyk-1333x750.jpg 1333w, https:\/\/ostrowskatv.pl\/wp-content\/uploads\/2024\/03\/gostomczyk-1536x864.jpg 1536w\" sizes=\"auto, (max-width: 1920px) 100vw, 1920px\" \/><\/p>\n<p><img loading=\"lazy\" decoding=\"async\" src=\"https:\/\/ostrowskatv.pl\/wp-content\/uploads\/2024\/03\/1000047653-01.jpeg\" alt=\"\" width=\"1920\" height=\"987\" class=\"alignnone size-full wp-image-28558\" srcset=\"https:\/\/ostrowskatv.pl\/wp-content\/uploads\/2024\/03\/1000047653-01.jpeg 1920w, https:\/\/ostrowskatv.pl\/wp-content\/uploads\/2024\/03\/1000047653-01-300x154.jpeg 300w, https:\/\/ostrowskatv.pl\/wp-content\/uploads\/2024\/03\/1000047653-01-1333x685.jpeg 1333w, https:\/\/ostrowskatv.pl\/wp-content\/uploads\/2024\/03\/1000047653-01-1536x790.jpeg 1536w\" sizes=\"auto, (max-width: 1920px) 100vw, 1920px\" \/><\/p>\n<p><img loading=\"lazy\" decoding=\"async\" src=\"https:\/\/ostrowskatv.pl\/wp-content\/uploads\/2024\/03\/1000047660-01.jpeg\" alt=\"\" width=\"1920\" height=\"1440\" class=\"alignnone size-full wp-image-28559\" srcset=\"https:\/\/ostrowskatv.pl\/wp-content\/uploads\/2024\/03\/1000047660-01.jpeg 1920w, https:\/\/ostrowskatv.pl\/wp-content\/uploads\/2024\/03\/1000047660-01-300x225.jpeg 300w, https:\/\/ostrowskatv.pl\/wp-content\/uploads\/2024\/03\/1000047660-01-1333x1000.jpeg 1333w, https:\/\/ostrowskatv.pl\/wp-content\/uploads\/2024\/03\/1000047660-01-1536x1152.jpeg 1536w\" sizes=\"auto, (max-width: 1920px) 100vw, 1920px\" \/><\/p>\n<p><img loading=\"lazy\" decoding=\"async\" src=\"https:\/\/ostrowskatv.pl\/wp-content\/uploads\/2024\/03\/1000047662-01.jpeg\" alt=\"\" width=\"1920\" height=\"1440\" class=\"alignnone size-full wp-image-28560\" srcset=\"https:\/\/ostrowskatv.pl\/wp-content\/uploads\/2024\/03\/1000047662-01.jpeg 1920w, https:\/\/ostrowskatv.pl\/wp-content\/uploads\/2024\/03\/1000047662-01-300x225.jpeg 300w, https:\/\/ostrowskatv.pl\/wp-content\/uploads\/2024\/03\/1000047662-01-1333x1000.jpeg 1333w, https:\/\/ostrowskatv.pl\/wp-content\/uploads\/2024\/03\/1000047662-01-1536x1152.jpeg 1536w\" sizes=\"auto, (max-width: 1920px) 100vw, 1920px\" \/><\/p>\n<p><img loading=\"lazy\" decoding=\"async\" src=\"https:\/\/ostrowskatv.pl\/wp-content\/uploads\/2024\/03\/1000047695-01.jpeg\" alt=\"\" width=\"1920\" height=\"1144\" class=\"alignnone size-full wp-image-28561\" srcset=\"https:\/\/ostrowskatv.pl\/wp-content\/uploads\/2024\/03\/1000047695-01.jpeg 1920w, https:\/\/ostrowskatv.pl\/wp-content\/uploads\/2024\/03\/1000047695-01-300x179.jpeg 300w, https:\/\/ostrowskatv.pl\/wp-content\/uploads\/2024\/03\/1000047695-01-1333x794.jpeg 1333w, https:\/\/ostrowskatv.pl\/wp-content\/uploads\/2024\/03\/1000047695-01-1536x915.jpeg 1536w\" sizes=\"auto, (max-width: 1920px) 100vw, 1920px\" \/><\/p>\n<p><img loading=\"lazy\" decoding=\"async\" src=\"https:\/\/ostrowskatv.pl\/wp-content\/uploads\/2024\/03\/1000047691-01.jpeg\" alt=\"\" width=\"1920\" height=\"1440\" class=\"alignnone size-full wp-image-28562\" srcset=\"https:\/\/ostrowskatv.pl\/wp-content\/uploads\/2024\/03\/1000047691-01.jpeg 1920w, https:\/\/ostrowskatv.pl\/wp-content\/uploads\/2024\/03\/1000047691-01-300x225.jpeg 300w, https:\/\/ostrowskatv.pl\/wp-content\/uploads\/2024\/03\/1000047691-01-1333x1000.jpeg 1333w, https:\/\/ostrowskatv.pl\/wp-content\/uploads\/2024\/03\/1000047691-01-1536x1152.jpeg 1536w\" sizes=\"auto, (max-width: 1920px) 100vw, 1920px\" \/><\/p>\n<p><img loading=\"lazy\" decoding=\"async\" src=\"https:\/\/ostrowskatv.pl\/wp-content\/uploads\/2024\/03\/1000047711-01.jpeg\" alt=\"\" width=\"1920\" height=\"945\" class=\"alignnone size-full wp-image-28563\" srcset=\"https:\/\/ostrowskatv.pl\/wp-content\/uploads\/2024\/03\/1000047711-01.jpeg 1920w, https:\/\/ostrowskatv.pl\/wp-content\/uploads\/2024\/03\/1000047711-01-300x148.jpeg 300w, https:\/\/ostrowskatv.pl\/wp-content\/uploads\/2024\/03\/1000047711-01-1333x656.jpeg 1333w, https:\/\/ostrowskatv.pl\/wp-content\/uploads\/2024\/03\/1000047711-01-1536x756.jpeg 1536w\" sizes=\"auto, (max-width: 1920px) 100vw, 1920px\" \/><\/p>\n<p><img loading=\"lazy\" decoding=\"async\" src=\"https:\/\/ostrowskatv.pl\/wp-content\/uploads\/2024\/03\/1000047715-01.jpeg\" alt=\"\" width=\"1920\" height=\"1076\" class=\"alignnone size-full wp-image-28564\" srcset=\"https:\/\/ostrowskatv.pl\/wp-content\/uploads\/2024\/03\/1000047715-01.jpeg 1920w, https:\/\/ostrowskatv.pl\/wp-content\/uploads\/2024\/03\/1000047715-01-300x168.jpeg 300w, https:\/\/ostrowskatv.pl\/wp-content\/uploads\/2024\/03\/1000047715-01-1333x747.jpeg 1333w, https:\/\/ostrowskatv.pl\/wp-content\/uploads\/2024\/03\/1000047715-01-1536x861.jpeg 1536w\" sizes=\"auto, (max-width: 1920px) 100vw, 1920px\" \/><\/p>\n<p><img loading=\"lazy\" decoding=\"async\" src=\"https:\/\/ostrowskatv.pl\/wp-content\/uploads\/2024\/03\/pawel-rajski.jpg\" alt=\"\" width=\"1920\" height=\"1080\" class=\"alignnone size-full wp-image-28555\" srcset=\"https:\/\/ostrowskatv.pl\/wp-content\/uploads\/2024\/03\/pawel-rajski.jpg 1920w, https:\/\/ostrowskatv.pl\/wp-content\/uploads\/2024\/03\/pawel-rajski-300x169.jpg 300w, https:\/\/ostrowskatv.pl\/wp-content\/uploads\/2024\/03\/pawel-rajski-1333x750.jpg 1333w, https:\/\/ostrowskatv.pl\/wp-content\/uploads\/2024\/03\/pawel-rajski-1536x864.jpg 1536w\" sizes=\"auto, (max-width: 1920px) 100vw, 1920px\" \/><\/p>\n<p><img loading=\"lazy\" decoding=\"async\" src=\"https:\/\/ostrowskatv.pl\/wp-content\/uploads\/2024\/03\/pawel-rajski3.jpg\" alt=\"\" width=\"1920\" height=\"1080\" class=\"alignnone size-full wp-image-28556\" srcset=\"https:\/\/ostrowskatv.pl\/wp-content\/uploads\/2024\/03\/pawel-rajski3.jpg 1920w, https:\/\/ostrowskatv.pl\/wp-content\/uploads\/2024\/03\/pawel-rajski3-300x169.jpg 300w, https:\/\/ostrowskatv.pl\/wp-content\/uploads\/2024\/03\/pawel-rajski3-1333x750.jpg 1333w, https:\/\/ostrowskatv.pl\/wp-content\/uploads\/2024\/03\/pawel-rajski3-1536x864.jpg 1536w\" sizes=\"auto, (max-width: 1920px) 100vw, 1920px\" \/><\/p>\n<p>Plany inwestycyjne kandydat\u00f3w Koalicji Obywatelskiej skupione s\u0105 w trzech obszarach:<\/p>\n<p><strong>O\u015bwiata<\/strong><br \/>\n&#8211; Centrum Innowacji Technologicznych w ZST &#8211; rozbudowa pracowni kszta\u0142c\u0105cych specjalist\u00f3w<br \/>\n&#8211; rozbudowa Zespo\u0142u Szk\u00f3\u0142 Specjalnych<br \/>\n&#8211; rozbudowa Zespo\u0142u Szk\u00f3\u0142 Ekonomicznych<br \/>\n&#8211; studio nagra\u0144 w M\u0142odzie\u017cowym Domu Kultury<\/p>\n<p><strong>Zdrowie<\/strong><br \/>\n&#8211; nowe oddzia\u0142y Geriatryczny i Paliatywny w ramach centrum medycznego 75+<br \/>\n&#8211; centrum rehabilitacji przy 3 Maja (kardiologiczna, udarowa, ortopedyczna)<br \/>\n&#8211; zaadaptowanie starego bloku operacyjnego w szpitalu na nowoczesny oddzia\u0142 chirurgii jednego dnia<br \/>\n&#8211; nowe centrum rehabilitacji w Domu Pomocy Spo\u0142ecznej w Psarach i rozbudowa pawilon\u00f3w mieszkalnych<\/p>\n<p><strong>Inwestycje drogowe<\/strong><br \/>\n&#8211; budowa i modernizacja kolejnych kilometr\u00f3w dr\u00f3g i powstanie nowych \u015bcie\u017cek rowerowych w ka\u017cdej gminie.<\/p>\n<h2>Na listach Koalicji Obywatelskiej znale\u017ali si\u0119 nast\u0119puj\u0105cy kandydaci:<\/h2>\n<p><strong>Okr\u0119g Wyborczy nr 1<\/strong><\/p>\n<p>Miasto Ostr\u00f3w Wielkopolski<br \/>\n1. Pawe\u0142 Rajski<br \/>\n2. Kasper Smekta\u0142a<br \/>\n3. Marek Ewiak<br \/>\n4. Jolanta Przyby\u0142ek<br \/>\n5. Ma\u0142gorzata P\u0142\u00f3karz<br \/>\n6. Magdalena Wojtasz<\/p>\n<p><strong>Okr\u0119g Wyborczy nr 2<\/strong><\/p>\n<p>Miasto Ostr\u00f3w Wielkopolski<br \/>\n1. Rados\u0142aw Torzy\u0144ski<br \/>\n2. Andrzej Leraczyk<br \/>\n3. Ma\u0142gorzata Urbaniak<br \/>\n4. Maria Grzeszczyk<br \/>\n5. Andrzej Knopi\u0144ski<br \/>\n6. Ewa Mielczarek<\/p>\n<p><strong>Okr\u0119g Wyborczy nr 3<\/strong><\/p>\n<p>Miasto Ostr\u00f3w Wielkopolski<br \/>\n1. Leszek Michalak<br \/>\n2. Tomasz Gostomczyk<br \/>\n3. Janusz Tarchalski<br \/>\n4. Katarzyna Krysztofiak<br \/>\n5. Sylwia Jakubek<br \/>\n6. Ewa Walasz<\/p>\n<p><strong>Okr\u0119g Wyborczy nr 4<\/strong><\/p>\n<p>Gmina i Miasto Nowe Skalmierzyce<br \/>\n1. Micha\u0142 Ciupka<br \/>\n2. Daniel Mitu\u0142a<br \/>\n3. Agnieszka Witczak<br \/>\n4. Aleksander Liebert<br \/>\n5. Katarzyna Fr\u0105tczak &#8211; Ulichnowska<\/p>\n<p><strong>Okr\u0119g Wyborczy nr 5<\/strong><\/p>\n<p>Gmina i Miasto Raszk\u00f3w, Gmina Ostr\u00f3w Wielkopolskie<br \/>\n1. Maria Tomaszewska<br \/>\n2. Damian Gr\u0105dzielewski<br \/>\n3. Rafa\u0142 Wielebski<br \/>\n4. Robert Strzelczak<br \/>\n5. Katarzyna Paw\u0142owska<br \/>\n6. Anna Sobczyk<br \/>\n7. Mateusz Ko\u0142eczko<\/p>\n<p><strong>Okr\u0119g Wyborczy nr 6<\/strong><\/p>\n<p>Gmina i Miasto Odolan\u00f3w, Gmina Przygodzice, Gmina So\u015bnie<br \/>\n1. Tomasz Zi\u0105bka<br \/>\n2. Rafa\u0142 Walkow<br \/>\n3. Piotr Kryszczak<br \/>\n4. Dariusz Berek<br \/>\n5. Janina Siudzi\u0144ska<br \/>\n6. Dorota Piec<br \/>\n7. Agnieszka Jamrozik<br \/>\n8. Arleta Kali\u0144ska<br \/>\n9. Krzysztof Jackowski<\/p>\n","protected":false},"excerpt":{"rendered":"Dzi\u015b starosta Pawe\u0142 Rajski zaprezentowa\u0142 najwa\u017cniejsze pomys\u0142y na kolejne lata oraz kandydat\u00f3w do rady powiatu ostrowskiego startuj\u0105cych z list Koalicji Obywatelskiej. Jest wiele \n<a class=\"moretag\" href=\"https:\/\/ostrowskatv.pl\/?p=28552\"> [...]<\/a>","protected":false},"author":1,"featured_media":28555,"comment_status":"open","ping_status":"closed","sticky":false,"template":"","format":"standard","meta":{"footnotes":""},"categories":[1],"tags":[291],"class_list":["post-28552","post","type-post","status-publish","format-standard","has-post-thumbnail","hentry","category-news","tag-wybory-2024"],"_links":{"self":[{"href":"https:\/\/ostrowskatv.pl\/index.php?rest_route=\/wp\/v2\/posts\/28552","targetHints":{"allow":["GET"]}}],"collection":[{"href":"https:\/\/ostrowskatv.pl\/index.php?rest_route=\/wp\/v2\/posts"}],"about":[{"href":"https:\/\/ostrowskatv.pl\/index.php?rest_route=\/wp\/v2\/types\/post"}],"author":[{"embeddable":true,"href":"https:\/\/ostrowskatv.pl\/index.php?rest_route=\/wp\/v2\/users\/1"}],"replies":[{"embeddable":true,"href":"https:\/\/ostrowskatv.pl\/index.php?rest_route=%2Fwp%2Fv2%2Fcomments&post=28552"}],"version-history":[{"count":0,"href":"https:\/\/ostrowskatv.pl\/index.php?rest_route=\/wp\/v2\/posts\/28552\/revisions"}],"wp:featuredmedia":[{"embeddable":true,"href":"https:\/\/ostrowskatv.pl\/index.php?rest_route=\/wp\/v2\/media\/28555"}],"wp:attachment":[{"href":"https:\/\/ostrowskatv.pl\/index.php?rest_route=%2Fwp%2Fv2%2Fmedia&parent=28552"}],"wp:term":[{"taxonomy":"category","embeddable":true,"href":"https:\/\/ostrowskatv.pl\/index.php?rest_route=%2Fwp%2Fv2%2Fcategories&post=28552"},{"taxonomy":"post_tag","embeddable":true,"href":"https:\/\/ostrowskatv.pl\/index.php?rest_route=%2Fwp%2Fv2%2Ftags&post=28552"}],"curies":[{"name":"wp","href":"https:\/\/api.w.org\/{rel}","templated":true}]}}