{"id":28546,"date":"2024-03-06T13:41:31","date_gmt":"2024-03-06T12:41:31","guid":{"rendered":"https:\/\/ostrowskatv.pl\/?p=28546"},"modified":"2024-03-06T13:41:31","modified_gmt":"2024-03-06T12:41:31","slug":"zniszczyli-mu-banery-wyborcze","status":"publish","type":"post","link":"https:\/\/ostrowskatv.pl\/?p=28546","title":{"rendered":"Zniszczyli mu banery wyborcze"},"content":{"rendered":"<p><strong>Na terenie Przygodzic dosz\u0142o do zniszczenia 7 sztuk baner\u00f3w wyborczych jednego z kandydat\u00f3w. Sprawca poci\u0105\u0142 je ostrym narz\u0119dziem.<\/strong><\/p>\n<p><img loading=\"lazy\" decoding=\"async\" src=\"https:\/\/ostrowskatv.pl\/wp-content\/uploads\/2024\/03\/1000047726-01-1.jpeg\" alt=\"\" width=\"1536\" height=\"1219\" class=\"alignnone size-full wp-image-28548\" srcset=\"https:\/\/ostrowskatv.pl\/wp-content\/uploads\/2024\/03\/1000047726-01-1.jpeg 1536w, https:\/\/ostrowskatv.pl\/wp-content\/uploads\/2024\/03\/1000047726-01-1-300x238.jpeg 300w, https:\/\/ostrowskatv.pl\/wp-content\/uploads\/2024\/03\/1000047726-01-1-1333x1058.jpeg 1333w\" sizes=\"auto, (max-width: 1536px) 100vw, 1536px\" \/><\/p>\n<p><img loading=\"lazy\" decoding=\"async\" src=\"https:\/\/ostrowskatv.pl\/wp-content\/uploads\/2024\/03\/1000047727-01.jpeg\" alt=\"\" width=\"1167\" height=\"758\" class=\"alignnone size-full wp-image-28549\" srcset=\"https:\/\/ostrowskatv.pl\/wp-content\/uploads\/2024\/03\/1000047727-01.jpeg 1167w, https:\/\/ostrowskatv.pl\/wp-content\/uploads\/2024\/03\/1000047727-01-300x195.jpeg 300w\" sizes=\"auto, (max-width: 1167px) 100vw, 1167px\" \/><\/p>\n<p><img loading=\"lazy\" decoding=\"async\" src=\"https:\/\/ostrowskatv.pl\/wp-content\/uploads\/2024\/03\/1000047725-01.jpeg\" alt=\"\" width=\"1440\" height=\"1920\" class=\"alignnone size-full wp-image-28550\" srcset=\"https:\/\/ostrowskatv.pl\/wp-content\/uploads\/2024\/03\/1000047725-01.jpeg 1440w, https:\/\/ostrowskatv.pl\/wp-content\/uploads\/2024\/03\/1000047725-01-225x300.jpeg 225w, https:\/\/ostrowskatv.pl\/wp-content\/uploads\/2024\/03\/1000047725-01-1000x1333.jpeg 1000w, https:\/\/ostrowskatv.pl\/wp-content\/uploads\/2024\/03\/1000047725-01-1152x1536.jpeg 1152w\" sizes=\"auto, (max-width: 1440px) 100vw, 1440px\" \/><\/p>\n<p>Sprawa zosta\u0142a zg\u0142oszona na policj\u0119. Kandydat Andrzej Pichet z Koalicji Obywatelskiej skomentowa\u0142 to tak:<\/p>\n<p>Dzi\u015b w nocy zniszczono wszystkie moje banery wyborcze w Przygodzicach przy ulicy Wroc\u0142awskiej.<br \/>\nNie wiem, co trzeba mie\u0107 w g\u0142owie, aby niszczy\u0107 cudz\u0105 w\u0142asno\u015b\u0107.<br \/>\nPrzypominam, i\u017c niszczenie materia\u0142\u00f3w wyborczych jest karalne.<br \/>\nZdarzenie to zosta\u0142o zg\u0142oszone odpowiednim organom \u015bcigania.<br \/>\nBy\u0107 mo\u017ce kto\u015b z Was co\u015b zauwa\u017cy\u0142, lub ma kamery na tej ulicy.<br \/>\nPro\u015bba o pomoc &#x1f937;&#x1f3fb;&#x200d;&#x2642;&#xfe0f;<br \/>\nJedno mog\u0119 Was zapewni\u0107. To mnie jeszcze bardziej wzmocni i zdeterminuje do dalszych dzia\u0142a\u0144.<br \/>\nNa te miejsca powiesz\u0119 nowe banery.<br \/>\nProsz\u0119 udost\u0119pniajcie, mo\u017ce znajdziemy wandali<\/p>\n","protected":false},"excerpt":{"rendered":"Na terenie Przygodzic dosz\u0142o do zniszczenia 7 sztuk baner\u00f3w wyborczych jednego z kandydat\u00f3w. Sprawca poci\u0105\u0142 je ostrym narz\u0119dziem. Sprawa zosta\u0142a zg\u0142oszona na policj\u0119. \n<a class=\"moretag\" href=\"https:\/\/ostrowskatv.pl\/?p=28546\"> [...]<\/a>","protected":false},"author":1,"featured_media":28547,"comment_status":"open","ping_status":"closed","sticky":false,"template":"","format":"standard","meta":{"footnotes":""},"categories":[1],"tags":[27,222,291],"class_list":["post-28546","post","type-post","status-publish","format-standard","has-post-thumbnail","hentry","category-news","tag-przygodzice","tag-wandalizm","tag-wybory-2024"],"_links":{"self":[{"href":"https:\/\/ostrowskatv.pl\/index.php?rest_route=\/wp\/v2\/posts\/28546","targetHints":{"allow":["GET"]}}],"collection":[{"href":"https:\/\/ostrowskatv.pl\/index.php?rest_route=\/wp\/v2\/posts"}],"about":[{"href":"https:\/\/ostrowskatv.pl\/index.php?rest_route=\/wp\/v2\/types\/post"}],"author":[{"embeddable":true,"href":"https:\/\/ostrowskatv.pl\/index.php?rest_route=\/wp\/v2\/users\/1"}],"replies":[{"embeddable":true,"href":"https:\/\/ostrowskatv.pl\/index.php?rest_route=%2Fwp%2Fv2%2Fcomments&post=28546"}],"version-history":[{"count":0,"href":"https:\/\/ostrowskatv.pl\/index.php?rest_route=\/wp\/v2\/posts\/28546\/revisions"}],"wp:featuredmedia":[{"embeddable":true,"href":"https:\/\/ostrowskatv.pl\/index.php?rest_route=\/wp\/v2\/media\/28547"}],"wp:attachment":[{"href":"https:\/\/ostrowskatv.pl\/index.php?rest_route=%2Fwp%2Fv2%2Fmedia&parent=28546"}],"wp:term":[{"taxonomy":"category","embeddable":true,"href":"https:\/\/ostrowskatv.pl\/index.php?rest_route=%2Fwp%2Fv2%2Fcategories&post=28546"},{"taxonomy":"post_tag","embeddable":true,"href":"https:\/\/ostrowskatv.pl\/index.php?rest_route=%2Fwp%2Fv2%2Ftags&post=28546"}],"curies":[{"name":"wp","href":"https:\/\/api.w.org\/{rel}","templated":true}]}}