{"id":28502,"date":"2024-03-02T15:03:44","date_gmt":"2024-03-02T14:03:44","guid":{"rendered":"https:\/\/ostrowskatv.pl\/?p=28502"},"modified":"2024-03-02T15:03:44","modified_gmt":"2024-03-02T14:03:44","slug":"beata-klimek-zaprezentowala-druzyne-i-program","status":"publish","type":"post","link":"https:\/\/ostrowskatv.pl\/?p=28502","title":{"rendered":"Beata Klimek zaprezentowa\u0142a dru\u017cyn\u0119 i program"},"content":{"rendered":"<p><strong>W samo po\u0142udnie na ostrowskim Rynku nast\u0105pi\u0142a prezentacja dru\u017cyny Beaty Klimek do miasta i powiatu. Przedstawiono tak\u017ce 17 punkt\u00f3w programowych.<\/strong><\/p>\n<p>Ci\u0105g dalszy artyku\u0142y pod zdj\u0119ciami<\/p>\n<p><img loading=\"lazy\" decoding=\"async\" class=\"alignnone size-full wp-image-28504\" src=\"https:\/\/ostrowskatv.pl\/wp-content\/uploads\/2024\/03\/1000046985-01.jpeg\" alt=\"\" width=\"1920\" height=\"1333\" srcset=\"https:\/\/ostrowskatv.pl\/wp-content\/uploads\/2024\/03\/1000046985-01.jpeg 1920w, https:\/\/ostrowskatv.pl\/wp-content\/uploads\/2024\/03\/1000046985-01-300x208.jpeg 300w, https:\/\/ostrowskatv.pl\/wp-content\/uploads\/2024\/03\/1000046985-01-1333x925.jpeg 1333w, https:\/\/ostrowskatv.pl\/wp-content\/uploads\/2024\/03\/1000046985-01-1536x1066.jpeg 1536w\" sizes=\"auto, (max-width: 1920px) 100vw, 1920px\" \/><\/p>\n<p><img loading=\"lazy\" decoding=\"async\" class=\"alignnone size-full wp-image-28505\" src=\"https:\/\/ostrowskatv.pl\/wp-content\/uploads\/2024\/03\/1000047001-01.jpeg\" alt=\"\" width=\"1920\" height=\"1076\" srcset=\"https:\/\/ostrowskatv.pl\/wp-content\/uploads\/2024\/03\/1000047001-01.jpeg 1920w, https:\/\/ostrowskatv.pl\/wp-content\/uploads\/2024\/03\/1000047001-01-300x168.jpeg 300w, https:\/\/ostrowskatv.pl\/wp-content\/uploads\/2024\/03\/1000047001-01-1333x747.jpeg 1333w, https:\/\/ostrowskatv.pl\/wp-content\/uploads\/2024\/03\/1000047001-01-1536x861.jpeg 1536w\" sizes=\"auto, (max-width: 1920px) 100vw, 1920px\" \/><\/p>\n<p><img loading=\"lazy\" decoding=\"async\" class=\"alignnone size-full wp-image-28506\" src=\"https:\/\/ostrowskatv.pl\/wp-content\/uploads\/2024\/03\/1000047005-01.jpeg\" alt=\"\" width=\"1920\" height=\"1273\" srcset=\"https:\/\/ostrowskatv.pl\/wp-content\/uploads\/2024\/03\/1000047005-01.jpeg 1920w, https:\/\/ostrowskatv.pl\/wp-content\/uploads\/2024\/03\/1000047005-01-300x199.jpeg 300w, https:\/\/ostrowskatv.pl\/wp-content\/uploads\/2024\/03\/1000047005-01-1333x884.jpeg 1333w, https:\/\/ostrowskatv.pl\/wp-content\/uploads\/2024\/03\/1000047005-01-1536x1018.jpeg 1536w\" sizes=\"auto, (max-width: 1920px) 100vw, 1920px\" \/><\/p>\n<p><img loading=\"lazy\" decoding=\"async\" class=\"alignnone size-full wp-image-28507\" src=\"https:\/\/ostrowskatv.pl\/wp-content\/uploads\/2024\/03\/1000047009-01.jpeg\" alt=\"\" width=\"1920\" height=\"1440\" srcset=\"https:\/\/ostrowskatv.pl\/wp-content\/uploads\/2024\/03\/1000047009-01.jpeg 1920w, https:\/\/ostrowskatv.pl\/wp-content\/uploads\/2024\/03\/1000047009-01-300x225.jpeg 300w, https:\/\/ostrowskatv.pl\/wp-content\/uploads\/2024\/03\/1000047009-01-1333x1000.jpeg 1333w, https:\/\/ostrowskatv.pl\/wp-content\/uploads\/2024\/03\/1000047009-01-1536x1152.jpeg 1536w\" sizes=\"auto, (max-width: 1920px) 100vw, 1920px\" \/><\/p>\n<p><img loading=\"lazy\" decoding=\"async\" class=\"alignnone size-full wp-image-28508\" src=\"https:\/\/ostrowskatv.pl\/wp-content\/uploads\/2024\/03\/1000047010-01.jpeg\" alt=\"\" width=\"1920\" height=\"1440\" srcset=\"https:\/\/ostrowskatv.pl\/wp-content\/uploads\/2024\/03\/1000047010-01.jpeg 1920w, https:\/\/ostrowskatv.pl\/wp-content\/uploads\/2024\/03\/1000047010-01-300x225.jpeg 300w, https:\/\/ostrowskatv.pl\/wp-content\/uploads\/2024\/03\/1000047010-01-1333x1000.jpeg 1333w, https:\/\/ostrowskatv.pl\/wp-content\/uploads\/2024\/03\/1000047010-01-1536x1152.jpeg 1536w\" sizes=\"auto, (max-width: 1920px) 100vw, 1920px\" \/><\/p>\n<p><img loading=\"lazy\" decoding=\"async\" class=\"alignnone size-full wp-image-28509\" src=\"https:\/\/ostrowskatv.pl\/wp-content\/uploads\/2024\/03\/1000047011-01.jpeg\" alt=\"\" width=\"1920\" height=\"1155\" srcset=\"https:\/\/ostrowskatv.pl\/wp-content\/uploads\/2024\/03\/1000047011-01.jpeg 1920w, https:\/\/ostrowskatv.pl\/wp-content\/uploads\/2024\/03\/1000047011-01-300x180.jpeg 300w, https:\/\/ostrowskatv.pl\/wp-content\/uploads\/2024\/03\/1000047011-01-1333x802.jpeg 1333w, https:\/\/ostrowskatv.pl\/wp-content\/uploads\/2024\/03\/1000047011-01-1536x924.jpeg 1536w\" sizes=\"auto, (max-width: 1920px) 100vw, 1920px\" \/><\/p>\n<p><img loading=\"lazy\" decoding=\"async\" class=\"alignnone size-full wp-image-28510\" src=\"https:\/\/ostrowskatv.pl\/wp-content\/uploads\/2024\/03\/1000047012-01.jpeg\" alt=\"\" width=\"1920\" height=\"1300\" srcset=\"https:\/\/ostrowskatv.pl\/wp-content\/uploads\/2024\/03\/1000047012-01.jpeg 1920w, https:\/\/ostrowskatv.pl\/wp-content\/uploads\/2024\/03\/1000047012-01-300x203.jpeg 300w, https:\/\/ostrowskatv.pl\/wp-content\/uploads\/2024\/03\/1000047012-01-1333x903.jpeg 1333w, https:\/\/ostrowskatv.pl\/wp-content\/uploads\/2024\/03\/1000047012-01-1536x1040.jpeg 1536w\" sizes=\"auto, (max-width: 1920px) 100vw, 1920px\" \/><\/p>\n<p><img loading=\"lazy\" decoding=\"async\" class=\"alignnone size-full wp-image-28511\" src=\"https:\/\/ostrowskatv.pl\/wp-content\/uploads\/2024\/03\/1000047013-01.jpeg\" alt=\"\" width=\"1920\" height=\"1440\" srcset=\"https:\/\/ostrowskatv.pl\/wp-content\/uploads\/2024\/03\/1000047013-01.jpeg 1920w, https:\/\/ostrowskatv.pl\/wp-content\/uploads\/2024\/03\/1000047013-01-300x225.jpeg 300w, https:\/\/ostrowskatv.pl\/wp-content\/uploads\/2024\/03\/1000047013-01-1333x1000.jpeg 1333w, https:\/\/ostrowskatv.pl\/wp-content\/uploads\/2024\/03\/1000047013-01-1536x1152.jpeg 1536w\" sizes=\"auto, (max-width: 1920px) 100vw, 1920px\" \/><\/p>\n<p><img loading=\"lazy\" decoding=\"async\" class=\"alignnone size-full wp-image-28512\" src=\"https:\/\/ostrowskatv.pl\/wp-content\/uploads\/2024\/03\/1000047014-01.jpeg\" alt=\"\" width=\"1920\" height=\"1440\" srcset=\"https:\/\/ostrowskatv.pl\/wp-content\/uploads\/2024\/03\/1000047014-01.jpeg 1920w, https:\/\/ostrowskatv.pl\/wp-content\/uploads\/2024\/03\/1000047014-01-300x225.jpeg 300w, https:\/\/ostrowskatv.pl\/wp-content\/uploads\/2024\/03\/1000047014-01-1333x1000.jpeg 1333w, https:\/\/ostrowskatv.pl\/wp-content\/uploads\/2024\/03\/1000047014-01-1536x1152.jpeg 1536w\" sizes=\"auto, (max-width: 1920px) 100vw, 1920px\" \/><\/p>\n<p><img loading=\"lazy\" decoding=\"async\" class=\"alignnone size-full wp-image-28513\" src=\"https:\/\/ostrowskatv.pl\/wp-content\/uploads\/2024\/03\/1000047015-01.jpeg\" alt=\"\" width=\"1920\" height=\"1440\" srcset=\"https:\/\/ostrowskatv.pl\/wp-content\/uploads\/2024\/03\/1000047015-01.jpeg 1920w, https:\/\/ostrowskatv.pl\/wp-content\/uploads\/2024\/03\/1000047015-01-300x225.jpeg 300w, https:\/\/ostrowskatv.pl\/wp-content\/uploads\/2024\/03\/1000047015-01-1333x1000.jpeg 1333w, https:\/\/ostrowskatv.pl\/wp-content\/uploads\/2024\/03\/1000047015-01-1536x1152.jpeg 1536w\" sizes=\"auto, (max-width: 1920px) 100vw, 1920px\" \/><\/p>\n<p><img loading=\"lazy\" decoding=\"async\" class=\"alignnone size-full wp-image-28514\" src=\"https:\/\/ostrowskatv.pl\/wp-content\/uploads\/2024\/03\/1000047016-01.jpeg\" alt=\"\" width=\"1920\" height=\"1440\" srcset=\"https:\/\/ostrowskatv.pl\/wp-content\/uploads\/2024\/03\/1000047016-01.jpeg 1920w, https:\/\/ostrowskatv.pl\/wp-content\/uploads\/2024\/03\/1000047016-01-300x225.jpeg 300w, https:\/\/ostrowskatv.pl\/wp-content\/uploads\/2024\/03\/1000047016-01-1333x1000.jpeg 1333w, https:\/\/ostrowskatv.pl\/wp-content\/uploads\/2024\/03\/1000047016-01-1536x1152.jpeg 1536w\" sizes=\"auto, (max-width: 1920px) 100vw, 1920px\" \/><\/p>\n<p><img loading=\"lazy\" decoding=\"async\" class=\"alignnone size-full wp-image-28515\" src=\"https:\/\/ostrowskatv.pl\/wp-content\/uploads\/2024\/03\/1000047017-01.jpeg\" alt=\"\" width=\"1920\" height=\"1440\" srcset=\"https:\/\/ostrowskatv.pl\/wp-content\/uploads\/2024\/03\/1000047017-01.jpeg 1920w, https:\/\/ostrowskatv.pl\/wp-content\/uploads\/2024\/03\/1000047017-01-300x225.jpeg 300w, https:\/\/ostrowskatv.pl\/wp-content\/uploads\/2024\/03\/1000047017-01-1333x1000.jpeg 1333w, https:\/\/ostrowskatv.pl\/wp-content\/uploads\/2024\/03\/1000047017-01-1536x1152.jpeg 1536w\" sizes=\"auto, (max-width: 1920px) 100vw, 1920px\" \/><\/p>\n<p><img loading=\"lazy\" decoding=\"async\" class=\"alignnone size-full wp-image-28516\" src=\"https:\/\/ostrowskatv.pl\/wp-content\/uploads\/2024\/03\/1000047021-01.jpeg\" alt=\"\" width=\"1920\" height=\"1440\" srcset=\"https:\/\/ostrowskatv.pl\/wp-content\/uploads\/2024\/03\/1000047021-01.jpeg 1920w, https:\/\/ostrowskatv.pl\/wp-content\/uploads\/2024\/03\/1000047021-01-300x225.jpeg 300w, https:\/\/ostrowskatv.pl\/wp-content\/uploads\/2024\/03\/1000047021-01-1333x1000.jpeg 1333w, https:\/\/ostrowskatv.pl\/wp-content\/uploads\/2024\/03\/1000047021-01-1536x1152.jpeg 1536w\" sizes=\"auto, (max-width: 1920px) 100vw, 1920px\" \/><\/p>\n<p><img loading=\"lazy\" decoding=\"async\" class=\"alignnone size-full wp-image-28517\" src=\"https:\/\/ostrowskatv.pl\/wp-content\/uploads\/2024\/03\/1000047026-01.jpeg\" alt=\"\" width=\"1920\" height=\"1440\" srcset=\"https:\/\/ostrowskatv.pl\/wp-content\/uploads\/2024\/03\/1000047026-01.jpeg 1920w, https:\/\/ostrowskatv.pl\/wp-content\/uploads\/2024\/03\/1000047026-01-300x225.jpeg 300w, https:\/\/ostrowskatv.pl\/wp-content\/uploads\/2024\/03\/1000047026-01-1333x1000.jpeg 1333w, https:\/\/ostrowskatv.pl\/wp-content\/uploads\/2024\/03\/1000047026-01-1536x1152.jpeg 1536w\" sizes=\"auto, (max-width: 1920px) 100vw, 1920px\" \/><\/p>\n<p><img loading=\"lazy\" decoding=\"async\" class=\"alignnone size-full wp-image-28518\" src=\"https:\/\/ostrowskatv.pl\/wp-content\/uploads\/2024\/03\/1000047035-01.jpeg\" alt=\"\" width=\"1919\" height=\"1092\" srcset=\"https:\/\/ostrowskatv.pl\/wp-content\/uploads\/2024\/03\/1000047035-01.jpeg 1919w, https:\/\/ostrowskatv.pl\/wp-content\/uploads\/2024\/03\/1000047035-01-300x171.jpeg 300w, https:\/\/ostrowskatv.pl\/wp-content\/uploads\/2024\/03\/1000047035-01-1333x759.jpeg 1333w, https:\/\/ostrowskatv.pl\/wp-content\/uploads\/2024\/03\/1000047035-01-1536x874.jpeg 1536w, https:\/\/ostrowskatv.pl\/wp-content\/uploads\/2024\/03\/1000047035-01-388x220.jpeg 388w\" sizes=\"auto, (max-width: 1919px) 100vw, 1919px\" \/><\/p>\n<p><strong>Program dla Ostrowa Wielkopolskiego\u00a0<\/strong><\/p>\n<ol>\n<li>Program Budowy Dr\u00f3g Osiedlowych<\/li>\n<li>Tanie ciep\u0142o 49 z\u0142 za GJ<\/li>\n<li>Park Wodny<\/li>\n<li>Parking wielopoziomowy<\/li>\n<li>Rewitalizacja \u201ePiask\u00f3w\u201d<\/li>\n<li>Modernizacja szk\u00f3\u0142 i przedszkoli<\/li>\n<li>Budowa hali sportowej przy SP 13<\/li>\n<li>Nowoczesny stadion lekkoatletyczny<\/li>\n<li>Zielony Ostr\u00f3w \/ Zielony transport<\/li>\n<li>Nowe mieszkania<\/li>\n<li>Osiedlowe strefy zabaw i rekreacji<\/li>\n<li>Ostrowska Karta Mieszka\u0144ca<\/li>\n<li>Profilaktyczne programy zdrowotne<\/li>\n<\/ol>\n<p><strong>Rada Miejska <\/strong><strong>okr\u0119g nr<\/strong> <strong>1<\/strong><\/p>\n<p>OSIEDLA:<strong> \u015ar\u00f3dmie\u015bcie, Wenecja, Kr\u0119pa, Pru\u015blin.<\/strong> \u00a0(<strong>8 mandat\u00f3w<\/strong> + 2 kandydat\u00f3w)<\/p>\n<table>\n<tbody>\n<tr>\n<td width=\"45\"><strong>LP.<\/strong><\/td>\n<td width=\"671\"><strong>IMI\u0118 I NAZWISKO<\/strong><\/td>\n<\/tr>\n<tr>\n<td width=\"45\">&nbsp;<\/p>\n<p>&nbsp;<\/p>\n<p>01.<\/td>\n<td width=\"671\">\n<p>Jaros\u0142aw Lisiecki<\/td>\n<\/tr>\n<tr>\n<td width=\"45\">&nbsp;<\/p>\n<p>&nbsp;<\/p>\n<p>02.<\/td>\n<td width=\"671\">\n<p>Anita \u015awi\u0105tek<\/td>\n<\/tr>\n<tr>\n<td width=\"45\">&nbsp;<\/p>\n<p>&nbsp;<\/p>\n<p>03.<\/td>\n<td width=\"671\">\n<p>Zygmunt Malik<\/td>\n<\/tr>\n<tr>\n<td width=\"45\">&nbsp;<\/p>\n<p>&nbsp;<\/p>\n<p>04.<\/td>\n<td width=\"671\">\n<p>Aleksandra Zuchowska<\/td>\n<\/tr>\n<tr>\n<td width=\"45\">&nbsp;<\/p>\n<p>&nbsp;<\/p>\n<p>05.<\/td>\n<td width=\"671\">\n<p>Donata Berchicci<\/td>\n<\/tr>\n<tr>\n<td width=\"45\">&nbsp;<\/p>\n<p>&nbsp;<\/p>\n<p>06.<\/td>\n<td width=\"671\">\n<p>Micha\u0142 Wojciechowski<\/td>\n<\/tr>\n<tr>\n<td width=\"45\">&nbsp;<\/p>\n<p>&nbsp;<\/p>\n<p>07.<\/td>\n<td width=\"671\">\n<p>Maria Kaczmarek<\/td>\n<\/tr>\n<tr>\n<td width=\"45\">&nbsp;<\/p>\n<p>&nbsp;<\/p>\n<p>08.<\/td>\n<td width=\"671\">\n<p>Konrad Maleszka<\/td>\n<\/tr>\n<tr>\n<td width=\"45\">&nbsp;<\/p>\n<p>&nbsp;<\/p>\n<p>09.<\/td>\n<td width=\"671\">\nJacek Jackowiak<\/td>\n<\/tr>\n<tr>\n<td width=\"45\">&nbsp;<\/p>\n<p>&nbsp;<\/p>\n<p>10.<\/td>\n<td width=\"671\">\n<p>Gracjan Szczerkowski<\/td>\n<\/tr>\n<\/tbody>\n<\/table>\n<p><strong>Rada Miejska<\/strong><strong> okr\u0119g<\/strong> <strong>nr<\/strong> <strong>2<\/strong><\/p>\n<p>OSIEDLA: <strong>Kamienice Stare, Zacisze \u2013 Z\u0119bc\u00f3w, Odolanowskie, Nowe Parcele, Parcele Zacharzewskie.<br \/>\n<\/strong><\/p>\n<table>\n<tbody>\n<tr>\n<td width=\"45\"><strong>LP.<\/strong><\/td>\n<td width=\"671\"><strong>IMI\u0118 I NAZWISKO<\/strong><\/td>\n<\/tr>\n<tr>\n<td width=\"45\">01.<\/td>\n<td width=\"671\">\nMarek \u015aliwi\u0144ski<\/td>\n<\/tr>\n<tr>\n<td width=\"45\">02.<\/td>\n<td width=\"671\">\nEl\u017cbieta Grochowska<\/td>\n<\/tr>\n<tr>\n<td width=\"45\">03.<\/td>\n<td width=\"671\">\nZygmunt Banasiak<\/td>\n<\/tr>\n<tr>\n<td width=\"45\">04.<\/td>\n<td width=\"671\">\nRoman Malujda<\/td>\n<\/tr>\n<tr>\n<td width=\"45\">05.<\/td>\n<td width=\"671\">\nAndrzej Kryjom<\/td>\n<\/tr>\n<tr>\n<td width=\"45\">06.<\/td>\n<td width=\"671\">\nRenata Jaziewicz<\/td>\n<\/tr>\n<tr>\n<td width=\"45\">07.<\/td>\n<td width=\"671\">\nMarcin Ka\u0142u\u017ca<\/td>\n<\/tr>\n<tr>\n<td width=\"45\">08.<\/td>\n<td width=\"671\">\nBeata Dymna-Heine<\/td>\n<\/tr>\n<tr>\n<td width=\"45\">09.<\/td>\n<td width=\"671\">\nMaciej Muszalski<\/td>\n<\/tr>\n<tr>\n<td width=\"45\">10.<\/td>\n<td width=\"671\">\nJoanna Lisiak<\/td>\n<\/tr>\n<\/tbody>\n<\/table>\n<p><strong>Rada Miejska<\/strong><strong> okr\u0119g nr<\/strong> <strong>3<\/strong><\/p>\n<p>OSIEDLA: <strong>Jana Paw\u0142a II, Powsta\u0144c\u00f3w Wielkopolskich.<\/strong><\/p>\n<table>\n<tbody>\n<tr>\n<td width=\"45\"><strong>LP.<\/strong><\/td>\n<td width=\"671\"><strong>IMI\u0118 I NAZWISKO\u00a0\u00a0\u00a0\u00a0\u00a0\u00a0\u00a0\u00a0 \u00a0\u00a0\u00a0\u00a0\u00a0\u00a0\u00a0\u00a0\u00a0\u00a0\u00a0\u00a0\u00a0\u00a0\u00a0\u00a0\u00a0\u00a0\u00a0\u00a0\u00a0\u00a0\u00a0\u00a0\u00a0\u00a0\u00a0\u00a0\u00a0\u00a0\u00a0\u00a0\u00a0\u00a0\u00a0\u00a0\u00a0\u00a0\u00a0\u00a0\u00a0\u00a0\u00a0\u00a0\u00a0\u00a0\u00a0\u00a0\u00a0\u00a0\u00a0\u00a0\u00a0\u00a0\u00a0\u00a0\u00a0\u00a0\u00a0\u00a0\u00a0\u00a0\u00a0\u00a0\u00a0\u00a0\u00a0<\/strong><\/td>\n<\/tr>\n<tr>\n<td width=\"45\">&nbsp;<\/p>\n<p>01.<\/td>\n<td width=\"671\">\n<p>Beata Klimek<\/td>\n<\/tr>\n<tr>\n<td width=\"45\">&nbsp;<\/p>\n<p>02.<\/td>\n<td width=\"671\">\n<p>Milena Kowalska<\/td>\n<\/tr>\n<tr>\n<td width=\"45\">&nbsp;<\/p>\n<p>03.<\/td>\n<td width=\"671\">\n<p>El\u017cbieta Grocholska<\/td>\n<\/tr>\n<tr>\n<td width=\"45\">&nbsp;<\/p>\n<p>04.<\/td>\n<td width=\"671\">\n<p>Tomasz D\u0105br\u00f3wka<\/td>\n<\/tr>\n<tr>\n<td width=\"45\">&nbsp;<\/p>\n<p>05.<\/td>\n<td width=\"671\">\nEugeniusz Lijewski<\/td>\n<\/tr>\n<tr>\n<td width=\"45\">&nbsp;<\/p>\n<p>06.<\/td>\n<td width=\"671\">\nKarolina Kierzkowska<\/td>\n<\/tr>\n<tr>\n<td width=\"45\">&nbsp;<\/p>\n<p>07.<\/td>\n<td width=\"671\">\n<p>Maciej Ha\u0142as<\/td>\n<\/tr>\n<tr>\n<td width=\"45\">&nbsp;<\/p>\n<p>08.<\/td>\n<td width=\"671\">\n<p>S\u0142awomir Piskorski<\/td>\n<\/tr>\n<tr>\n<td width=\"45\">&nbsp;<\/p>\n<p>09.<\/td>\n<td width=\"671\">\n<p>Wiktoria Miko\u0142ajczyk<span style=\"font-size: 1rem;\">\u00a0 \u00a0 \u00a0 \u00a0 \u00a0 \u00a0 \u00a0 \u00a0 \u00a0 \u00a0 \u00a0\u00a0<\/span><\/td>\n<\/tr>\n<\/tbody>\n<\/table>\n<p><strong>PROGRAM dla powiatu ostrowskiego\u00a0<\/strong><\/p>\n<p>1. Zdecydowane skr\u00f3cenie czasu oczekiwania na SORze.<\/p>\n<p><strong>2. Przywr\u00f3cenie ca\u0142odobowych dy\u017cur\u00f3w w Zak\u0142adzie Diagnostyki Obrazowej.\u00a0<\/strong><\/p>\n<p><strong>3. Przywr\u00f3cenie programu profilaktyki nowotworu piersi w ostrowskim szpitalu. Zapewnienie mammografii i USG. Zdecydowanie kr\u00f3tszy czas na opis bada\u0144 radiologicznych. (Dzi\u015b wynosi on a\u017c 3 miesi\u0105ce, a nawet wi\u0119cej.)<\/strong><\/p>\n<p><strong>4. Wprowadzenie nocnego dy\u017curu stomatologicznego.\u00a0<\/strong><\/p>\n<p><strong>5. Zapewnienie realnej opieki psychologiczno \u2013 psychiatrycznej <\/strong><strong style=\"font-size: 1rem;\">dla dzieci i m\u0142odzie\u017cy.\u00a0<\/strong><\/p>\n<p><strong>6. Poprawa warunk\u00f3w w \u015arodowiskowym Domu Samopomocy, <\/strong><strong style=\"font-size: 1rem;\">w kt\u00f3rym przebywaj\u0105 osoby z niepe\u0142nosprawno\u015bci\u0105 intelektualn\u0105.\u00a0<\/strong><\/p>\n<p><strong>7. Wdro\u017cenie programu wsparcia polityki wytchnieniowej dla rodzic\u00f3w i opiekun\u00f3w os\u00f3b z niepe\u0142nosprawno\u015bciami.\u00a0<\/strong><\/p>\n<p><strong>8. Znacz\u0105ce zwi\u0119kszenie pieni\u0119dzy na budow\u0119 i modernizacj\u0119 dr\u00f3g powiatowych.<\/strong><\/p>\n<p><strong>9. Poprawa stanu dr\u00f3g powiatowych &#8211; wi\u0119cej pieni\u0119dzy na ich bie\u017c\u0105ce utrzymanie.\u00a0<\/strong><\/p>\n<p><strong>10. Skuteczne pozyskiwanie funduszy zewn\u0119trznych na budow\u0119 <\/strong><strong style=\"font-size: 1rem;\">i modernizacj\u0119 infrastruktury drogowej.<\/strong><\/p>\n<p><strong>11. Organizacja transportu publicznego na terenie powiatu ostrowskiego m.in.: do potrzeb uczni\u00f3w, kt\u00f3rzy doje\u017cd\u017caj\u0105 z gmin powiatu do szk\u00f3\u0142 \u015brednich.\u00a0<\/strong><\/p>\n<p><strong>12. Zmniejszenie funduszy na promocj\u0119, a w zamian zwi\u0119kszenie dotacji na sport i kultur\u0119.\u00a0<\/strong><\/p>\n<p><strong>13. Powo\u0142anie Funduszu Grantowego Gmin Powiatu Ostrowskiego w wysoko\u015bci miliona z\u0142otych na rzecz organizacji pozarz\u0105dowych.\u00a0<\/strong><\/p>\n<p><strong>\u00a0Kandydaci do Rady Powiatu Ostrowskiego\u00a0<\/strong><\/p>\n<p><strong>RADA POWIATU<\/strong> <strong>OKR\u0118G<\/strong> NR <strong>1<\/strong><\/p>\n<p>OSIEDLA:<strong> \u015ar\u00f3dmie\u015bcie, Wenecja, Kr\u0119pa, Pru\u015blin.<\/strong><\/p>\n<table>\n<tbody>\n<tr>\n<td width=\"45\"><strong>LP.<\/strong><\/td>\n<td width=\"839\"><strong>IMI\u0118 I NAZWISKO<\/strong><\/td>\n<\/tr>\n<tr>\n<td width=\"45\">&nbsp;<\/p>\n<p>&nbsp;<\/p>\n<p>01.<\/td>\n<td width=\"839\">\n<p>Miko\u0142aj Kostka<\/td>\n<\/tr>\n<tr>\n<td width=\"45\">&nbsp;<\/p>\n<p>&nbsp;<\/p>\n<p>02.<\/td>\n<td width=\"839\">\n<p>Szymon Maty\u015bkiewicz<\/td>\n<\/tr>\n<tr>\n<td width=\"45\">&nbsp;<\/p>\n<p>&nbsp;<\/p>\n<p>03.<\/td>\n<td width=\"839\">\n<p>Dorota Grze\u015bkowiak<\/td>\n<\/tr>\n<tr>\n<td width=\"45\">&nbsp;<\/p>\n<p>&nbsp;<\/p>\n<p>04.<\/td>\n<td width=\"839\">\nAnna Tomczak<\/td>\n<\/tr>\n<tr>\n<td width=\"45\">&nbsp;<\/p>\n<p>&nbsp;<\/p>\n<p>05.<\/td>\n<td width=\"839\">\n<p>Ma\u0142gorzata J\u0119drzejak<\/td>\n<\/tr>\n<tr>\n<td width=\"45\">&nbsp;<\/p>\n<p>&nbsp;<\/p>\n<p>06.<\/td>\n<td width=\"839\">\nW\u0142odzimierz Grabowsk<\/td>\n<\/tr>\n<\/tbody>\n<\/table>\n<p><strong>RADA POWIATU<\/strong> <strong>OKR\u0118G<\/strong> NR <strong>2<\/strong><\/p>\n<p>OSIEDLA: <strong>Kamienice Stare, Zacisze \u2013 Z\u0119bc\u00f3w, Odolanowskie, Nowe Parcele, Parcele Zacharzewskie.<br \/>\n<\/strong><\/p>\n<table width=\"888\">\n<tbody>\n<tr>\n<td width=\"45\"><strong>LP.<\/strong><\/td>\n<td width=\"843\"><strong>IMI\u0118 I NAZWISKO<\/strong><\/td>\n<\/tr>\n<tr>\n<td width=\"45\">&nbsp;<\/p>\n<p>01.<\/td>\n<td width=\"843\">\n<p>Mariusz Leki<\/td>\n<\/tr>\n<tr>\n<td width=\"45\">&nbsp;<\/p>\n<p>02.<\/td>\n<td width=\"843\">\nJakub Kaszuba<\/td>\n<\/tr>\n<tr>\n<td width=\"45\">&nbsp;<\/p>\n<p>03.<\/td>\n<td width=\"843\">\n<p>Izabela Hirsa<\/td>\n<\/tr>\n<tr>\n<td width=\"45\">&nbsp;<\/p>\n<p>04.<\/td>\n<td width=\"843\">\n<p>Krystyna Sikora-Mo\u015b<\/td>\n<\/tr>\n<tr>\n<td width=\"45\">&nbsp;<\/p>\n<p>05.<\/td>\n<td width=\"843\">\n<p>Ma\u0142gorzata Zwierzyk<\/td>\n<\/tr>\n<tr>\n<td width=\"45\">&nbsp;<\/p>\n<p>06.<\/td>\n<td width=\"843\">\n<p>\u0141ukasz Gluzman<\/td>\n<\/tr>\n<\/tbody>\n<\/table>\n<p><strong>RADA POWIATU<\/strong> <strong>OKR\u0118G<\/strong> NR <strong>3<\/strong><\/p>\n<p>OSIEDLA: <strong>Jana Paw\u0142a II, Powsta\u0144c\u00f3w Wielkopolskich<\/strong><\/p>\n<table width=\"888\">\n<tbody>\n<tr>\n<td width=\"45\"><strong>LP.<\/strong><\/td>\n<td width=\"843\"><strong>IMI\u0118 I NAZWISKO<\/strong><\/td>\n<\/tr>\n<tr>\n<td width=\"45\">&nbsp;<\/p>\n<p>01.<\/td>\n<td width=\"843\">\n<p>Przemys\u0142aw Klimek<\/td>\n<\/tr>\n<tr>\n<td width=\"45\">&nbsp;<\/p>\n<p>02.<\/td>\n<td width=\"843\">\u00ad\u00ad\u00ad\u00ad<\/p>\n<p>Sebastian G\u00f3rski<\/td>\n<\/tr>\n<tr>\n<td width=\"45\">&nbsp;<\/p>\n<p>03.<\/td>\n<td width=\"843\">\n<p>Renata Spodzieja<\/td>\n<\/tr>\n<tr>\n<td width=\"45\">&nbsp;<\/p>\n<p>04.<\/td>\n<td width=\"843\">\n<p>Bartosz Karasi\u0144ski<\/td>\n<\/tr>\n<tr>\n<td width=\"45\">&nbsp;<\/p>\n<p>05.<\/td>\n<td width=\"843\">\n<p>Daria Jakubek-Szczepaniak<\/td>\n<\/tr>\n<tr>\n<td width=\"45\">06.<\/td>\n<td width=\"843\">\n<p>Aneta Lewandowska-Maksymenko<\/td>\n<\/tr>\n<\/tbody>\n<\/table>\n<p><strong>RADA POWIATU<\/strong> <strong>OKR\u0118G<\/strong> NR <strong>4<\/strong><\/p>\n<p>GMINA <strong>Nowe Skalmierzyce<\/strong><\/p>\n<table width=\"888\">\n<tbody>\n<tr>\n<td width=\"45\"><strong>LP.<\/strong><\/td>\n<td width=\"843\"><strong>IMI\u0118 I NAZWISKO<\/strong><\/td>\n<\/tr>\n<tr>\n<td width=\"45\">&nbsp;<\/p>\n<p>01.<\/td>\n<td width=\"843\">Piotr Stencel<\/td>\n<\/tr>\n<tr>\n<td width=\"45\">&nbsp;<\/p>\n<p>02.<\/td>\n<td width=\"843\">Brygida Otwiaska<\/td>\n<\/tr>\n<tr>\n<td width=\"45\">&nbsp;<\/p>\n<p>03.<\/td>\n<td width=\"843\">Lucyna Lisiak-Kycia<\/td>\n<\/tr>\n<tr>\n<td width=\"45\">&nbsp;<\/p>\n<p>04.<\/td>\n<td width=\"843\">Ma\u0142gorzata John<\/td>\n<\/tr>\n<tr>\n<td width=\"45\">&nbsp;<\/p>\n<p>05.<\/td>\n<td width=\"843\">Karol Bukowski<\/td>\n<\/tr>\n<\/tbody>\n<\/table>\n<p><strong>RADA POWIATU<\/strong> <strong>OKR\u0118G<\/strong> NR <strong>5<\/strong><\/p>\n<p>GMINY: <strong>Raszk\u00f3w, Ostr\u00f3w Wielkopolski<\/strong><\/p>\n<table width=\"952\">\n<tbody>\n<tr>\n<td width=\"45\"><strong>LP.<\/strong><\/td>\n<td width=\"841\"><strong>IMI\u0118 I NAZWISKO<\/strong><\/td>\n<td width=\"66\"><strong>P\u0141E\u0106<\/strong><\/td>\n<\/tr>\n<tr>\n<td width=\"45\">&nbsp;<\/p>\n<p>01.<\/td>\n<td width=\"841\">Barbara Hofman<\/td>\n<td width=\"66\">&nbsp;<\/td>\n<\/tr>\n<tr>\n<td width=\"45\">&nbsp;<\/p>\n<p>02.<\/td>\n<td width=\"841\">Katarzyna Str\u0105k<\/td>\n<td width=\"66\">&nbsp;<\/td>\n<\/tr>\n<tr>\n<td width=\"45\">&nbsp;<\/p>\n<p>03.<\/td>\n<td width=\"841\">Tadeusz Wewi\u00f3r<\/td>\n<td width=\"66\">&nbsp;<\/td>\n<\/tr>\n<tr>\n<td width=\"45\">&nbsp;<\/p>\n<p>04.<\/td>\n<td width=\"841\">Patryk P\u0142omi\u0144ski<\/td>\n<td width=\"66\">&nbsp;<\/td>\n<\/tr>\n<tr>\n<td width=\"45\">&nbsp;<\/p>\n<p>05.<\/td>\n<td width=\"841\">Agata Krysiak<\/td>\n<td width=\"66\">&nbsp;<\/td>\n<\/tr>\n<tr>\n<td width=\"45\">&nbsp;<\/p>\n<p>06.<\/td>\n<td width=\"841\">Rafa\u0142 Stryjak<\/td>\n<td width=\"66\">&nbsp;<\/td>\n<\/tr>\n<tr>\n<td width=\"45\">&nbsp;<\/p>\n<p>07.<\/td>\n<td width=\"841\">Bartosz Giwerski<\/td>\n<td width=\"66\">&nbsp;<\/td>\n<\/tr>\n<\/tbody>\n<\/table>\n<p><strong>RADA POWIATU<\/strong> <strong>OKR\u0118G<\/strong> NR <strong>6<\/strong><\/p>\n<p>GMINY:<strong>\u00a0 Odolan\u00f3w, Przygodzice, Sieroszewice, \u00a0So\u015bnie<br \/>\n<\/strong><\/p>\n<table width=\"886\">\n<tbody>\n<tr>\n<td width=\"45\"><strong>LP.<\/strong><\/td>\n<td width=\"841\"><strong>IMI\u0118 I NAZWISKO<\/strong><\/td>\n<\/tr>\n<tr>\n<td width=\"45\">&nbsp;<\/p>\n<p>01.<\/td>\n<td width=\"841\">Marian Janicki<\/td>\n<\/tr>\n<tr>\n<td width=\"45\">&nbsp;<\/p>\n<p>02.<\/td>\n<td width=\"841\">J\u00f3zef Wajs<\/td>\n<\/tr>\n<tr>\n<td width=\"45\">&nbsp;<\/p>\n<p>03.<\/td>\n<td width=\"841\">Anna Wo\u017anica<\/td>\n<\/tr>\n<tr>\n<td width=\"45\">&nbsp;<\/p>\n<p>04.<\/td>\n<td width=\"841\">Bo\u017cena Jab\u0142o\u0144ska<\/td>\n<\/tr>\n<tr>\n<td width=\"45\">&nbsp;<\/p>\n<p>05.<\/td>\n<td width=\"841\">Milena Pig\u0142owska<\/td>\n<\/tr>\n<tr>\n<td width=\"45\">&nbsp;<\/p>\n<p>06.<\/td>\n<td width=\"841\">Mariusz Dolata<\/td>\n<\/tr>\n<tr>\n<td width=\"45\">&nbsp;<\/p>\n<p>07.<\/td>\n<td width=\"841\">Eustachia Tomczak<\/td>\n<\/tr>\n<tr>\n<td width=\"45\">&nbsp;<\/p>\n<p>08.<\/td>\n<td width=\"841\">Weronika Knap<\/td>\n<\/tr>\n<tr>\n<td width=\"45\">09.<\/td>\n<td width=\"841\">Tomasz Jankowiak<\/td>\n<\/tr>\n<\/tbody>\n<\/table>\n<p>&nbsp;<\/p>\n","protected":false},"excerpt":{"rendered":"W samo po\u0142udnie na ostrowskim Rynku nast\u0105pi\u0142a prezentacja dru\u017cyny Beaty Klimek do miasta i powiatu. Przedstawiono tak\u017ce 17 punkt\u00f3w programowych. Ci\u0105g dalszy artyku\u0142y \n<a class=\"moretag\" href=\"https:\/\/ostrowskatv.pl\/?p=28502\"> [...]<\/a>","protected":false},"author":1,"featured_media":28518,"comment_status":"open","ping_status":"closed","sticky":false,"template":"","format":"standard","meta":{"footnotes":""},"categories":[1],"tags":[2],"class_list":["post-28502","post","type-post","status-publish","format-standard","has-post-thumbnail","hentry","category-news","tag-ostrow-wielkopolski"],"_links":{"self":[{"href":"https:\/\/ostrowskatv.pl\/index.php?rest_route=\/wp\/v2\/posts\/28502","targetHints":{"allow":["GET"]}}],"collection":[{"href":"https:\/\/ostrowskatv.pl\/index.php?rest_route=\/wp\/v2\/posts"}],"about":[{"href":"https:\/\/ostrowskatv.pl\/index.php?rest_route=\/wp\/v2\/types\/post"}],"author":[{"embeddable":true,"href":"https:\/\/ostrowskatv.pl\/index.php?rest_route=\/wp\/v2\/users\/1"}],"replies":[{"embeddable":true,"href":"https:\/\/ostrowskatv.pl\/index.php?rest_route=%2Fwp%2Fv2%2Fcomments&post=28502"}],"version-history":[{"count":0,"href":"https:\/\/ostrowskatv.pl\/index.php?rest_route=\/wp\/v2\/posts\/28502\/revisions"}],"wp:featuredmedia":[{"embeddable":true,"href":"https:\/\/ostrowskatv.pl\/index.php?rest_route=\/wp\/v2\/media\/28518"}],"wp:attachment":[{"href":"https:\/\/ostrowskatv.pl\/index.php?rest_route=%2Fwp%2Fv2%2Fmedia&parent=28502"}],"wp:term":[{"taxonomy":"category","embeddable":true,"href":"https:\/\/ostrowskatv.pl\/index.php?rest_route=%2Fwp%2Fv2%2Fcategories&post=28502"},{"taxonomy":"post_tag","embeddable":true,"href":"https:\/\/ostrowskatv.pl\/index.php?rest_route=%2Fwp%2Fv2%2Ftags&post=28502"}],"curies":[{"name":"wp","href":"https:\/\/api.w.org\/{rel}","templated":true}]}}