{"id":28486,"date":"2024-02-29T12:22:45","date_gmt":"2024-02-29T11:22:45","guid":{"rendered":"https:\/\/ostrowskatv.pl\/?p=28486"},"modified":"2024-02-29T12:22:45","modified_gmt":"2024-02-29T11:22:45","slug":"chcial-targnac-sie-na-swoje-zycie","status":"publish","type":"post","link":"https:\/\/ostrowskatv.pl\/?p=28486","title":{"rendered":"Chcia\u0142 targn\u0105\u0107 si\u0119 na swoje \u017cycie"},"content":{"rendered":"<p><strong>O trzeciej w nocy policja otrzyma\u0142a zg\u0142oszenie o m\u0119\u017cczy\u017anie, kt\u00f3ry chce targn\u0105\u0107 si\u0119 na swoje \u017cycie. Na miejsce wys\u0142ano patrole policji. <\/strong><\/p>\n<p>Na terenie jednego z gospodarstw w Janis\u0142awicach (gm. So\u015bnie) funkcjonariusze poszukiwali 30-latka. Po chwili zosta\u0142 znaleziony na drzewie. Na miejsce wys\u0142ano stra\u017cak\u00f3w z podno\u015bnikiem w celu zdj\u0119cia m\u0119\u017cczyzny. <\/p>\n<p>Uda\u0142o si\u0119 go uratowa\u0107 i przekaza\u0107 medykom.<\/p>\n","protected":false},"excerpt":{"rendered":"O trzeciej w nocy policja otrzyma\u0142a zg\u0142oszenie o m\u0119\u017cczy\u017anie, kt\u00f3ry chce targn\u0105\u0107 si\u0119 na swoje \u017cycie. Na miejsce wys\u0142ano patrole policji. Na terenie \n<a class=\"moretag\" href=\"https:\/\/ostrowskatv.pl\/?p=28486\"> [...]<\/a>","protected":false},"author":1,"featured_media":17521,"comment_status":"open","ping_status":"closed","sticky":false,"template":"","format":"standard","meta":{"footnotes":""},"categories":[1],"tags":[122],"class_list":["post-28486","post","type-post","status-publish","format-standard","has-post-thumbnail","hentry","category-news","tag-gm-sosnie"],"_links":{"self":[{"href":"https:\/\/ostrowskatv.pl\/index.php?rest_route=\/wp\/v2\/posts\/28486","targetHints":{"allow":["GET"]}}],"collection":[{"href":"https:\/\/ostrowskatv.pl\/index.php?rest_route=\/wp\/v2\/posts"}],"about":[{"href":"https:\/\/ostrowskatv.pl\/index.php?rest_route=\/wp\/v2\/types\/post"}],"author":[{"embeddable":true,"href":"https:\/\/ostrowskatv.pl\/index.php?rest_route=\/wp\/v2\/users\/1"}],"replies":[{"embeddable":true,"href":"https:\/\/ostrowskatv.pl\/index.php?rest_route=%2Fwp%2Fv2%2Fcomments&post=28486"}],"version-history":[{"count":0,"href":"https:\/\/ostrowskatv.pl\/index.php?rest_route=\/wp\/v2\/posts\/28486\/revisions"}],"wp:featuredmedia":[{"embeddable":true,"href":"https:\/\/ostrowskatv.pl\/index.php?rest_route=\/wp\/v2\/media\/17521"}],"wp:attachment":[{"href":"https:\/\/ostrowskatv.pl\/index.php?rest_route=%2Fwp%2Fv2%2Fmedia&parent=28486"}],"wp:term":[{"taxonomy":"category","embeddable":true,"href":"https:\/\/ostrowskatv.pl\/index.php?rest_route=%2Fwp%2Fv2%2Fcategories&post=28486"},{"taxonomy":"post_tag","embeddable":true,"href":"https:\/\/ostrowskatv.pl\/index.php?rest_route=%2Fwp%2Fv2%2Ftags&post=28486"}],"curies":[{"name":"wp","href":"https:\/\/api.w.org\/{rel}","templated":true}]}}