{"id":28475,"date":"2024-02-28T09:48:39","date_gmt":"2024-02-28T08:48:39","guid":{"rendered":"https:\/\/ostrowskatv.pl\/?p=28475"},"modified":"2024-02-28T09:48:39","modified_gmt":"2024-02-28T08:48:39","slug":"rolnicy-spontanicznie-protestowali","status":"publish","type":"post","link":"https:\/\/ostrowskatv.pl\/?p=28475","title":{"rendered":"Rolnicy spontanicznie protestowali"},"content":{"rendered":"<p><strong>We wtorek przed godzin\u0105 13 grupa rolnik\u00f3w z powiatu ostrowskiego postanowi\u0142a zaprotestowa\u0107 w spos\u00f3b spontaniczny. Kilkana\u015bcie ci\u0105gnik\u00f3w wyjecha\u0142o z Jankowa Zale\u015bnego i dotarli do Ostrowa Wielkopolskiego.<\/strong><\/p>\n<p>Powodem do protestu by\u0142o przy\u0142\u0105czenie si\u0119 do du\u017cego strajku, odbywaj\u0105cego si\u0119 w Warszawie. To tam tysi\u0105ce rolnik\u00f3w id\u0105c pieszo manifestowali swoje niezadowolenie z powodu importu nieprzebadanej \u017cywno\u015bci z terenu Ukrainy oraz Zielonemu \u0141adowi, kt\u00f3ry wymy\u015bli\u0142 polityk Prawa i Sprawiedliwo\u015bci, a obecny rz\u0105d nie zadeklarowa\u0142 odej\u015bcia od jego postanowie\u0144.<\/p>\n<p>Rolnicy przejechali w grupkach drog\u0105 krajow\u0105 nr 36, skr\u0119cili w ulic\u0119 Pozna\u0144sk\u0105. Zatrzymali si\u0119 przy firmie produkuj\u0105cej ostrowsk\u0105 m\u0105k\u0119. Stamt\u0105d udali si\u0119 do Raszkowa na Rynek i zako\u0144czyli sw\u00f3j protest. Do traktor\u00f3w by\u0142y przyczepione flagi Polski.<\/p>\n<p>Podczas lokalnego protestu nie dosz\u0142o do incydent\u00f3w czy pr\u00f3b blokowania ulic czy firm.<\/p>\n<p><img loading=\"lazy\" decoding=\"async\" src=\"https:\/\/ostrowskatv.pl\/wp-content\/uploads\/2024\/02\/1000045828-01.jpeg\" alt=\"\" width=\"1920\" height=\"1221\" class=\"alignnone size-full wp-image-28476\" srcset=\"https:\/\/ostrowskatv.pl\/wp-content\/uploads\/2024\/02\/1000045828-01.jpeg 1920w, https:\/\/ostrowskatv.pl\/wp-content\/uploads\/2024\/02\/1000045828-01-300x191.jpeg 300w, https:\/\/ostrowskatv.pl\/wp-content\/uploads\/2024\/02\/1000045828-01-1333x848.jpeg 1333w, https:\/\/ostrowskatv.pl\/wp-content\/uploads\/2024\/02\/1000045828-01-1536x977.jpeg 1536w\" sizes=\"auto, (max-width: 1920px) 100vw, 1920px\" \/><\/p>\n<p><img loading=\"lazy\" decoding=\"async\" src=\"https:\/\/ostrowskatv.pl\/wp-content\/uploads\/2024\/02\/1000045826-01.jpeg\" alt=\"\" width=\"1920\" height=\"1208\" class=\"alignnone size-full wp-image-28477\" srcset=\"https:\/\/ostrowskatv.pl\/wp-content\/uploads\/2024\/02\/1000045826-01.jpeg 1920w, https:\/\/ostrowskatv.pl\/wp-content\/uploads\/2024\/02\/1000045826-01-300x189.jpeg 300w, https:\/\/ostrowskatv.pl\/wp-content\/uploads\/2024\/02\/1000045826-01-1333x839.jpeg 1333w, https:\/\/ostrowskatv.pl\/wp-content\/uploads\/2024\/02\/1000045826-01-1536x966.jpeg 1536w\" sizes=\"auto, (max-width: 1920px) 100vw, 1920px\" \/><\/p>\n<p><img loading=\"lazy\" decoding=\"async\" src=\"https:\/\/ostrowskatv.pl\/wp-content\/uploads\/2024\/02\/1000045825-01.jpeg\" alt=\"\" width=\"1920\" height=\"1196\" class=\"alignnone size-full wp-image-28478\" srcset=\"https:\/\/ostrowskatv.pl\/wp-content\/uploads\/2024\/02\/1000045825-01.jpeg 1920w, https:\/\/ostrowskatv.pl\/wp-content\/uploads\/2024\/02\/1000045825-01-300x187.jpeg 300w, https:\/\/ostrowskatv.pl\/wp-content\/uploads\/2024\/02\/1000045825-01-1333x830.jpeg 1333w, https:\/\/ostrowskatv.pl\/wp-content\/uploads\/2024\/02\/1000045825-01-1536x957.jpeg 1536w\" sizes=\"auto, (max-width: 1920px) 100vw, 1920px\" \/><\/p>\n<p><img loading=\"lazy\" decoding=\"async\" src=\"https:\/\/ostrowskatv.pl\/wp-content\/uploads\/2024\/02\/1000045824-01.jpeg\" alt=\"\" width=\"1920\" height=\"1179\" class=\"alignnone size-full wp-image-28479\" srcset=\"https:\/\/ostrowskatv.pl\/wp-content\/uploads\/2024\/02\/1000045824-01.jpeg 1920w, https:\/\/ostrowskatv.pl\/wp-content\/uploads\/2024\/02\/1000045824-01-300x184.jpeg 300w, https:\/\/ostrowskatv.pl\/wp-content\/uploads\/2024\/02\/1000045824-01-1333x819.jpeg 1333w, https:\/\/ostrowskatv.pl\/wp-content\/uploads\/2024\/02\/1000045824-01-1536x943.jpeg 1536w\" sizes=\"auto, (max-width: 1920px) 100vw, 1920px\" \/><\/p>\n<p><img loading=\"lazy\" decoding=\"async\" src=\"https:\/\/ostrowskatv.pl\/wp-content\/uploads\/2024\/02\/1000045823-01.jpeg\" alt=\"\" width=\"1920\" height=\"938\" class=\"alignnone size-full wp-image-28480\" srcset=\"https:\/\/ostrowskatv.pl\/wp-content\/uploads\/2024\/02\/1000045823-01.jpeg 1920w, https:\/\/ostrowskatv.pl\/wp-content\/uploads\/2024\/02\/1000045823-01-300x147.jpeg 300w, https:\/\/ostrowskatv.pl\/wp-content\/uploads\/2024\/02\/1000045823-01-1333x651.jpeg 1333w, https:\/\/ostrowskatv.pl\/wp-content\/uploads\/2024\/02\/1000045823-01-1536x750.jpeg 1536w\" sizes=\"auto, (max-width: 1920px) 100vw, 1920px\" \/><\/p>\n<p><img loading=\"lazy\" decoding=\"async\" src=\"https:\/\/ostrowskatv.pl\/wp-content\/uploads\/2024\/02\/1000045822-01.jpeg\" alt=\"\" width=\"1920\" height=\"950\" class=\"alignnone size-full wp-image-28481\" srcset=\"https:\/\/ostrowskatv.pl\/wp-content\/uploads\/2024\/02\/1000045822-01.jpeg 1920w, https:\/\/ostrowskatv.pl\/wp-content\/uploads\/2024\/02\/1000045822-01-300x148.jpeg 300w, https:\/\/ostrowskatv.pl\/wp-content\/uploads\/2024\/02\/1000045822-01-1333x660.jpeg 1333w, https:\/\/ostrowskatv.pl\/wp-content\/uploads\/2024\/02\/1000045822-01-1536x760.jpeg 1536w\" sizes=\"auto, (max-width: 1920px) 100vw, 1920px\" \/><\/p>\n<p><img loading=\"lazy\" decoding=\"async\" src=\"https:\/\/ostrowskatv.pl\/wp-content\/uploads\/2024\/02\/1000045821-01.jpeg\" alt=\"\" width=\"1920\" height=\"1019\" class=\"alignnone size-full wp-image-28482\" srcset=\"https:\/\/ostrowskatv.pl\/wp-content\/uploads\/2024\/02\/1000045821-01.jpeg 1920w, https:\/\/ostrowskatv.pl\/wp-content\/uploads\/2024\/02\/1000045821-01-300x159.jpeg 300w, https:\/\/ostrowskatv.pl\/wp-content\/uploads\/2024\/02\/1000045821-01-1333x707.jpeg 1333w, https:\/\/ostrowskatv.pl\/wp-content\/uploads\/2024\/02\/1000045821-01-1536x815.jpeg 1536w\" sizes=\"auto, (max-width: 1920px) 100vw, 1920px\" \/><\/p>\n<p><img loading=\"lazy\" decoding=\"async\" src=\"https:\/\/ostrowskatv.pl\/wp-content\/uploads\/2024\/02\/1000045820-01.jpeg\" alt=\"\" width=\"1920\" height=\"995\" class=\"alignnone size-full wp-image-28483\" srcset=\"https:\/\/ostrowskatv.pl\/wp-content\/uploads\/2024\/02\/1000045820-01.jpeg 1920w, https:\/\/ostrowskatv.pl\/wp-content\/uploads\/2024\/02\/1000045820-01-300x155.jpeg 300w, https:\/\/ostrowskatv.pl\/wp-content\/uploads\/2024\/02\/1000045820-01-1333x691.jpeg 1333w, https:\/\/ostrowskatv.pl\/wp-content\/uploads\/2024\/02\/1000045820-01-1536x796.jpeg 1536w\" sizes=\"auto, (max-width: 1920px) 100vw, 1920px\" \/><\/p>\n","protected":false},"excerpt":{"rendered":"We wtorek przed godzin\u0105 13 grupa rolnik\u00f3w z powiatu ostrowskiego postanowi\u0142a zaprotestowa\u0107 w spos\u00f3b spontaniczny. Kilkana\u015bcie ci\u0105gnik\u00f3w wyjecha\u0142o z Jankowa Zale\u015bnego i dotarli \n<a class=\"moretag\" href=\"https:\/\/ostrowskatv.pl\/?p=28475\"> [...]<\/a>","protected":false},"author":1,"featured_media":28480,"comment_status":"open","ping_status":"closed","sticky":false,"template":"","format":"standard","meta":{"footnotes":""},"categories":[1],"tags":[2],"class_list":["post-28475","post","type-post","status-publish","format-standard","has-post-thumbnail","hentry","category-news","tag-ostrow-wielkopolski"],"_links":{"self":[{"href":"https:\/\/ostrowskatv.pl\/index.php?rest_route=\/wp\/v2\/posts\/28475","targetHints":{"allow":["GET"]}}],"collection":[{"href":"https:\/\/ostrowskatv.pl\/index.php?rest_route=\/wp\/v2\/posts"}],"about":[{"href":"https:\/\/ostrowskatv.pl\/index.php?rest_route=\/wp\/v2\/types\/post"}],"author":[{"embeddable":true,"href":"https:\/\/ostrowskatv.pl\/index.php?rest_route=\/wp\/v2\/users\/1"}],"replies":[{"embeddable":true,"href":"https:\/\/ostrowskatv.pl\/index.php?rest_route=%2Fwp%2Fv2%2Fcomments&post=28475"}],"version-history":[{"count":0,"href":"https:\/\/ostrowskatv.pl\/index.php?rest_route=\/wp\/v2\/posts\/28475\/revisions"}],"wp:featuredmedia":[{"embeddable":true,"href":"https:\/\/ostrowskatv.pl\/index.php?rest_route=\/wp\/v2\/media\/28480"}],"wp:attachment":[{"href":"https:\/\/ostrowskatv.pl\/index.php?rest_route=%2Fwp%2Fv2%2Fmedia&parent=28475"}],"wp:term":[{"taxonomy":"category","embeddable":true,"href":"https:\/\/ostrowskatv.pl\/index.php?rest_route=%2Fwp%2Fv2%2Fcategories&post=28475"},{"taxonomy":"post_tag","embeddable":true,"href":"https:\/\/ostrowskatv.pl\/index.php?rest_route=%2Fwp%2Fv2%2Ftags&post=28475"}],"curies":[{"name":"wp","href":"https:\/\/api.w.org\/{rel}","templated":true}]}}