{"id":2847,"date":"2017-01-05T15:45:55","date_gmt":"2017-01-05T14:45:55","guid":{"rendered":"http:\/\/ostrowska.tv\/?p=2847"},"modified":"2017-01-05T15:45:55","modified_gmt":"2017-01-05T14:45:55","slug":"posel-poszkodowany-w-kolizji","status":"publish","type":"post","link":"https:\/\/ostrowskatv.pl\/?p=2847","title":{"rendered":"Pose\u0142 poszkodowany w kolizji"},"content":{"rendered":"<p><strong>W czwartek o godzinie 15:00 dosz\u0142o do kolizji na Alei S\u0142owackiego w Ostrowie Wlkp. Kierowca samochodu ci\u0119\u017carowego DAF jad\u0105c lewym pasem nie zauwa\u017cy\u0142 samochodu osobowego Chevrolet b\u0119d\u0105cego na prawym pasie. Zmiana pasa ruchu przez DAF-a zako\u0144czy\u0142a si\u0119 uderzeniem w bok osob\u00f3wki i obr\u00f3cenie jej o 180 stopni. W \u015brodku Chevroleta jecha\u0142 pose\u0142 Jan Mosi\u0144ski z Prawa i Sprawiedliwo\u015bci.<\/strong><\/p>\n<p>Cho\u0107 samo zdarzenie wygl\u0105da\u0142o do\u015b\u0107 gro\u017anie, pos\u0142owi nic si\u0119 nie sta\u0142o. Jednak patrz\u0105c na uszkodzenia, b\u0119dzie musia\u0142 rozwa\u017cy\u0107 czy remontowa\u0107 samoch\u00f3d, z kt\u00f3rym zapewne jest zwi\u0105zany sentymentalnie, czy zastosowa\u0107 &#8222;dobr\u0105 zmian\u0119&#8221; i od\u015bwie\u017cy\u0107 park maszyn.<\/p>\n<div id='gallery-1' class='gallery galleryid-2847 gallery-columns-3 gallery-size-thumbnail'><figure class='gallery-item'>\n\t\t\t<div class='gallery-icon landscape'>\n\t\t\t\t<a href='https:\/\/ostrowskatv.pl\/?attachment_id=2850'><img loading=\"lazy\" decoding=\"async\" width=\"150\" height=\"150\" src=\"https:\/\/ostrowskatv.pl\/wp-content\/uploads\/2017\/01\/mosinski-kolizja-3-150x150.jpg\" class=\"attachment-thumbnail size-thumbnail\" alt=\"\" \/><\/a>\n\t\t\t<\/div><\/figure><figure class='gallery-item'>\n\t\t\t<div class='gallery-icon landscape'>\n\t\t\t\t<a href='https:\/\/ostrowskatv.pl\/?attachment_id=2849'><img loading=\"lazy\" decoding=\"async\" width=\"150\" height=\"150\" src=\"https:\/\/ostrowskatv.pl\/wp-content\/uploads\/2017\/01\/mosinski-kolizja-2-150x150.jpg\" class=\"attachment-thumbnail size-thumbnail\" alt=\"\" \/><\/a>\n\t\t\t<\/div><\/figure><figure class='gallery-item'>\n\t\t\t<div class='gallery-icon landscape'>\n\t\t\t\t<a href='https:\/\/ostrowskatv.pl\/?attachment_id=2848'><img loading=\"lazy\" decoding=\"async\" width=\"150\" height=\"150\" src=\"https:\/\/ostrowskatv.pl\/wp-content\/uploads\/2017\/01\/mosinski-kolizja-1-150x150.jpg\" class=\"attachment-thumbnail size-thumbnail\" alt=\"\" \/><\/a>\n\t\t\t<\/div><\/figure>\n\t\t<\/div>\n\n","protected":false},"excerpt":{"rendered":"W czwartek o godzinie 15:00 dosz\u0142o do kolizji na Alei S\u0142owackiego w Ostrowie Wlkp. Kierowca samochodu ci\u0119\u017carowego DAF jad\u0105c lewym pasem nie zauwa\u017cy\u0142 \n<a class=\"moretag\" href=\"https:\/\/ostrowskatv.pl\/?p=2847\"> [...]<\/a>","protected":false},"author":1,"featured_media":2848,"comment_status":"open","ping_status":"open","sticky":false,"template":"","format":"standard","meta":{"footnotes":""},"categories":[1],"tags":[2],"class_list":["post-2847","post","type-post","status-publish","format-standard","has-post-thumbnail","hentry","category-news","tag-ostrow-wielkopolski"],"_links":{"self":[{"href":"https:\/\/ostrowskatv.pl\/index.php?rest_route=\/wp\/v2\/posts\/2847","targetHints":{"allow":["GET"]}}],"collection":[{"href":"https:\/\/ostrowskatv.pl\/index.php?rest_route=\/wp\/v2\/posts"}],"about":[{"href":"https:\/\/ostrowskatv.pl\/index.php?rest_route=\/wp\/v2\/types\/post"}],"author":[{"embeddable":true,"href":"https:\/\/ostrowskatv.pl\/index.php?rest_route=\/wp\/v2\/users\/1"}],"replies":[{"embeddable":true,"href":"https:\/\/ostrowskatv.pl\/index.php?rest_route=%2Fwp%2Fv2%2Fcomments&post=2847"}],"version-history":[{"count":0,"href":"https:\/\/ostrowskatv.pl\/index.php?rest_route=\/wp\/v2\/posts\/2847\/revisions"}],"wp:featuredmedia":[{"embeddable":true,"href":"https:\/\/ostrowskatv.pl\/index.php?rest_route=\/wp\/v2\/media\/2848"}],"wp:attachment":[{"href":"https:\/\/ostrowskatv.pl\/index.php?rest_route=%2Fwp%2Fv2%2Fmedia&parent=2847"}],"wp:term":[{"taxonomy":"category","embeddable":true,"href":"https:\/\/ostrowskatv.pl\/index.php?rest_route=%2Fwp%2Fv2%2Fcategories&post=2847"},{"taxonomy":"post_tag","embeddable":true,"href":"https:\/\/ostrowskatv.pl\/index.php?rest_route=%2Fwp%2Fv2%2Ftags&post=2847"}],"curies":[{"name":"wp","href":"https:\/\/api.w.org\/{rel}","templated":true}]}}