{"id":28421,"date":"2024-02-26T10:55:06","date_gmt":"2024-02-26T09:55:06","guid":{"rendered":"https:\/\/ostrowskatv.pl\/?p=28421"},"modified":"2024-02-26T11:55:52","modified_gmt":"2024-02-26T10:55:52","slug":"pis-oglosilo-kandydatke-na-prezydenta-ostrowa-wielkopolskiego","status":"publish","type":"post","link":"https:\/\/ostrowskatv.pl\/?p=28421","title":{"rendered":"PiS og\u0142osi\u0142o kandydatk\u0119 na prezydenta Ostrowa Wielkopolskiego"},"content":{"rendered":"<p><strong>Ostrowskie struktury ujawni\u0142y osob\u0119, kt\u00f3ra powalczy o fotel prezydenta naszego miasta. Nie b\u0119dzie ni\u0105 ani Marlena Mal\u0105g czy Piotr Lepka. Dzia\u0142acze postawili na Marzenn\u0119 Nowak.<\/strong><\/p>\n<p>Marzena Nowak obecnie jest radn\u0105 miejsk\u0105 oraz nauczycielk\u0105 j\u0119zyka polskiego w jednym z lice\u00f3w. Wkr\u00f3tce przybli\u017cymy obietnice wyborcze.<\/p>\n<p>Ci\u0105g dalszy pod zdj\u0119ciami<\/p>\n<p><img loading=\"lazy\" decoding=\"async\" class=\"alignnone size-full wp-image-28423\" src=\"https:\/\/ostrowskatv.pl\/wp-content\/uploads\/2024\/02\/1000045719-01.jpeg\" alt=\"\" width=\"1920\" height=\"1440\" srcset=\"https:\/\/ostrowskatv.pl\/wp-content\/uploads\/2024\/02\/1000045719-01.jpeg 1920w, https:\/\/ostrowskatv.pl\/wp-content\/uploads\/2024\/02\/1000045719-01-300x225.jpeg 300w, https:\/\/ostrowskatv.pl\/wp-content\/uploads\/2024\/02\/1000045719-01-1333x1000.jpeg 1333w, https:\/\/ostrowskatv.pl\/wp-content\/uploads\/2024\/02\/1000045719-01-1536x1152.jpeg 1536w\" sizes=\"auto, (max-width: 1920px) 100vw, 1920px\" \/><\/p>\n<p><img loading=\"lazy\" decoding=\"async\" class=\"alignnone size-full wp-image-28424\" src=\"https:\/\/ostrowskatv.pl\/wp-content\/uploads\/2024\/02\/1000045720-01.jpeg\" alt=\"\" width=\"1920\" height=\"911\" srcset=\"https:\/\/ostrowskatv.pl\/wp-content\/uploads\/2024\/02\/1000045720-01.jpeg 1920w, https:\/\/ostrowskatv.pl\/wp-content\/uploads\/2024\/02\/1000045720-01-300x142.jpeg 300w, https:\/\/ostrowskatv.pl\/wp-content\/uploads\/2024\/02\/1000045720-01-1333x632.jpeg 1333w, https:\/\/ostrowskatv.pl\/wp-content\/uploads\/2024\/02\/1000045720-01-1536x729.jpeg 1536w\" sizes=\"auto, (max-width: 1920px) 100vw, 1920px\" \/><\/p>\n<p><img loading=\"lazy\" decoding=\"async\" class=\"alignnone size-full wp-image-28427\" src=\"https:\/\/ostrowskatv.pl\/wp-content\/uploads\/2024\/02\/1000045733-01.jpeg\" alt=\"\" width=\"1920\" height=\"1440\" srcset=\"https:\/\/ostrowskatv.pl\/wp-content\/uploads\/2024\/02\/1000045733-01.jpeg 1920w, https:\/\/ostrowskatv.pl\/wp-content\/uploads\/2024\/02\/1000045733-01-300x225.jpeg 300w, https:\/\/ostrowskatv.pl\/wp-content\/uploads\/2024\/02\/1000045733-01-1333x1000.jpeg 1333w, https:\/\/ostrowskatv.pl\/wp-content\/uploads\/2024\/02\/1000045733-01-1536x1152.jpeg 1536w\" sizes=\"auto, (max-width: 1920px) 100vw, 1920px\" \/><\/p>\n<p><img loading=\"lazy\" decoding=\"async\" class=\"alignnone size-full wp-image-28428\" src=\"https:\/\/ostrowskatv.pl\/wp-content\/uploads\/2024\/02\/1000045732-01.jpeg\" alt=\"\" width=\"1920\" height=\"1440\" srcset=\"https:\/\/ostrowskatv.pl\/wp-content\/uploads\/2024\/02\/1000045732-01.jpeg 1920w, https:\/\/ostrowskatv.pl\/wp-content\/uploads\/2024\/02\/1000045732-01-300x225.jpeg 300w, https:\/\/ostrowskatv.pl\/wp-content\/uploads\/2024\/02\/1000045732-01-1333x1000.jpeg 1333w, https:\/\/ostrowskatv.pl\/wp-content\/uploads\/2024\/02\/1000045732-01-1536x1152.jpeg 1536w\" sizes=\"auto, (max-width: 1920px) 100vw, 1920px\" \/><\/p>\n<p><img loading=\"lazy\" decoding=\"async\" class=\"alignnone size-full wp-image-28429\" src=\"https:\/\/ostrowskatv.pl\/wp-content\/uploads\/2024\/02\/1000045731-01.jpeg\" alt=\"\" width=\"1920\" height=\"1440\" srcset=\"https:\/\/ostrowskatv.pl\/wp-content\/uploads\/2024\/02\/1000045731-01.jpeg 1920w, https:\/\/ostrowskatv.pl\/wp-content\/uploads\/2024\/02\/1000045731-01-300x225.jpeg 300w, https:\/\/ostrowskatv.pl\/wp-content\/uploads\/2024\/02\/1000045731-01-1333x1000.jpeg 1333w, https:\/\/ostrowskatv.pl\/wp-content\/uploads\/2024\/02\/1000045731-01-1536x1152.jpeg 1536w\" sizes=\"auto, (max-width: 1920px) 100vw, 1920px\" \/><\/p>\n<p><img loading=\"lazy\" decoding=\"async\" class=\"alignnone size-full wp-image-28430\" src=\"https:\/\/ostrowskatv.pl\/wp-content\/uploads\/2024\/02\/1000045730-01.jpeg\" alt=\"\" width=\"1920\" height=\"1440\" srcset=\"https:\/\/ostrowskatv.pl\/wp-content\/uploads\/2024\/02\/1000045730-01.jpeg 1920w, https:\/\/ostrowskatv.pl\/wp-content\/uploads\/2024\/02\/1000045730-01-300x225.jpeg 300w, https:\/\/ostrowskatv.pl\/wp-content\/uploads\/2024\/02\/1000045730-01-1333x1000.jpeg 1333w, https:\/\/ostrowskatv.pl\/wp-content\/uploads\/2024\/02\/1000045730-01-1536x1152.jpeg 1536w\" sizes=\"auto, (max-width: 1920px) 100vw, 1920px\" \/><\/p>\n<p><img loading=\"lazy\" decoding=\"async\" class=\"alignnone size-full wp-image-28431\" src=\"https:\/\/ostrowskatv.pl\/wp-content\/uploads\/2024\/02\/1000045729-01.jpeg\" alt=\"\" width=\"1920\" height=\"780\" srcset=\"https:\/\/ostrowskatv.pl\/wp-content\/uploads\/2024\/02\/1000045729-01.jpeg 1920w, https:\/\/ostrowskatv.pl\/wp-content\/uploads\/2024\/02\/1000045729-01-300x122.jpeg 300w, https:\/\/ostrowskatv.pl\/wp-content\/uploads\/2024\/02\/1000045729-01-1333x542.jpeg 1333w, https:\/\/ostrowskatv.pl\/wp-content\/uploads\/2024\/02\/1000045729-01-1536x624.jpeg 1536w\" sizes=\"auto, (max-width: 1920px) 100vw, 1920px\" \/><\/p>\n<p>&#8211; To wa\u017cny dzie\u0144 dla Prawa i Sprawiedliwo\u015bci. Przez ostatnie lata do naszego miasta i powiatu ostrowskiego by\u0142y \u015bci\u0105gane setki milion\u00f3w z\u0142otych. &#8211; przypomnia\u0142a Marlena Mal\u0105g.<\/p>\n<p>Prawo i sprawiedliwo\u015b\u0107 zgromadzi\u0142o do Rady Miejskiej 29 kandydat\u00f3w. Liderami list zostali<\/p>\n<p>1 Leszek Wito\u0144<br \/>\n2 Marzenna Nowak<br \/>\n3 Dawid Korzeniewski<\/p>\n<p>Do Rady Powiatu postawiono na nast\u0119puj\u0105cych lider\u00f3w spo\u015br\u00f3d 39 kandydat\u00f3w<\/p>\n<p>Powiat<br \/>\n1. Dorota Hurna<\/p>\n<p><span style=\"font-size: 1rem;\">2<\/span><span style=\"font-size: 1rem;\">. Mateusz Marciniak<\/span><\/p>\n<p>3. \u0141ukasz Miko\u0142ajczyk<br \/>\nAndrzej \u017burek<\/p>\n<p>4. Miros\u0142aw Nowacki (nowe Skalmierzyce<br \/>\n5. Roman Pacholczyk (gmina Ostr\u00f3w)<br \/>\n6. Danuta Szwedziak (Sieroszewice,&#8230;)<\/p>\n<p>&#8211; Dzi\u0119kuj\u0119 za takie przedstawienie mojej skromnej osoby. &#8211; rozpocz\u0119\u0142a autoprezentacj\u0119 Marzenna Nowak.<\/p>\n<p>&#8211; Jestem rodowit\u0105 ostrowiank\u0105. Jestem czynnym nauczycielem. Patrz\u0119 na miasto w spos\u00f3b holistyczny. &#8211; m\u00f3wi\u0142a radna Nowak.<\/p>\n<p style=\"text-align: left;\"><em>&#8211; Chc\u0119 kontynuowa\u0107 polityk\u0119 spo\u0142eczn\u0105, k\u0142ad\u0105c naciek na m\u0142odych ludzi, \u017ceby tu wr\u00f3cili lub zostawali w Ostrowie Wielkopolskim.\u00a0 Po\u0142o\u017c\u0119 nacisk na budownictwo komunalne.\u00a0 T<span style=\"font-size: 1rem;\">rzeba mie\u0107 odpowiedni\u0105 prac\u0119, a czas wykorzystywac na r\u00f3\u017cne sposoby. Kolejna kwestia to k<\/span><span style=\"font-size: 1rem;\">oszty i problemy zwi\u0105zane z zagospodarowaniem odpad\u00f3w i rozwi\u0105zanie problemu odoru w dzielnicy Z\u0119bc\u00f3w. Chc\u0119 ten problem nie tylko poruszy\u0107, ale r\u00f3wnie\u017c wdro\u017cy\u0107 odpowiednie dzia\u0142ania. S\u0105siednie gminy b\u0119d\u0105 w tym uczestniczy\u0107. Docelowo my\u015blimy o spalarni \u015bmieci, \u017ceby te odpady znik\u0142y z Z\u0119bcowa. <\/span><span style=\"font-size: 1rem;\">Chc\u0119 obni\u017cenia cen za ciep\u0142o z OZC. <\/span><\/em><span style=\"font-size: 1rem;\"><em>Ostr\u00f3w jedynym miastem prezydenckim bez uczelni wy\u017cszych. Powinno si\u0119 wykorzysta\u0107 szko\u0142y techniczne<\/em>. &#8211; wymienia\u0142a kandydatka Nowak, bez podawania sk\u0105d we\u017amie na to pieni\u0105dze. Zapowiedzia\u0142a podanie szczeg\u00f3\u0142\u00f3w w p\u00f3\u017aniejszym terminie.\u00a0<\/span><\/p>\n<p>Je\u015bli Marzenna Nowak zostanie prezydentem, ostrowskie dzieci b\u0119d\u0105 si\u0119 uczy\u0107 o Westerplatte i innych patriotycznych tre\u015bciach &#8211; deklarowa\u0142\u00a0 pose\u0142 Jan Dziedziczak.<\/p>\n","protected":false},"excerpt":{"rendered":"Ostrowskie struktury ujawni\u0142y osob\u0119, kt\u00f3ra powalczy o fotel prezydenta naszego miasta. Nie b\u0119dzie ni\u0105 ani Marlena Mal\u0105g czy Piotr Lepka. Dzia\u0142acze postawili na \n<a class=\"moretag\" href=\"https:\/\/ostrowskatv.pl\/?p=28421\"> [...]<\/a>","protected":false},"author":1,"featured_media":28430,"comment_status":"open","ping_status":"closed","sticky":false,"template":"","format":"standard","meta":{"footnotes":""},"categories":[1],"tags":[2],"class_list":["post-28421","post","type-post","status-publish","format-standard","has-post-thumbnail","hentry","category-news","tag-ostrow-wielkopolski"],"_links":{"self":[{"href":"https:\/\/ostrowskatv.pl\/index.php?rest_route=\/wp\/v2\/posts\/28421","targetHints":{"allow":["GET"]}}],"collection":[{"href":"https:\/\/ostrowskatv.pl\/index.php?rest_route=\/wp\/v2\/posts"}],"about":[{"href":"https:\/\/ostrowskatv.pl\/index.php?rest_route=\/wp\/v2\/types\/post"}],"author":[{"embeddable":true,"href":"https:\/\/ostrowskatv.pl\/index.php?rest_route=\/wp\/v2\/users\/1"}],"replies":[{"embeddable":true,"href":"https:\/\/ostrowskatv.pl\/index.php?rest_route=%2Fwp%2Fv2%2Fcomments&post=28421"}],"version-history":[{"count":0,"href":"https:\/\/ostrowskatv.pl\/index.php?rest_route=\/wp\/v2\/posts\/28421\/revisions"}],"wp:featuredmedia":[{"embeddable":true,"href":"https:\/\/ostrowskatv.pl\/index.php?rest_route=\/wp\/v2\/media\/28430"}],"wp:attachment":[{"href":"https:\/\/ostrowskatv.pl\/index.php?rest_route=%2Fwp%2Fv2%2Fmedia&parent=28421"}],"wp:term":[{"taxonomy":"category","embeddable":true,"href":"https:\/\/ostrowskatv.pl\/index.php?rest_route=%2Fwp%2Fv2%2Fcategories&post=28421"},{"taxonomy":"post_tag","embeddable":true,"href":"https:\/\/ostrowskatv.pl\/index.php?rest_route=%2Fwp%2Fv2%2Ftags&post=28421"}],"curies":[{"name":"wp","href":"https:\/\/api.w.org\/{rel}","templated":true}]}}