{"id":28389,"date":"2024-02-19T17:02:25","date_gmt":"2024-02-19T16:02:25","guid":{"rendered":"https:\/\/ostrowskatv.pl\/?p=28389"},"modified":"2024-02-19T17:02:25","modified_gmt":"2024-02-19T16:02:25","slug":"pedzil-pod-prad-obwodnica-ostrowa-zostal-zlapany","status":"publish","type":"post","link":"https:\/\/ostrowskatv.pl\/?p=28389","title":{"rendered":"P\u0119dzi\u0142 pod pr\u0105d obwodnic\u0105 Ostrowa! Zosta\u0142 z\u0142apany"},"content":{"rendered":"<p><strong>Tym razem to nie senior, kt\u00f3ry zab\u0142\u0105dzi\u0142 na drogach wjazdowych na obwodnic\u0119 Ostrowa Wielkopolskiego, a m\u0142odzieniec, kt\u00f3ry z niewiadomych przyczyn wjecha\u0142 pod pr\u0105d. Na szcz\u0119\u015bcie zosta\u0142 z\u0142apany.<\/strong><\/p>\n<p>W niedziel\u0119 przed godzin\u0105 7 rano policja zosta\u0142a poinformowana o samochodzie, kt\u00f3ry jedzie pod pr\u0105d obwodnic\u0105 Ostrowa Wielkopolskiego. Poniewa\u017c fina\u0142 takiej jazdy cz\u0119sto ko\u0144czy si\u0119 tragicznie, dlatego niezw\u0142ocznie na S11 ruszy\u0142 patrol ostrowskiej drog\u00f3wki.<\/p>\n<p>Dzi\u0119ki \u015bwiadkowi wp\u0142yn\u0119\u0142a informacja o tym, \u017ce kierowca w pewnym momencie si\u0119 zreflektowa\u0142 i zawr\u00f3ci\u0142. Policjanci posiadaj\u0105c t\u0105 informacj\u0119 byli w stanie ustawi\u0107 si\u0119 na kolejnym zje\u017adzie i oczekiwa\u0107 na niesfornego kierowc\u0119.<\/p>\n<p>Po chwili nadjecha\u0142 czarny fiat punto. Za jego kierownic\u0105 siedzia\u0142 19-letni mieszkaniec powiatu ostrowskiego. Policjanci nie mieli skrupu\u0142\u00f3w. Na\u0142o\u017cyli na niego mandat w wysoko\u015bci 2 tysi\u0119cy z\u0142otych mandatu oraz na jego konto trafi\u0142o 15 punkt\u00f3w karnych. O dziwo by\u0142 trze\u017awy.<\/p>\n<p><img loading=\"lazy\" decoding=\"async\" class=\"alignnone size-full wp-image-28391\" src=\"https:\/\/ostrowskatv.pl\/wp-content\/uploads\/2024\/02\/obwodnica-pod-prad.jpg\" alt=\"\" width=\"1200\" height=\"800\" srcset=\"https:\/\/ostrowskatv.pl\/wp-content\/uploads\/2024\/02\/obwodnica-pod-prad.jpg 1200w, https:\/\/ostrowskatv.pl\/wp-content\/uploads\/2024\/02\/obwodnica-pod-prad-300x200.jpg 300w\" sizes=\"auto, (max-width: 1200px) 100vw, 1200px\" \/><\/p>\n","protected":false},"excerpt":{"rendered":"Tym razem to nie senior, kt\u00f3ry zab\u0142\u0105dzi\u0142 na drogach wjazdowych na obwodnic\u0119 Ostrowa Wielkopolskiego, a m\u0142odzieniec, kt\u00f3ry z niewiadomych przyczyn wjecha\u0142 pod pr\u0105d. \n<a class=\"moretag\" href=\"https:\/\/ostrowskatv.pl\/?p=28389\"> [...]<\/a>","protected":false},"author":1,"featured_media":28390,"comment_status":"open","ping_status":"closed","sticky":false,"template":"","format":"standard","meta":{"footnotes":""},"categories":[1],"tags":[139,34,205,72],"class_list":["post-28389","post","type-post","status-publish","format-standard","has-post-thumbnail","hentry","category-news","tag-obwodnica-ostrowa","tag-policja","tag-s11","tag-samochod"],"_links":{"self":[{"href":"https:\/\/ostrowskatv.pl\/index.php?rest_route=\/wp\/v2\/posts\/28389","targetHints":{"allow":["GET"]}}],"collection":[{"href":"https:\/\/ostrowskatv.pl\/index.php?rest_route=\/wp\/v2\/posts"}],"about":[{"href":"https:\/\/ostrowskatv.pl\/index.php?rest_route=\/wp\/v2\/types\/post"}],"author":[{"embeddable":true,"href":"https:\/\/ostrowskatv.pl\/index.php?rest_route=\/wp\/v2\/users\/1"}],"replies":[{"embeddable":true,"href":"https:\/\/ostrowskatv.pl\/index.php?rest_route=%2Fwp%2Fv2%2Fcomments&post=28389"}],"version-history":[{"count":0,"href":"https:\/\/ostrowskatv.pl\/index.php?rest_route=\/wp\/v2\/posts\/28389\/revisions"}],"wp:featuredmedia":[{"embeddable":true,"href":"https:\/\/ostrowskatv.pl\/index.php?rest_route=\/wp\/v2\/media\/28390"}],"wp:attachment":[{"href":"https:\/\/ostrowskatv.pl\/index.php?rest_route=%2Fwp%2Fv2%2Fmedia&parent=28389"}],"wp:term":[{"taxonomy":"category","embeddable":true,"href":"https:\/\/ostrowskatv.pl\/index.php?rest_route=%2Fwp%2Fv2%2Fcategories&post=28389"},{"taxonomy":"post_tag","embeddable":true,"href":"https:\/\/ostrowskatv.pl\/index.php?rest_route=%2Fwp%2Fv2%2Ftags&post=28389"}],"curies":[{"name":"wp","href":"https:\/\/api.w.org\/{rel}","templated":true}]}}