{"id":28385,"date":"2024-02-18T21:40:09","date_gmt":"2024-02-18T20:40:09","guid":{"rendered":"https:\/\/ostrowskatv.pl\/?p=28385"},"modified":"2024-02-18T21:40:09","modified_gmt":"2024-02-18T20:40:09","slug":"atak-nozem-w-sklepie","status":"publish","type":"post","link":"https:\/\/ostrowskatv.pl\/?p=28385","title":{"rendered":"Atak no\u017cem w sklepie"},"content":{"rendered":"<p><strong>Dzisiaj otwarte by\u0142y tylko sklepy osiedlowe. W jednym z nich na osiedlu blokowym dosz\u0142o do ataku z u\u017cyciem no\u017ca. Poszkodowany utraci\u0142 sporo krwi.<\/strong><\/p>\n<p>Przed 19.00 na ulicy Prymasa Stefana Wyszy\u0144skiego w Kaliszu dosz\u0142o do sprzeczki mi\u0119dzy dwoma m\u0119\u017cczyznami. 37-latek stan\u0105\u0142 w obronie ekspedientki. Agresorem okaza\u0142 si\u0119 29-latek, kt\u00f3ry postanowi\u0142 wyrazi\u0107 racj\u0119 z u\u017cyciem no\u017ca. Zada\u0142 co najmniej 3 ciosy no\u017cem, rani\u0105c 37-letniego m\u0119\u017cczyzn\u0119. <\/p>\n<p>Sprawca agresji pozosta\u0142 na miejscu do czasu przyjazdu policji i pomaga\u0142 udziela\u0107 pierwszej pomocy. <\/p>\n<p>Trwa zabezpieczanie \u015blad\u00f3w.<\/p>\n<p><img loading=\"lazy\" decoding=\"async\" src=\"https:\/\/ostrowskatv.pl\/wp-content\/uploads\/2024\/02\/1000043694-01.jpeg\" alt=\"\" width=\"1920\" height=\"1440\" class=\"alignnone size-full wp-image-28387\" srcset=\"https:\/\/ostrowskatv.pl\/wp-content\/uploads\/2024\/02\/1000043694-01.jpeg 1920w, https:\/\/ostrowskatv.pl\/wp-content\/uploads\/2024\/02\/1000043694-01-300x225.jpeg 300w, https:\/\/ostrowskatv.pl\/wp-content\/uploads\/2024\/02\/1000043694-01-1333x1000.jpeg 1333w, https:\/\/ostrowskatv.pl\/wp-content\/uploads\/2024\/02\/1000043694-01-1536x1152.jpeg 1536w\" sizes=\"auto, (max-width: 1920px) 100vw, 1920px\" \/><\/p>\n","protected":false},"excerpt":{"rendered":"Dzisiaj otwarte by\u0142y tylko sklepy osiedlowe. W jednym z nich na osiedlu blokowym dosz\u0142o do ataku z u\u017cyciem no\u017ca. Poszkodowany utraci\u0142 sporo krwi. \n<a class=\"moretag\" href=\"https:\/\/ostrowskatv.pl\/?p=28385\"> [...]<\/a>","protected":false},"author":1,"featured_media":28386,"comment_status":"open","ping_status":"closed","sticky":false,"template":"","format":"standard","meta":{"footnotes":""},"categories":[1],"tags":[175],"class_list":["post-28385","post","type-post","status-publish","format-standard","has-post-thumbnail","hentry","category-news","tag-powiat-kaliski"],"_links":{"self":[{"href":"https:\/\/ostrowskatv.pl\/index.php?rest_route=\/wp\/v2\/posts\/28385","targetHints":{"allow":["GET"]}}],"collection":[{"href":"https:\/\/ostrowskatv.pl\/index.php?rest_route=\/wp\/v2\/posts"}],"about":[{"href":"https:\/\/ostrowskatv.pl\/index.php?rest_route=\/wp\/v2\/types\/post"}],"author":[{"embeddable":true,"href":"https:\/\/ostrowskatv.pl\/index.php?rest_route=\/wp\/v2\/users\/1"}],"replies":[{"embeddable":true,"href":"https:\/\/ostrowskatv.pl\/index.php?rest_route=%2Fwp%2Fv2%2Fcomments&post=28385"}],"version-history":[{"count":0,"href":"https:\/\/ostrowskatv.pl\/index.php?rest_route=\/wp\/v2\/posts\/28385\/revisions"}],"wp:featuredmedia":[{"embeddable":true,"href":"https:\/\/ostrowskatv.pl\/index.php?rest_route=\/wp\/v2\/media\/28386"}],"wp:attachment":[{"href":"https:\/\/ostrowskatv.pl\/index.php?rest_route=%2Fwp%2Fv2%2Fmedia&parent=28385"}],"wp:term":[{"taxonomy":"category","embeddable":true,"href":"https:\/\/ostrowskatv.pl\/index.php?rest_route=%2Fwp%2Fv2%2Fcategories&post=28385"},{"taxonomy":"post_tag","embeddable":true,"href":"https:\/\/ostrowskatv.pl\/index.php?rest_route=%2Fwp%2Fv2%2Ftags&post=28385"}],"curies":[{"name":"wp","href":"https:\/\/api.w.org\/{rel}","templated":true}]}}