{"id":28343,"date":"2024-02-11T11:23:54","date_gmt":"2024-02-11T10:23:54","guid":{"rendered":"https:\/\/ostrowskatv.pl\/?p=28343"},"modified":"2024-02-11T11:27:04","modified_gmt":"2024-02-11T10:27:04","slug":"usnal-ma-obwodnicy-ostrowa","status":"publish","type":"post","link":"https:\/\/ostrowskatv.pl\/?p=28343","title":{"rendered":"Usn\u0105\u0142 na obwodnicy Ostrowa"},"content":{"rendered":"<p><strong>Do nietypowego zdarzenia dosz\u0142o na obwodnicy Ostrowa Wielkopolskiego. Pracownik s\u0142u\u017cby drogowej zauwa\u017cy\u0142 stoj\u0105cy na pasie awaryjnym samoch\u00f3d.<\/strong><\/p>\n<p>Okaza\u0142o si\u0119, \u017ce wewn\u0105trz opla corsy znajduje si\u0119 m\u0119\u017cczyzna, kt\u00f3ry zasn\u0105\u0142. Na miejsce wezwano ostrowskich policjant\u00f3w, kt\u00f3rzy sprawdzili kim jest smacznie \u015bpi\u0105cy m\u0119\u017cczyzna.<\/p>\n<p>By\u0142 nim 25-letni Gruzin. Wydmucha\u0142 0.21 promila i w ostatniej chwili za\u0142apa\u0142 si\u0119 na stan po spo\u017cyciu alkoholu.<\/p>\n<p>Trwa ustalanie czy prowadzi\u0142 pod wp\u0142ywem alkoholu czy mo\u017ce \u0142ykn\u0105\u0142 sobie &#8222;na sen&#8221;.<\/p>\n<p><img loading=\"lazy\" decoding=\"async\" src=\"https:\/\/ostrowskatv.pl\/wp-content\/uploads\/2024\/02\/1000039140-01.jpeg\" alt=\"\" width=\"1600\" height=\"1071\" class=\"alignnone size-full wp-image-28344\" srcset=\"https:\/\/ostrowskatv.pl\/wp-content\/uploads\/2024\/02\/1000039140-01.jpeg 1600w, https:\/\/ostrowskatv.pl\/wp-content\/uploads\/2024\/02\/1000039140-01-300x201.jpeg 300w, https:\/\/ostrowskatv.pl\/wp-content\/uploads\/2024\/02\/1000039140-01-1333x892.jpeg 1333w, https:\/\/ostrowskatv.pl\/wp-content\/uploads\/2024\/02\/1000039140-01-1536x1028.jpeg 1536w\" sizes=\"auto, (max-width: 1600px) 100vw, 1600px\" \/><\/p>\n","protected":false},"excerpt":{"rendered":"Do nietypowego zdarzenia dosz\u0142o na obwodnicy Ostrowa Wielkopolskiego. Pracownik s\u0142u\u017cby drogowej zauwa\u017cy\u0142 stoj\u0105cy na pasie awaryjnym samoch\u00f3d. Okaza\u0142o si\u0119, \u017ce wewn\u0105trz opla corsy \n<a class=\"moretag\" href=\"https:\/\/ostrowskatv.pl\/?p=28343\"> [...]<\/a>","protected":false},"author":1,"featured_media":28345,"comment_status":"open","ping_status":"closed","sticky":false,"template":"","format":"standard","meta":{"footnotes":""},"categories":[1],"tags":[139],"class_list":["post-28343","post","type-post","status-publish","format-standard","has-post-thumbnail","hentry","category-news","tag-obwodnica-ostrowa"],"_links":{"self":[{"href":"https:\/\/ostrowskatv.pl\/index.php?rest_route=\/wp\/v2\/posts\/28343","targetHints":{"allow":["GET"]}}],"collection":[{"href":"https:\/\/ostrowskatv.pl\/index.php?rest_route=\/wp\/v2\/posts"}],"about":[{"href":"https:\/\/ostrowskatv.pl\/index.php?rest_route=\/wp\/v2\/types\/post"}],"author":[{"embeddable":true,"href":"https:\/\/ostrowskatv.pl\/index.php?rest_route=\/wp\/v2\/users\/1"}],"replies":[{"embeddable":true,"href":"https:\/\/ostrowskatv.pl\/index.php?rest_route=%2Fwp%2Fv2%2Fcomments&post=28343"}],"version-history":[{"count":0,"href":"https:\/\/ostrowskatv.pl\/index.php?rest_route=\/wp\/v2\/posts\/28343\/revisions"}],"wp:featuredmedia":[{"embeddable":true,"href":"https:\/\/ostrowskatv.pl\/index.php?rest_route=\/wp\/v2\/media\/28345"}],"wp:attachment":[{"href":"https:\/\/ostrowskatv.pl\/index.php?rest_route=%2Fwp%2Fv2%2Fmedia&parent=28343"}],"wp:term":[{"taxonomy":"category","embeddable":true,"href":"https:\/\/ostrowskatv.pl\/index.php?rest_route=%2Fwp%2Fv2%2Fcategories&post=28343"},{"taxonomy":"post_tag","embeddable":true,"href":"https:\/\/ostrowskatv.pl\/index.php?rest_route=%2Fwp%2Fv2%2Ftags&post=28343"}],"curies":[{"name":"wp","href":"https:\/\/api.w.org\/{rel}","templated":true}]}}