{"id":28330,"date":"2024-02-07T13:36:59","date_gmt":"2024-02-07T12:36:59","guid":{"rendered":"https:\/\/ostrowskatv.pl\/?p=28330"},"modified":"2024-02-07T13:36:59","modified_gmt":"2024-02-07T12:36:59","slug":"policja-i-karetka-przy-kurierskim-busie","status":"publish","type":"post","link":"https:\/\/ostrowskatv.pl\/?p=28330","title":{"rendered":"Policja i karetka przy kurierskim busie"},"content":{"rendered":"<p><strong>Oko\u0142o godziny 10 na ulic\u0119 Kalisk\u0105 w Ostrowie Wielkopolskim na wysoko\u015bci Spomaxu wezwano policj\u0119 oraz karetk\u0119 pogotowia ratunkowego.<\/strong><\/p>\n<p>Wed\u0142ug zg\u0142oszenia osoba podr\u00f3\u017cuj\u0105ca busem mia\u0142a zas\u0142abn\u0105\u0107. Policja nie potwierdzi\u0142a jednak takich okoliczno\u015bci zdarzenia.<\/p>\n<p><img loading=\"lazy\" decoding=\"async\" src=\"https:\/\/ostrowskatv.pl\/wp-content\/uploads\/2024\/02\/1000037445-01.jpeg\" alt=\"\" width=\"1920\" height=\"1132\" class=\"alignnone size-full wp-image-28331\" srcset=\"https:\/\/ostrowskatv.pl\/wp-content\/uploads\/2024\/02\/1000037445-01.jpeg 1920w, https:\/\/ostrowskatv.pl\/wp-content\/uploads\/2024\/02\/1000037445-01-300x177.jpeg 300w, https:\/\/ostrowskatv.pl\/wp-content\/uploads\/2024\/02\/1000037445-01-1333x786.jpeg 1333w, https:\/\/ostrowskatv.pl\/wp-content\/uploads\/2024\/02\/1000037445-01-1536x906.jpeg 1536w\" sizes=\"auto, (max-width: 1920px) 100vw, 1920px\" \/><\/p>\n<p><img loading=\"lazy\" decoding=\"async\" src=\"https:\/\/ostrowskatv.pl\/wp-content\/uploads\/2024\/02\/1000037443-01.jpeg\" alt=\"\" width=\"1919\" height=\"928\" class=\"alignnone size-full wp-image-28332\" srcset=\"https:\/\/ostrowskatv.pl\/wp-content\/uploads\/2024\/02\/1000037443-01.jpeg 1919w, https:\/\/ostrowskatv.pl\/wp-content\/uploads\/2024\/02\/1000037443-01-300x145.jpeg 300w, https:\/\/ostrowskatv.pl\/wp-content\/uploads\/2024\/02\/1000037443-01-1333x645.jpeg 1333w, https:\/\/ostrowskatv.pl\/wp-content\/uploads\/2024\/02\/1000037443-01-1536x743.jpeg 1536w\" sizes=\"auto, (max-width: 1919px) 100vw, 1919px\" \/><\/p>\n<p><img loading=\"lazy\" decoding=\"async\" src=\"https:\/\/ostrowskatv.pl\/wp-content\/uploads\/2024\/02\/1000037442-01.jpeg\" alt=\"\" width=\"1920\" height=\"902\" class=\"alignnone size-full wp-image-28333\" srcset=\"https:\/\/ostrowskatv.pl\/wp-content\/uploads\/2024\/02\/1000037442-01.jpeg 1920w, https:\/\/ostrowskatv.pl\/wp-content\/uploads\/2024\/02\/1000037442-01-300x141.jpeg 300w, https:\/\/ostrowskatv.pl\/wp-content\/uploads\/2024\/02\/1000037442-01-1333x626.jpeg 1333w, https:\/\/ostrowskatv.pl\/wp-content\/uploads\/2024\/02\/1000037442-01-1536x722.jpeg 1536w\" sizes=\"auto, (max-width: 1920px) 100vw, 1920px\" \/><\/p>\n","protected":false},"excerpt":{"rendered":"Oko\u0142o godziny 10 na ulic\u0119 Kalisk\u0105 w Ostrowie Wielkopolskim na wysoko\u015bci Spomaxu wezwano policj\u0119 oraz karetk\u0119 pogotowia ratunkowego. Wed\u0142ug zg\u0142oszenia osoba podr\u00f3\u017cuj\u0105ca busem \n<a class=\"moretag\" href=\"https:\/\/ostrowskatv.pl\/?p=28330\"> [...]<\/a>","protected":false},"author":1,"featured_media":28333,"comment_status":"open","ping_status":"closed","sticky":false,"template":"","format":"standard","meta":{"footnotes":""},"categories":[1],"tags":[2],"class_list":["post-28330","post","type-post","status-publish","format-standard","has-post-thumbnail","hentry","category-news","tag-ostrow-wielkopolski"],"_links":{"self":[{"href":"https:\/\/ostrowskatv.pl\/index.php?rest_route=\/wp\/v2\/posts\/28330","targetHints":{"allow":["GET"]}}],"collection":[{"href":"https:\/\/ostrowskatv.pl\/index.php?rest_route=\/wp\/v2\/posts"}],"about":[{"href":"https:\/\/ostrowskatv.pl\/index.php?rest_route=\/wp\/v2\/types\/post"}],"author":[{"embeddable":true,"href":"https:\/\/ostrowskatv.pl\/index.php?rest_route=\/wp\/v2\/users\/1"}],"replies":[{"embeddable":true,"href":"https:\/\/ostrowskatv.pl\/index.php?rest_route=%2Fwp%2Fv2%2Fcomments&post=28330"}],"version-history":[{"count":0,"href":"https:\/\/ostrowskatv.pl\/index.php?rest_route=\/wp\/v2\/posts\/28330\/revisions"}],"wp:featuredmedia":[{"embeddable":true,"href":"https:\/\/ostrowskatv.pl\/index.php?rest_route=\/wp\/v2\/media\/28333"}],"wp:attachment":[{"href":"https:\/\/ostrowskatv.pl\/index.php?rest_route=%2Fwp%2Fv2%2Fmedia&parent=28330"}],"wp:term":[{"taxonomy":"category","embeddable":true,"href":"https:\/\/ostrowskatv.pl\/index.php?rest_route=%2Fwp%2Fv2%2Fcategories&post=28330"},{"taxonomy":"post_tag","embeddable":true,"href":"https:\/\/ostrowskatv.pl\/index.php?rest_route=%2Fwp%2Fv2%2Ftags&post=28330"}],"curies":[{"name":"wp","href":"https:\/\/api.w.org\/{rel}","templated":true}]}}