{"id":28279,"date":"2024-02-02T13:34:02","date_gmt":"2024-02-02T12:34:02","guid":{"rendered":"https:\/\/ostrowskatv.pl\/?p=28279"},"modified":"2024-02-02T14:13:48","modified_gmt":"2024-02-02T13:13:48","slug":"wyrok-dla-policjanta-ktory-zastrzelil-21-latka","status":"publish","type":"post","link":"https:\/\/ostrowskatv.pl\/?p=28279","title":{"rendered":"Wyrok dla policjanta, kt\u00f3ry zastrzeli\u0142 21-latka"},"content":{"rendered":"<p><strong>Dzi\u015b w S\u0105dzie Okr\u0119gowym w Kaliszu trzyosobowy sk\u0142ad s\u0119dziowski, w tym dwoje z powiatu ostrowskiego, wyda\u0142 wyrok pierwszej instancji w g\u0142o\u015bnej sprawie z Konina.<\/strong><\/p>\n<p>21-letni Adam Czerniejewski zosta\u0142 zastrzelony przez policjanta, kt\u00f3ry chwil\u0119 wcze\u015bniej prowadzi\u0142 za nim pieszy po\u015bcig. Podczas pr\u00f3by zatrzymania Adama, policjant podczas biegu prze\u0142adowa\u0142 s\u0142u\u017cbow\u0105 bro\u0144. Kiedy 21-latek przewr\u00f3ci\u0142 si\u0119, policjant dogoni\u0142 go i w pewnym momencie nacisn\u0105\u0142 spust. Strza\u0142, wed\u0142ug s\u0105du, pad\u0142 z przy\u0142o\u017cenia w plecy Adama Czerniejewskiego.<\/p>\n<p>Za to zdarzenie dwoje z s\u0119dzi\u00f3w uzna\u0142o win\u0119 policjanta i orzek\u0142o 3 lata wi\u0119zienia oraz 6 lat zakazu pracy w zawodzie policjanta. Przeciwne zdanie mia\u0142a s\u0119dzia Zimorska, kt\u00f3ra chcia\u0142a bardziej ukara\u0107 oskar\u017conego.<\/p>\n<p>S\u0105d przyj\u0105\u0142 kwalifikacj\u0119 prawn\u0105: przekroczenie uprawnie\u0144 oraz nieumy\u015blne spowodowanie \u015bmierci.<\/p>\n<p><img loading=\"lazy\" decoding=\"async\" class=\"alignnone size-full wp-image-28280\" src=\"https:\/\/ostrowskatv.pl\/wp-content\/uploads\/2024\/02\/1000036008-01.jpeg\" alt=\"\" width=\"1440\" height=\"1920\" srcset=\"https:\/\/ostrowskatv.pl\/wp-content\/uploads\/2024\/02\/1000036008-01.jpeg 1440w, https:\/\/ostrowskatv.pl\/wp-content\/uploads\/2024\/02\/1000036008-01-225x300.jpeg 225w, https:\/\/ostrowskatv.pl\/wp-content\/uploads\/2024\/02\/1000036008-01-1000x1333.jpeg 1000w, https:\/\/ostrowskatv.pl\/wp-content\/uploads\/2024\/02\/1000036008-01-1152x1536.jpeg 1152w\" sizes=\"auto, (max-width: 1440px) 100vw, 1440px\" \/><\/p>\n<p><img loading=\"lazy\" decoding=\"async\" class=\"alignnone size-full wp-image-28281\" src=\"https:\/\/ostrowskatv.pl\/wp-content\/uploads\/2024\/02\/1000036016-01.jpeg\" alt=\"\" width=\"1920\" height=\"1058\" srcset=\"https:\/\/ostrowskatv.pl\/wp-content\/uploads\/2024\/02\/1000036016-01.jpeg 1920w, https:\/\/ostrowskatv.pl\/wp-content\/uploads\/2024\/02\/1000036016-01-300x165.jpeg 300w, https:\/\/ostrowskatv.pl\/wp-content\/uploads\/2024\/02\/1000036016-01-1333x735.jpeg 1333w, https:\/\/ostrowskatv.pl\/wp-content\/uploads\/2024\/02\/1000036016-01-1536x846.jpeg 1536w\" sizes=\"auto, (max-width: 1920px) 100vw, 1920px\" \/><\/p>\n<p>&nbsp;<\/p>\n<p><img loading=\"lazy\" decoding=\"async\" class=\"alignnone size-full wp-image-28283\" src=\"https:\/\/ostrowskatv.pl\/wp-content\/uploads\/2024\/02\/1000036018-01.jpeg\" alt=\"\" width=\"1920\" height=\"1440\" srcset=\"https:\/\/ostrowskatv.pl\/wp-content\/uploads\/2024\/02\/1000036018-01.jpeg 1920w, https:\/\/ostrowskatv.pl\/wp-content\/uploads\/2024\/02\/1000036018-01-300x225.jpeg 300w, https:\/\/ostrowskatv.pl\/wp-content\/uploads\/2024\/02\/1000036018-01-1333x1000.jpeg 1333w, https:\/\/ostrowskatv.pl\/wp-content\/uploads\/2024\/02\/1000036018-01-1536x1152.jpeg 1536w\" sizes=\"auto, (max-width: 1920px) 100vw, 1920px\" \/><\/p>\n<p><img loading=\"lazy\" decoding=\"async\" class=\"alignnone size-full wp-image-28284\" src=\"https:\/\/ostrowskatv.pl\/wp-content\/uploads\/2024\/02\/1000036026-01.jpeg\" alt=\"\" width=\"1919\" height=\"1067\" srcset=\"https:\/\/ostrowskatv.pl\/wp-content\/uploads\/2024\/02\/1000036026-01.jpeg 1919w, https:\/\/ostrowskatv.pl\/wp-content\/uploads\/2024\/02\/1000036026-01-300x167.jpeg 300w, https:\/\/ostrowskatv.pl\/wp-content\/uploads\/2024\/02\/1000036026-01-1333x741.jpeg 1333w, https:\/\/ostrowskatv.pl\/wp-content\/uploads\/2024\/02\/1000036026-01-1536x854.jpeg 1536w\" sizes=\"auto, (max-width: 1919px) 100vw, 1919px\" \/><\/p>\n<p><img loading=\"lazy\" decoding=\"async\" class=\"alignnone size-full wp-image-28285\" src=\"https:\/\/ostrowskatv.pl\/wp-content\/uploads\/2024\/02\/1000036032-01.jpeg\" alt=\"\" width=\"1920\" height=\"1081\" srcset=\"https:\/\/ostrowskatv.pl\/wp-content\/uploads\/2024\/02\/1000036032-01.jpeg 1920w, https:\/\/ostrowskatv.pl\/wp-content\/uploads\/2024\/02\/1000036032-01-300x169.jpeg 300w, https:\/\/ostrowskatv.pl\/wp-content\/uploads\/2024\/02\/1000036032-01-1333x751.jpeg 1333w, https:\/\/ostrowskatv.pl\/wp-content\/uploads\/2024\/02\/1000036032-01-1536x865.jpeg 1536w\" sizes=\"auto, (max-width: 1920px) 100vw, 1920px\" \/><\/p>\n<p><img loading=\"lazy\" decoding=\"async\" class=\"alignnone size-full wp-image-28287\" src=\"https:\/\/ostrowskatv.pl\/wp-content\/uploads\/2024\/02\/1000036042-01.jpeg\" alt=\"\" width=\"1920\" height=\"1440\" srcset=\"https:\/\/ostrowskatv.pl\/wp-content\/uploads\/2024\/02\/1000036042-01.jpeg 1920w, https:\/\/ostrowskatv.pl\/wp-content\/uploads\/2024\/02\/1000036042-01-300x225.jpeg 300w, https:\/\/ostrowskatv.pl\/wp-content\/uploads\/2024\/02\/1000036042-01-1333x1000.jpeg 1333w, https:\/\/ostrowskatv.pl\/wp-content\/uploads\/2024\/02\/1000036042-01-1536x1152.jpeg 1536w\" sizes=\"auto, (max-width: 1920px) 100vw, 1920px\" \/><\/p>\n","protected":false},"excerpt":{"rendered":"Dzi\u015b w S\u0105dzie Okr\u0119gowym w Kaliszu trzyosobowy sk\u0142ad s\u0119dziowski, w tym dwoje z powiatu ostrowskiego, wyda\u0142 wyrok pierwszej instancji w g\u0142o\u015bnej sprawie z \n<a class=\"moretag\" href=\"https:\/\/ostrowskatv.pl\/?p=28279\"> [...]<\/a>","protected":false},"author":1,"featured_media":28285,"comment_status":"open","ping_status":"closed","sticky":false,"template":"","format":"standard","meta":{"footnotes":""},"categories":[1],"tags":[52],"class_list":["post-28279","post","type-post","status-publish","format-standard","has-post-thumbnail","hentry","category-news","tag-sad"],"_links":{"self":[{"href":"https:\/\/ostrowskatv.pl\/index.php?rest_route=\/wp\/v2\/posts\/28279","targetHints":{"allow":["GET"]}}],"collection":[{"href":"https:\/\/ostrowskatv.pl\/index.php?rest_route=\/wp\/v2\/posts"}],"about":[{"href":"https:\/\/ostrowskatv.pl\/index.php?rest_route=\/wp\/v2\/types\/post"}],"author":[{"embeddable":true,"href":"https:\/\/ostrowskatv.pl\/index.php?rest_route=\/wp\/v2\/users\/1"}],"replies":[{"embeddable":true,"href":"https:\/\/ostrowskatv.pl\/index.php?rest_route=%2Fwp%2Fv2%2Fcomments&post=28279"}],"version-history":[{"count":0,"href":"https:\/\/ostrowskatv.pl\/index.php?rest_route=\/wp\/v2\/posts\/28279\/revisions"}],"wp:featuredmedia":[{"embeddable":true,"href":"https:\/\/ostrowskatv.pl\/index.php?rest_route=\/wp\/v2\/media\/28285"}],"wp:attachment":[{"href":"https:\/\/ostrowskatv.pl\/index.php?rest_route=%2Fwp%2Fv2%2Fmedia&parent=28279"}],"wp:term":[{"taxonomy":"category","embeddable":true,"href":"https:\/\/ostrowskatv.pl\/index.php?rest_route=%2Fwp%2Fv2%2Fcategories&post=28279"},{"taxonomy":"post_tag","embeddable":true,"href":"https:\/\/ostrowskatv.pl\/index.php?rest_route=%2Fwp%2Fv2%2Ftags&post=28279"}],"curies":[{"name":"wp","href":"https:\/\/api.w.org\/{rel}","templated":true}]}}