{"id":28271,"date":"2024-02-01T21:03:50","date_gmt":"2024-02-01T20:03:50","guid":{"rendered":"https:\/\/ostrowskatv.pl\/?p=28271"},"modified":"2024-02-01T21:03:50","modified_gmt":"2024-02-01T20:03:50","slug":"prawko-ma-od-miesiaca-juz-spowodowal-wypadek","status":"publish","type":"post","link":"https:\/\/ostrowskatv.pl\/?p=28271","title":{"rendered":"Prawko ma od miesi\u0105ca. Ju\u017c spowodowa\u0142 wypadek"},"content":{"rendered":"<p><strong>M\u0142ody ostrowianin raptem miesi\u0105c temu zda\u0142 egzamin na prawo jazdy, a ju\u017c narozrabia\u0142. O godzinie 19 kieruj\u0105c seatem zderzy\u0142 si\u0119 z oplem. Na 5 os\u00f3b uczestnicz\u0105cych, jedna zosta\u0142a przewieziona do szpitala.<\/strong><\/p>\n<p>Seat jecha\u0142 ulic\u0105 Kalisk\u0105 i chcia\u0142 skr\u0119ci\u0107 w lewo w Pi\u0142sudskiego. Jego kierowca nie ust\u0105pi\u0142 pierwsze\u0144stwa oplowi jad\u0105cemu z przeciwka. Pasa\u017cer z drugiego auta zosta\u0142 odwieziony do szpitala. <\/p>\n<p>Na miejscu by\u0142a za\u0142oga karetki, stra\u017cacy oraz policjanci. <\/p>\n<p><img loading=\"lazy\" decoding=\"async\" src=\"https:\/\/ostrowskatv.pl\/wp-content\/uploads\/2024\/02\/1000035881-01.jpeg\" alt=\"\" width=\"1920\" height=\"1508\" class=\"alignnone size-full wp-image-28272\" srcset=\"https:\/\/ostrowskatv.pl\/wp-content\/uploads\/2024\/02\/1000035881-01.jpeg 1920w, https:\/\/ostrowskatv.pl\/wp-content\/uploads\/2024\/02\/1000035881-01-300x236.jpeg 300w, https:\/\/ostrowskatv.pl\/wp-content\/uploads\/2024\/02\/1000035881-01-1333x1047.jpeg 1333w, https:\/\/ostrowskatv.pl\/wp-content\/uploads\/2024\/02\/1000035881-01-1536x1206.jpeg 1536w\" sizes=\"auto, (max-width: 1920px) 100vw, 1920px\" \/><\/p>\n<p><img loading=\"lazy\" decoding=\"async\" src=\"https:\/\/ostrowskatv.pl\/wp-content\/uploads\/2024\/02\/1000035882-01.jpeg\" alt=\"\" width=\"1919\" height=\"1203\" class=\"alignnone size-full wp-image-28273\" srcset=\"https:\/\/ostrowskatv.pl\/wp-content\/uploads\/2024\/02\/1000035882-01.jpeg 1919w, https:\/\/ostrowskatv.pl\/wp-content\/uploads\/2024\/02\/1000035882-01-300x188.jpeg 300w, https:\/\/ostrowskatv.pl\/wp-content\/uploads\/2024\/02\/1000035882-01-1333x836.jpeg 1333w, https:\/\/ostrowskatv.pl\/wp-content\/uploads\/2024\/02\/1000035882-01-1536x963.jpeg 1536w\" sizes=\"auto, (max-width: 1919px) 100vw, 1919px\" \/><\/p>\n<p><img loading=\"lazy\" decoding=\"async\" src=\"https:\/\/ostrowskatv.pl\/wp-content\/uploads\/2024\/02\/1000035883-01.jpeg\" alt=\"\" width=\"1919\" height=\"1107\" class=\"alignnone size-full wp-image-28274\" srcset=\"https:\/\/ostrowskatv.pl\/wp-content\/uploads\/2024\/02\/1000035883-01.jpeg 1919w, https:\/\/ostrowskatv.pl\/wp-content\/uploads\/2024\/02\/1000035883-01-300x173.jpeg 300w, https:\/\/ostrowskatv.pl\/wp-content\/uploads\/2024\/02\/1000035883-01-1333x769.jpeg 1333w, https:\/\/ostrowskatv.pl\/wp-content\/uploads\/2024\/02\/1000035883-01-1536x886.jpeg 1536w\" sizes=\"auto, (max-width: 1919px) 100vw, 1919px\" \/><\/p>\n<p><img loading=\"lazy\" decoding=\"async\" src=\"https:\/\/ostrowskatv.pl\/wp-content\/uploads\/2024\/02\/1000035884-01.jpeg\" alt=\"\" width=\"1920\" height=\"1052\" class=\"alignnone size-full wp-image-28275\" srcset=\"https:\/\/ostrowskatv.pl\/wp-content\/uploads\/2024\/02\/1000035884-01.jpeg 1920w, https:\/\/ostrowskatv.pl\/wp-content\/uploads\/2024\/02\/1000035884-01-300x164.jpeg 300w, https:\/\/ostrowskatv.pl\/wp-content\/uploads\/2024\/02\/1000035884-01-1333x730.jpeg 1333w, https:\/\/ostrowskatv.pl\/wp-content\/uploads\/2024\/02\/1000035884-01-1536x842.jpeg 1536w\" sizes=\"auto, (max-width: 1920px) 100vw, 1920px\" \/><\/p>\n<p><img loading=\"lazy\" decoding=\"async\" src=\"https:\/\/ostrowskatv.pl\/wp-content\/uploads\/2024\/02\/1000035885-01.jpeg\" alt=\"\" width=\"1920\" height=\"1147\" class=\"alignnone size-full wp-image-28276\" srcset=\"https:\/\/ostrowskatv.pl\/wp-content\/uploads\/2024\/02\/1000035885-01.jpeg 1920w, https:\/\/ostrowskatv.pl\/wp-content\/uploads\/2024\/02\/1000035885-01-300x179.jpeg 300w, https:\/\/ostrowskatv.pl\/wp-content\/uploads\/2024\/02\/1000035885-01-1333x796.jpeg 1333w, https:\/\/ostrowskatv.pl\/wp-content\/uploads\/2024\/02\/1000035885-01-1536x918.jpeg 1536w\" sizes=\"auto, (max-width: 1920px) 100vw, 1920px\" \/><\/p>\n<p><img loading=\"lazy\" decoding=\"async\" src=\"https:\/\/ostrowskatv.pl\/wp-content\/uploads\/2024\/02\/1000035891-01.jpeg\" alt=\"\" width=\"1440\" height=\"1920\" class=\"alignnone size-full wp-image-28277\" srcset=\"https:\/\/ostrowskatv.pl\/wp-content\/uploads\/2024\/02\/1000035891-01.jpeg 1440w, https:\/\/ostrowskatv.pl\/wp-content\/uploads\/2024\/02\/1000035891-01-225x300.jpeg 225w, https:\/\/ostrowskatv.pl\/wp-content\/uploads\/2024\/02\/1000035891-01-1000x1333.jpeg 1000w, https:\/\/ostrowskatv.pl\/wp-content\/uploads\/2024\/02\/1000035891-01-1152x1536.jpeg 1152w\" sizes=\"auto, (max-width: 1440px) 100vw, 1440px\" \/><\/p>\n","protected":false},"excerpt":{"rendered":"M\u0142ody ostrowianin raptem miesi\u0105c temu zda\u0142 egzamin na prawo jazdy, a ju\u017c narozrabia\u0142. O godzinie 19 kieruj\u0105c seatem zderzy\u0142 si\u0119 z oplem. Na \n<a class=\"moretag\" href=\"https:\/\/ostrowskatv.pl\/?p=28271\"> [...]<\/a>","protected":false},"author":1,"featured_media":28273,"comment_status":"open","ping_status":"closed","sticky":false,"template":"","format":"standard","meta":{"footnotes":""},"categories":[1],"tags":[2],"class_list":["post-28271","post","type-post","status-publish","format-standard","has-post-thumbnail","hentry","category-news","tag-ostrow-wielkopolski"],"_links":{"self":[{"href":"https:\/\/ostrowskatv.pl\/index.php?rest_route=\/wp\/v2\/posts\/28271","targetHints":{"allow":["GET"]}}],"collection":[{"href":"https:\/\/ostrowskatv.pl\/index.php?rest_route=\/wp\/v2\/posts"}],"about":[{"href":"https:\/\/ostrowskatv.pl\/index.php?rest_route=\/wp\/v2\/types\/post"}],"author":[{"embeddable":true,"href":"https:\/\/ostrowskatv.pl\/index.php?rest_route=\/wp\/v2\/users\/1"}],"replies":[{"embeddable":true,"href":"https:\/\/ostrowskatv.pl\/index.php?rest_route=%2Fwp%2Fv2%2Fcomments&post=28271"}],"version-history":[{"count":0,"href":"https:\/\/ostrowskatv.pl\/index.php?rest_route=\/wp\/v2\/posts\/28271\/revisions"}],"wp:featuredmedia":[{"embeddable":true,"href":"https:\/\/ostrowskatv.pl\/index.php?rest_route=\/wp\/v2\/media\/28273"}],"wp:attachment":[{"href":"https:\/\/ostrowskatv.pl\/index.php?rest_route=%2Fwp%2Fv2%2Fmedia&parent=28271"}],"wp:term":[{"taxonomy":"category","embeddable":true,"href":"https:\/\/ostrowskatv.pl\/index.php?rest_route=%2Fwp%2Fv2%2Fcategories&post=28271"},{"taxonomy":"post_tag","embeddable":true,"href":"https:\/\/ostrowskatv.pl\/index.php?rest_route=%2Fwp%2Fv2%2Ftags&post=28271"}],"curies":[{"name":"wp","href":"https:\/\/api.w.org\/{rel}","templated":true}]}}