{"id":28217,"date":"2024-01-29T20:44:28","date_gmt":"2024-01-29T19:44:28","guid":{"rendered":"https:\/\/ostrowskatv.pl\/?p=28217"},"modified":"2024-01-29T20:44:28","modified_gmt":"2024-01-29T19:44:28","slug":"wstrzasajace-zeznania-oskarzonego-podwojne-zabojstwo","status":"publish","type":"post","link":"https:\/\/ostrowskatv.pl\/?p=28217","title":{"rendered":"Wstrz\u0105saj\u0105ce zeznania oskar\u017conego podw\u00f3jne zab\u00f3jstwo"},"content":{"rendered":"<p><strong>Dzi\u015b przed S\u0105dem Okr\u0119gowym w Kaliszu ruszy\u0142 proces, w kt\u00f3rym oskar\u017conych jest 6 m\u0119\u017cczyzn (w tym ojciec i syn). Wsp\u00f3lnie i w porozumieniu zabili oni dw\u00f3ch wsp\u00f3lnik\u00f3w biznesowych najstarszego z oskar\u017conych. Dzi\u015b przed s\u0105dem przedsi\u0119biorca zezna\u0142, \u017ce ba\u0142 si\u0119 poszkodowanych, poniewa\u017c mieli oni zajmowa\u0107 si\u0119 nielegaln\u0105 produkcj\u0105 tytoniu i mieli kontakty z p\u00f3\u0142\u015bwiatkiem kibicowskim z Poznania i Kalisza. Grozili, \u017ce mog\u0105 jemu i jego bliskim wyrz\u0105dzi\u0107 krzywd\u0119.<\/strong><\/p>\n<p>Dzi\u015b odczytano akt oskar\u017cenia. Ponadto wyja\u015bnienia z\u0142o\u017cy\u0142 Micha\u0142 G. (ojciec innego z oskar\u017conych). Sprawa trwa\u0142a 4 godziny. W kolejnych dniach b\u0119d\u0105 zeznawa\u0107 kolejni oskar\u017ceni. Po ich przes\u0142uchaniu s\u0119dzia prowadz\u0105ca spraw\u0119 zapowiedzia\u0142a odtworzenie nagrania z eksperymentu procesowego, podczas kt\u00f3rego oskar\u017ceni odtwarzali przebieg morderstwa.<\/p>\n<p>Micha\u0142 G. zezna\u0142, \u017ce jedna z ofiar &#8211; Emilian &#8211; chwali\u0142 si\u0119, \u017ce ma pieni\u0105dze. Poniewa\u017c kuzyn oskar\u017conego Micha\u0142a G. potrzebowa\u0142 200 tysi\u0119cy z\u0142 na rozkr\u0119cenie sp\u00f3\u0142ki sprzedaj\u0105cej baseny, postanowi\u0142 powi\u0105za\u0107 obie osoby. &#8211; Emilian raczej zajmowa\u0142 si\u0119 nielegalnymi rzeczami. &#8211; wyzna\u0142 Micha\u0142 G.<\/p>\n<p>Micha\u0142 G. mia\u0142 si\u0119 rozlicza\u0142 p\u00f3\u0142 na p\u00f3\u0142 z poszkodowanymi. On to wymy\u015bli\u0142 i to by\u0142 jego wk\u0142ad. &#8211; doda\u0142 w s\u0105dzie.<\/p>\n<p>Sp\u00f3\u0142ka dzia\u0142a\u0142a od 2001 roku. Pewnego dnia G. nie m\u00f3g\u0142 si\u0119 zalogowa\u0107 na maila oraz inne konta nale\u017c\u0105ce do sp\u00f3\u0142ki. Pr\u00f3bowa\u0142 si\u0119 dodzwoni\u0107 do wsp\u00f3lnik\u00f3w przez ca\u0142y dzie\u0144. Ale nieskutecznie. Emilian powiedzia\u0142, \u017ce ma da\u0107 sobie spok\u00f3j ze sp\u00f3\u0142k\u0105, bo co\u015b mo\u017ce mu si\u0119 sta\u0107. Micha\u0142 G. wystraszy\u0142 si\u0119. Emilian opowiada\u0142 \u017ce ma znajomo\u015bci w p\u00f3\u0142\u015bwiatku pozna\u0144skim, w \u015brodowisku pseudokibic\u00f3w jednej z dru\u017cyn pi\u0142karskich.<\/p>\n<p>Micha\u0142 G. dzi\u015b w s\u0105dzie przyj\u0105\u0142 wersj\u0119, \u017ce obu m\u0119\u017cczyzn chcia\u0142 zabi\u0107, poniewa\u017c bardzo si\u0119 ich wystraszy\u0142. Nie chcia\u0142, \u017ceby jemu lub jego bliskim cokolwiek z\u0142ego si\u0119 sta\u0142o. Poprosi\u0142 syna o pomoc w zorganizowaniu zab\u00f3jstwa. Od syna Wiktora chcia\u0142 po\u017cyczy\u0107 wiatr\u00f3wk\u0119 by postraszy\u0107 Emiliana. Syn mu odpowiedzia\u0142, \u017ce chyba jest niepowa\u017cny.<\/p>\n<p>&#8211; Emilian m\u00f3wi\u0142, \u017ce jak kto\u015b podskakuje za mocno to przyje\u017cd\u017caj\u0105 boj\u00f3wki i wbijaj\u0105 na czyj\u015b dom. I wtedy nie ma skrupu\u0142\u00f3w i gwa\u0142c\u0105 wszystkich. Na pierwszym przes\u0142uchaniu nie powiedzia\u0142em o tym, bo ba\u0142em si\u0119, \u017ce mog\u0105 by\u0107 dalsze skutki&#8230; boj\u00f3wki. &#8211; opowiada\u0142 Micha\u0142 G.<\/p>\n<p>Micha\u0142 G. dzie\u0144 przed morderstwem zacz\u0105\u0142 mie\u0107 my\u015bli samob\u00f3jcze. Zatrzyma\u0142 si\u0119 w Go\u0142uchowie i poprosi\u0142 o przyjazd syna. Powiedzia\u0142 synowi, \u017ce b\u0119dzie lepiej gdy on sam si\u0119 zabije, bo mo\u017ce wtedy rodzina b\u0119dzie mia\u0142a \u015bwi\u0119ty spok\u00f3j. Zar\u00f3wno ojciec jak i syn byli uzale\u017cnieni od za\u017cywania narkotyk\u00f3w 3-CMC.<\/p>\n<p>Z synem pojechali do Ostrowa Wielkopolskiego po narkotyki. Znajomi Wiktora mieli co\u015b za\u0142atwi\u0107, ale si\u0119 nie uda\u0142o, wi\u0119c wr\u00f3cili z powrotem do swojego miasteczka pod Pleszewem. Inny z oskar\u017conych przyjecha\u0142 p\u00f3\u017aniej i przywi\u00f3z\u0142 narkotyki. Micha\u0142 G. powiedzia\u0142 kolejnym osobom, \u017ce musi zabi\u0107 Paw\u0142a S. i Emiliana.<\/p>\n<p>Scenariusz zabicia wymy\u015bli\u0142 K. Dosz\u0142o do tego 13 lutego. K. zacz\u0105\u0142 wszystko przygotowa\u0107, pa\u0142ki, no\u017ce, worek. Pozosta\u0142ych oskar\u017conych nam\u00f3wi\u0142 prawdopodobnie Wiktor. Spotkali si\u0119 rano by ustali\u0107 zab\u00f3jstwo. Micha\u0142 G. zawi\u00f3z\u0142 oskar\u017conych do sp\u00f3\u0142ki i zamkn\u0105\u0142 ich w \u0142azience. Stamt\u0105d mieli wyj\u015b\u0107 po kilku minutach i zaatakowa\u0107 pokrzywdzonych. G. w sobotni wiecz\u00f3r um\u00f3wi\u0142 si\u0119 z pokrzywdzonymi w siedzibie sp\u00f3\u0142ki. Mieli przyjecha\u0107 do biura w niedzielne po\u0142udnie. Micha\u0142 G. patrz\u0105c na zgromadzony sprz\u0119t wiedzia\u0142 po co jad\u0105 do Pleszewa. By\u0142o g\u0142o\u015bno powiedziane, \u017ce obaj pokrzywdzeni maj\u0105 zgin\u0105\u0107. W domu ustalono, \u017ce jedziemy na sp\u00f3\u0142k\u0119 a tam sobie ustal\u0105 w \u0142azience kto co b\u0119dzie robi\u0107. Oskar\u017ceni za\u017cyli narkotyki 3-CMC. Oskar\u017cony Micha\u0142 G. stwierdzi\u0142, \u017ce to ma na niego podzia\u0142a\u0107 uspokajaj\u0105co.<\/p>\n<p>Gdy przyjechali pokrzywdzeni to krzyczeli na Micha\u0142a G. Po kilku minutach do pomieszczenia weszli ukryci w toalecie napastnicy. Pierwszy wszed\u0142 Rz. i uderzy\u0142 Paw\u0142a w g\u0142ow\u0119 kijem bejsbolowym. P\u00f3\u017aniej wszed\u0142 syn Micha\u0142a G. Wiktor, kt\u00f3ry uderzy\u0142 Emiliana M. kijem bejsbolowym, ale Emilian zas\u0142oni\u0142 si\u0119 r\u0119k\u0105. <\/p>\n<p>Micha\u0142 G. przyzna\u0142 si\u0119, \u017ce zada\u0142 Paw\u0142owi ciosy w szyj\u0119 i klatk\u0119 piersiow\u0105 \u015brubokr\u0119tem. W tym czasie syn Micha\u0142 G. z koleg\u0105 zajmowali si\u0119 Emilianem, kt\u00f3ry pr\u00f3bowa\u0142 uciec, ale zasta\u0142 zamkni\u0119te drzwi.<\/p>\n<p>W pewnym momencie Micha\u0142 G. si\u0119 osun\u0105\u0142, bo ma astm\u0119. Wtedy Pawe\u0142 si\u0119 wysmykn\u0105\u0142. Inny oskar\u017cony K. zada\u0142 mu 3-4 ciosy \u015bmiertelne w klatk\u0119 piersiow\u0105. Po nich Pawe\u0142 upad\u0142.<br \/>\nKilku oprawc\u00f3w nagle krzykn\u0119\u0142o, \u017ce narobi\u0142 si\u0119 ba\u0142agan i musz\u0105 st\u0105d ucieka\u0107. <\/p>\n<p>Oskar\u017cony Micha\u0142 G. zanim zadzwoni\u0142 na 112 i powiedzia\u0142, \u017ce jego i wsp\u00f3lnik\u00f3w napadni\u0119to, postanowi\u0142 upozorowa\u0107 swoje obra\u017cenia. Wzi\u0105\u0142 szklank\u0119 i z ca\u0142ej si\u0142y uderzy\u0142 si\u0119 w oko. Zrobi\u0142 to tak skutecznie, \u017ce straci\u0142 przytomno\u015b\u0107, a upadaj\u0105c rozci\u0105\u0142 sobie r\u0119k\u0119.<\/p>\n<p>S\u0119dzia Marta Przybylska odczyta\u0142a pierwotne zeznania oskar\u017conego i dociekliwie rozpytywa\u0142a o rozbie\u017cno\u015bci pomi\u0119dzy dzisiejszymi zeznaniami, a tymi z\u0142o\u017cymy bezpo\u015brednio po zdarzeniu.<\/p>\n<p><img loading=\"lazy\" decoding=\"async\" src=\"https:\/\/ostrowskatv.pl\/wp-content\/uploads\/2024\/01\/1000034803-01.jpeg\" alt=\"\" width=\"1920\" height=\"1440\" class=\"alignnone size-full wp-image-28218\" srcset=\"https:\/\/ostrowskatv.pl\/wp-content\/uploads\/2024\/01\/1000034803-01.jpeg 1920w, https:\/\/ostrowskatv.pl\/wp-content\/uploads\/2024\/01\/1000034803-01-300x225.jpeg 300w, https:\/\/ostrowskatv.pl\/wp-content\/uploads\/2024\/01\/1000034803-01-1333x1000.jpeg 1333w, https:\/\/ostrowskatv.pl\/wp-content\/uploads\/2024\/01\/1000034803-01-1536x1152.jpeg 1536w\" sizes=\"auto, (max-width: 1920px) 100vw, 1920px\" \/><\/p>\n<p><img loading=\"lazy\" decoding=\"async\" src=\"https:\/\/ostrowskatv.pl\/wp-content\/uploads\/2024\/01\/1000034804-01.jpeg\" alt=\"\" width=\"1920\" height=\"1137\" class=\"alignnone size-full wp-image-28219\" srcset=\"https:\/\/ostrowskatv.pl\/wp-content\/uploads\/2024\/01\/1000034804-01.jpeg 1920w, https:\/\/ostrowskatv.pl\/wp-content\/uploads\/2024\/01\/1000034804-01-300x178.jpeg 300w, https:\/\/ostrowskatv.pl\/wp-content\/uploads\/2024\/01\/1000034804-01-1333x789.jpeg 1333w, https:\/\/ostrowskatv.pl\/wp-content\/uploads\/2024\/01\/1000034804-01-1536x910.jpeg 1536w\" sizes=\"auto, (max-width: 1920px) 100vw, 1920px\" \/><\/p>\n<p><img loading=\"lazy\" decoding=\"async\" src=\"https:\/\/ostrowskatv.pl\/wp-content\/uploads\/2024\/01\/1000034807-01.jpeg\" alt=\"\" width=\"1920\" height=\"1440\" class=\"alignnone size-full wp-image-28220\" srcset=\"https:\/\/ostrowskatv.pl\/wp-content\/uploads\/2024\/01\/1000034807-01.jpeg 1920w, https:\/\/ostrowskatv.pl\/wp-content\/uploads\/2024\/01\/1000034807-01-300x225.jpeg 300w, https:\/\/ostrowskatv.pl\/wp-content\/uploads\/2024\/01\/1000034807-01-1333x1000.jpeg 1333w, https:\/\/ostrowskatv.pl\/wp-content\/uploads\/2024\/01\/1000034807-01-1536x1152.jpeg 1536w\" sizes=\"auto, (max-width: 1920px) 100vw, 1920px\" \/><\/p>\n<p><img loading=\"lazy\" decoding=\"async\" src=\"https:\/\/ostrowskatv.pl\/wp-content\/uploads\/2024\/01\/1000034808-01.jpeg\" alt=\"\" width=\"1920\" height=\"1440\" class=\"alignnone size-full wp-image-28221\" srcset=\"https:\/\/ostrowskatv.pl\/wp-content\/uploads\/2024\/01\/1000034808-01.jpeg 1920w, https:\/\/ostrowskatv.pl\/wp-content\/uploads\/2024\/01\/1000034808-01-300x225.jpeg 300w, https:\/\/ostrowskatv.pl\/wp-content\/uploads\/2024\/01\/1000034808-01-1333x1000.jpeg 1333w, https:\/\/ostrowskatv.pl\/wp-content\/uploads\/2024\/01\/1000034808-01-1536x1152.jpeg 1536w\" sizes=\"auto, (max-width: 1920px) 100vw, 1920px\" \/><\/p>\n<p><img loading=\"lazy\" decoding=\"async\" src=\"https:\/\/ostrowskatv.pl\/wp-content\/uploads\/2024\/01\/1000034809-01.jpeg\" alt=\"\" width=\"1920\" height=\"1440\" class=\"alignnone size-full wp-image-28222\" srcset=\"https:\/\/ostrowskatv.pl\/wp-content\/uploads\/2024\/01\/1000034809-01.jpeg 1920w, https:\/\/ostrowskatv.pl\/wp-content\/uploads\/2024\/01\/1000034809-01-300x225.jpeg 300w, https:\/\/ostrowskatv.pl\/wp-content\/uploads\/2024\/01\/1000034809-01-1333x1000.jpeg 1333w, https:\/\/ostrowskatv.pl\/wp-content\/uploads\/2024\/01\/1000034809-01-1536x1152.jpeg 1536w\" sizes=\"auto, (max-width: 1920px) 100vw, 1920px\" \/><\/p>\n<p><img loading=\"lazy\" decoding=\"async\" src=\"https:\/\/ostrowskatv.pl\/wp-content\/uploads\/2024\/01\/1000034810-01.jpeg\" alt=\"\" width=\"1920\" height=\"1440\" class=\"alignnone size-full wp-image-28223\" srcset=\"https:\/\/ostrowskatv.pl\/wp-content\/uploads\/2024\/01\/1000034810-01.jpeg 1920w, https:\/\/ostrowskatv.pl\/wp-content\/uploads\/2024\/01\/1000034810-01-300x225.jpeg 300w, https:\/\/ostrowskatv.pl\/wp-content\/uploads\/2024\/01\/1000034810-01-1333x1000.jpeg 1333w, https:\/\/ostrowskatv.pl\/wp-content\/uploads\/2024\/01\/1000034810-01-1536x1152.jpeg 1536w\" sizes=\"auto, (max-width: 1920px) 100vw, 1920px\" \/><\/p>\n<p><img loading=\"lazy\" decoding=\"async\" src=\"https:\/\/ostrowskatv.pl\/wp-content\/uploads\/2024\/01\/1000034811-01.jpeg\" alt=\"\" width=\"1920\" height=\"1440\" class=\"alignnone size-full wp-image-28224\" srcset=\"https:\/\/ostrowskatv.pl\/wp-content\/uploads\/2024\/01\/1000034811-01.jpeg 1920w, https:\/\/ostrowskatv.pl\/wp-content\/uploads\/2024\/01\/1000034811-01-300x225.jpeg 300w, https:\/\/ostrowskatv.pl\/wp-content\/uploads\/2024\/01\/1000034811-01-1333x1000.jpeg 1333w, https:\/\/ostrowskatv.pl\/wp-content\/uploads\/2024\/01\/1000034811-01-1536x1152.jpeg 1536w\" sizes=\"auto, (max-width: 1920px) 100vw, 1920px\" \/><\/p>\n<p><img loading=\"lazy\" decoding=\"async\" src=\"https:\/\/ostrowskatv.pl\/wp-content\/uploads\/2024\/01\/1000034812-01.jpeg\" alt=\"\" width=\"1920\" height=\"1440\" class=\"alignnone size-full wp-image-28225\" srcset=\"https:\/\/ostrowskatv.pl\/wp-content\/uploads\/2024\/01\/1000034812-01.jpeg 1920w, https:\/\/ostrowskatv.pl\/wp-content\/uploads\/2024\/01\/1000034812-01-300x225.jpeg 300w, https:\/\/ostrowskatv.pl\/wp-content\/uploads\/2024\/01\/1000034812-01-1333x1000.jpeg 1333w, https:\/\/ostrowskatv.pl\/wp-content\/uploads\/2024\/01\/1000034812-01-1536x1152.jpeg 1536w\" sizes=\"auto, (max-width: 1920px) 100vw, 1920px\" \/><\/p>\n<p><img loading=\"lazy\" decoding=\"async\" src=\"https:\/\/ostrowskatv.pl\/wp-content\/uploads\/2024\/01\/20240129_105639-01.jpeg\" alt=\"\" width=\"1920\" height=\"1440\" class=\"alignnone size-full wp-image-28226\" srcset=\"https:\/\/ostrowskatv.pl\/wp-content\/uploads\/2024\/01\/20240129_105639-01.jpeg 1920w, https:\/\/ostrowskatv.pl\/wp-content\/uploads\/2024\/01\/20240129_105639-01-300x225.jpeg 300w, https:\/\/ostrowskatv.pl\/wp-content\/uploads\/2024\/01\/20240129_105639-01-1333x1000.jpeg 1333w, https:\/\/ostrowskatv.pl\/wp-content\/uploads\/2024\/01\/20240129_105639-01-1536x1152.jpeg 1536w\" sizes=\"auto, (max-width: 1920px) 100vw, 1920px\" \/><\/p>\n","protected":false},"excerpt":{"rendered":"Dzi\u015b przed S\u0105dem Okr\u0119gowym w Kaliszu ruszy\u0142 proces, w kt\u00f3rym oskar\u017conych jest 6 m\u0119\u017cczyzn (w tym ojciec i syn). Wsp\u00f3lnie i w porozumieniu \n<a class=\"moretag\" href=\"https:\/\/ostrowskatv.pl\/?p=28217\"> [...]<\/a>","protected":false},"author":1,"featured_media":28219,"comment_status":"open","ping_status":"closed","sticky":false,"template":"","format":"standard","meta":{"footnotes":""},"categories":[1],"tags":[52],"class_list":["post-28217","post","type-post","status-publish","format-standard","has-post-thumbnail","hentry","category-news","tag-sad"],"_links":{"self":[{"href":"https:\/\/ostrowskatv.pl\/index.php?rest_route=\/wp\/v2\/posts\/28217","targetHints":{"allow":["GET"]}}],"collection":[{"href":"https:\/\/ostrowskatv.pl\/index.php?rest_route=\/wp\/v2\/posts"}],"about":[{"href":"https:\/\/ostrowskatv.pl\/index.php?rest_route=\/wp\/v2\/types\/post"}],"author":[{"embeddable":true,"href":"https:\/\/ostrowskatv.pl\/index.php?rest_route=\/wp\/v2\/users\/1"}],"replies":[{"embeddable":true,"href":"https:\/\/ostrowskatv.pl\/index.php?rest_route=%2Fwp%2Fv2%2Fcomments&post=28217"}],"version-history":[{"count":0,"href":"https:\/\/ostrowskatv.pl\/index.php?rest_route=\/wp\/v2\/posts\/28217\/revisions"}],"wp:featuredmedia":[{"embeddable":true,"href":"https:\/\/ostrowskatv.pl\/index.php?rest_route=\/wp\/v2\/media\/28219"}],"wp:attachment":[{"href":"https:\/\/ostrowskatv.pl\/index.php?rest_route=%2Fwp%2Fv2%2Fmedia&parent=28217"}],"wp:term":[{"taxonomy":"category","embeddable":true,"href":"https:\/\/ostrowskatv.pl\/index.php?rest_route=%2Fwp%2Fv2%2Fcategories&post=28217"},{"taxonomy":"post_tag","embeddable":true,"href":"https:\/\/ostrowskatv.pl\/index.php?rest_route=%2Fwp%2Fv2%2Ftags&post=28217"}],"curies":[{"name":"wp","href":"https:\/\/api.w.org\/{rel}","templated":true}]}}