{"id":28213,"date":"2024-01-29T14:27:36","date_gmt":"2024-01-29T13:27:36","guid":{"rendered":"https:\/\/ostrowskatv.pl\/?p=28213"},"modified":"2024-01-29T14:27:36","modified_gmt":"2024-01-29T13:27:36","slug":"jakub-paduch-kandydatem-na-prezydenta","status":"publish","type":"post","link":"https:\/\/ostrowskatv.pl\/?p=28213","title":{"rendered":"Jakub Paduch kandydatem na prezydenta"},"content":{"rendered":"<p><strong>Jakub Paduch zosta\u0142 og\u0142oszony kandydatem na prezydenta Ostrowa Wielkopolskiego. Radny miejski poinformowa\u0142, \u017ce kampania b\u0119dzie skupiona wok\u00f3\u0142 Ostrowa jako miasta marze\u0144.<\/strong><\/p>\n<p>Przeciwniczk\u0105 jego b\u0119dzie obecn\u0105 prezydent Beata Klimek. Z PiSu ma wystartowa\u0107 jedna z kobiet. Wa\u017c\u0105 si\u0119 losy czy b\u0119dzie to radna Marzena Nowak, Karolina Szyma\u0144ska &#8211; Dera. Marlena Mal\u0105g te\u017c jest na gie\u0142dzie nazwisk.<\/p>\n<p><img loading=\"lazy\" decoding=\"async\" src=\"https:\/\/ostrowskatv.pl\/wp-content\/uploads\/2024\/01\/1000034741-02.jpeg\" alt=\"\" width=\"1920\" height=\"1440\" class=\"alignnone size-full wp-image-28215\" srcset=\"https:\/\/ostrowskatv.pl\/wp-content\/uploads\/2024\/01\/1000034741-02.jpeg 1920w, https:\/\/ostrowskatv.pl\/wp-content\/uploads\/2024\/01\/1000034741-02-300x225.jpeg 300w, https:\/\/ostrowskatv.pl\/wp-content\/uploads\/2024\/01\/1000034741-02-1333x1000.jpeg 1333w, https:\/\/ostrowskatv.pl\/wp-content\/uploads\/2024\/01\/1000034741-02-1536x1152.jpeg 1536w\" sizes=\"auto, (max-width: 1920px) 100vw, 1920px\" \/><\/p>\n","protected":false},"excerpt":{"rendered":"Jakub Paduch zosta\u0142 og\u0142oszony kandydatem na prezydenta Ostrowa Wielkopolskiego. Radny miejski poinformowa\u0142, \u017ce kampania b\u0119dzie skupiona wok\u00f3\u0142 Ostrowa jako miasta marze\u0144. Przeciwniczk\u0105 jego \n<a class=\"moretag\" href=\"https:\/\/ostrowskatv.pl\/?p=28213\"> [...]<\/a>","protected":false},"author":1,"featured_media":28214,"comment_status":"open","ping_status":"closed","sticky":false,"template":"","format":"standard","meta":{"footnotes":""},"categories":[1],"tags":[2],"class_list":["post-28213","post","type-post","status-publish","format-standard","has-post-thumbnail","hentry","category-news","tag-ostrow-wielkopolski"],"_links":{"self":[{"href":"https:\/\/ostrowskatv.pl\/index.php?rest_route=\/wp\/v2\/posts\/28213","targetHints":{"allow":["GET"]}}],"collection":[{"href":"https:\/\/ostrowskatv.pl\/index.php?rest_route=\/wp\/v2\/posts"}],"about":[{"href":"https:\/\/ostrowskatv.pl\/index.php?rest_route=\/wp\/v2\/types\/post"}],"author":[{"embeddable":true,"href":"https:\/\/ostrowskatv.pl\/index.php?rest_route=\/wp\/v2\/users\/1"}],"replies":[{"embeddable":true,"href":"https:\/\/ostrowskatv.pl\/index.php?rest_route=%2Fwp%2Fv2%2Fcomments&post=28213"}],"version-history":[{"count":0,"href":"https:\/\/ostrowskatv.pl\/index.php?rest_route=\/wp\/v2\/posts\/28213\/revisions"}],"wp:featuredmedia":[{"embeddable":true,"href":"https:\/\/ostrowskatv.pl\/index.php?rest_route=\/wp\/v2\/media\/28214"}],"wp:attachment":[{"href":"https:\/\/ostrowskatv.pl\/index.php?rest_route=%2Fwp%2Fv2%2Fmedia&parent=28213"}],"wp:term":[{"taxonomy":"category","embeddable":true,"href":"https:\/\/ostrowskatv.pl\/index.php?rest_route=%2Fwp%2Fv2%2Fcategories&post=28213"},{"taxonomy":"post_tag","embeddable":true,"href":"https:\/\/ostrowskatv.pl\/index.php?rest_route=%2Fwp%2Fv2%2Ftags&post=28213"}],"curies":[{"name":"wp","href":"https:\/\/api.w.org\/{rel}","templated":true}]}}