{"id":28146,"date":"2024-01-25T08:03:50","date_gmt":"2024-01-25T07:03:50","guid":{"rendered":"https:\/\/ostrowskatv.pl\/?p=28146"},"modified":"2024-01-25T08:03:50","modified_gmt":"2024-01-25T07:03:50","slug":"protest-rolnikow-za-nowej-wladzy","status":"publish","type":"post","link":"https:\/\/ostrowskatv.pl\/?p=28146","title":{"rendered":"Protest rolnik\u00f3w za nowej w\u0142adzy"},"content":{"rendered":"<p><strong>Wczoraj w ca\u0142ej Polsce odby\u0142y si\u0119 protesty rolnik\u00f3w. Nie inaczej by\u0142o w po\u0142udniowej Wielkopolsce. Do Kotlina zjecha\u0142o kilkadziesi\u0105t rolnik\u00f3w, kt\u00f3rzy ustawili si\u0119 wzd\u0142u\u017c drogi krajowej nr 11. Tam z flagami Polski oraz transparentami pokazywali, \u017ce maj\u0105 do\u015b\u0107.<\/strong><\/p>\n<p>Organizator protestu w Kotlinie Waldemar Janowski m\u00f3wi, \u017ce s\u0105 g\u0142\u00f3wne dwa postulaty. 1 &#8211; nielegalny handel zbo\u017cem oraz innymi towarami spo\u017cywczymi z Ukrainy. Towary nie s\u0105 w \u017caden spos\u00f3b przebadane. To nie s\u0105 towary zwyk\u0142ych Ukrai\u0144c\u00f3w, tylko wielkich korporacji, oligarch\u00f3w. Drugi to Zielony \u0142ad &#8211; Unia Europejska wprowadza nam chore i \u015bmieszne przepisy tj. utrzymywanie na niskim poziomie naszych gospodarstw, \u017ceby wielkie korporacje na tym skorzysta\u0142y. Nasze gospodarstwa s\u0105 rodzinnymi i tak powinno pozosta\u0107. Chcemy, \u017ceby ten zielony \u0142ad ca\u0142kowicie zmieniono lub zlikwidowano.<\/p>\n<p>Kolejny z protestuj\u0105cych Andrzej Mizerkiewicz uwa\u017ca, \u017ce problemem w rolnictwie s\u0105 zbyt niskie ceny zb\u00f3\u017c i \u017cywca. Rynek jest rozregulowany. Rolnicy nie osi\u0105gaj\u0105 przychodz\u0105, kt\u00f3re powinni. Protesty powinny by\u0107 co miesi\u0105c, \u017ceby w\u0142adza zrozumia\u0142a \u017ce nale\u017cy zadba\u0107 o dochody rolnika. <\/p>\n<p>Z kolei Stefan Niewiadomski m\u00f3wi\u0142, \u017ce rolnicy protestuj\u0105, \u017ceby gospodarce si\u0119 powodzi\u0142o. Te wszystkie organizacje rolnicze dzia\u0142aj\u0105 z mi\u0142o\u015bci do koryta. Gdy s\u0105 jakie\u015b wybory to umiej\u0105 si\u0119 pokaza\u0107. A jak si\u0119 dostan\u0105 to p\u00f3\u017aniej tam sobie siej\u0105 i opowiadaj\u0105 g\u0142upoty.  Trzeba si\u0119 zabra\u0107 za k\u00f3\u0142ka rolnicze, kt\u00f3re tylko si\u0119 pokazuj\u0105 z wie\u0144cem na do\u017cynkach. Stara klika siedzi przy korycie i ma rolnik\u00f3w gdzie\u015b. Ceny maszyn posz\u0142y 100% do g\u00f3ry, natomiast ceny w skupach spad\u0142y. 10-15 hektarowe gospodarstwa znikn\u0105 z planety, to ju\u017c jest zaplanowane.<\/p>\n<p>Na koniec spali\u0142 kamizelk\u0119 z nazw\u0105 Agro-Unii, kt\u00f3rej zarzuci\u0142, \u017ce zaprzeda\u0142a swoje idee. Przypomnijmy, \u017ce Micha\u0142 Ko\u0142odziejczak wszed\u0142 w koalicj\u0119 z Donaldem Tuskiem i otrzyma\u0142 tek\u0119 wiceministra rolnictwa. Do niedawna to on by\u0142 kojarzony z protestami rolniczymi w Polsce.<\/p>\n<p><img loading=\"lazy\" decoding=\"async\" src=\"https:\/\/ostrowskatv.pl\/wp-content\/uploads\/2024\/01\/1000070660-01.jpeg\" alt=\"\" width=\"1366\" height=\"769\" class=\"alignnone size-full wp-image-28147\" srcset=\"https:\/\/ostrowskatv.pl\/wp-content\/uploads\/2024\/01\/1000070660-01.jpeg 1366w, https:\/\/ostrowskatv.pl\/wp-content\/uploads\/2024\/01\/1000070660-01-300x169.jpeg 300w, https:\/\/ostrowskatv.pl\/wp-content\/uploads\/2024\/01\/1000070660-01-1333x750.jpeg 1333w\" sizes=\"auto, (max-width: 1366px) 100vw, 1366px\" \/><\/p>\n<p><img loading=\"lazy\" decoding=\"async\" src=\"https:\/\/ostrowskatv.pl\/wp-content\/uploads\/2024\/01\/1000070661-01.jpeg\" alt=\"\" width=\"1366\" height=\"769\" class=\"alignnone size-full wp-image-28148\" srcset=\"https:\/\/ostrowskatv.pl\/wp-content\/uploads\/2024\/01\/1000070661-01.jpeg 1366w, https:\/\/ostrowskatv.pl\/wp-content\/uploads\/2024\/01\/1000070661-01-300x169.jpeg 300w, https:\/\/ostrowskatv.pl\/wp-content\/uploads\/2024\/01\/1000070661-01-1333x750.jpeg 1333w\" sizes=\"auto, (max-width: 1366px) 100vw, 1366px\" \/><\/p>\n<p><img loading=\"lazy\" decoding=\"async\" src=\"https:\/\/ostrowskatv.pl\/wp-content\/uploads\/2024\/01\/1000070662-01.jpeg\" alt=\"\" width=\"1366\" height=\"769\" class=\"alignnone size-full wp-image-28149\" srcset=\"https:\/\/ostrowskatv.pl\/wp-content\/uploads\/2024\/01\/1000070662-01.jpeg 1366w, https:\/\/ostrowskatv.pl\/wp-content\/uploads\/2024\/01\/1000070662-01-300x169.jpeg 300w, https:\/\/ostrowskatv.pl\/wp-content\/uploads\/2024\/01\/1000070662-01-1333x750.jpeg 1333w\" sizes=\"auto, (max-width: 1366px) 100vw, 1366px\" \/><\/p>\n<p><img loading=\"lazy\" decoding=\"async\" src=\"https:\/\/ostrowskatv.pl\/wp-content\/uploads\/2024\/01\/1000070664-01.jpeg\" alt=\"\" width=\"1366\" height=\"769\" class=\"alignnone size-full wp-image-28150\" srcset=\"https:\/\/ostrowskatv.pl\/wp-content\/uploads\/2024\/01\/1000070664-01.jpeg 1366w, https:\/\/ostrowskatv.pl\/wp-content\/uploads\/2024\/01\/1000070664-01-300x169.jpeg 300w, https:\/\/ostrowskatv.pl\/wp-content\/uploads\/2024\/01\/1000070664-01-1333x750.jpeg 1333w\" sizes=\"auto, (max-width: 1366px) 100vw, 1366px\" \/><\/p>\n<p><img loading=\"lazy\" decoding=\"async\" src=\"https:\/\/ostrowskatv.pl\/wp-content\/uploads\/2024\/01\/1000070665-01.jpeg\" alt=\"\" width=\"1366\" height=\"769\" class=\"alignnone size-full wp-image-28151\" srcset=\"https:\/\/ostrowskatv.pl\/wp-content\/uploads\/2024\/01\/1000070665-01.jpeg 1366w, https:\/\/ostrowskatv.pl\/wp-content\/uploads\/2024\/01\/1000070665-01-300x169.jpeg 300w, https:\/\/ostrowskatv.pl\/wp-content\/uploads\/2024\/01\/1000070665-01-1333x750.jpeg 1333w\" sizes=\"auto, (max-width: 1366px) 100vw, 1366px\" \/><\/p>\n<p><img loading=\"lazy\" decoding=\"async\" src=\"https:\/\/ostrowskatv.pl\/wp-content\/uploads\/2024\/01\/1000070666-01.jpeg\" alt=\"\" width=\"1365\" height=\"726\" class=\"alignnone size-full wp-image-28152\" srcset=\"https:\/\/ostrowskatv.pl\/wp-content\/uploads\/2024\/01\/1000070666-01.jpeg 1365w, https:\/\/ostrowskatv.pl\/wp-content\/uploads\/2024\/01\/1000070666-01-300x160.jpeg 300w, https:\/\/ostrowskatv.pl\/wp-content\/uploads\/2024\/01\/1000070666-01-1333x709.jpeg 1333w\" sizes=\"auto, (max-width: 1365px) 100vw, 1365px\" \/><\/p>\n<p><img loading=\"lazy\" decoding=\"async\" src=\"https:\/\/ostrowskatv.pl\/wp-content\/uploads\/2024\/01\/1000070667-01.jpeg\" alt=\"\" width=\"1366\" height=\"769\" class=\"alignnone size-full wp-image-28153\" srcset=\"https:\/\/ostrowskatv.pl\/wp-content\/uploads\/2024\/01\/1000070667-01.jpeg 1366w, https:\/\/ostrowskatv.pl\/wp-content\/uploads\/2024\/01\/1000070667-01-300x169.jpeg 300w, https:\/\/ostrowskatv.pl\/wp-content\/uploads\/2024\/01\/1000070667-01-1333x750.jpeg 1333w\" sizes=\"auto, (max-width: 1366px) 100vw, 1366px\" \/><\/p>\n<p><img loading=\"lazy\" decoding=\"async\" src=\"https:\/\/ostrowskatv.pl\/wp-content\/uploads\/2024\/01\/1000070668-01.jpeg\" alt=\"\" width=\"1339\" height=\"1366\" class=\"alignnone size-full wp-image-28154\" srcset=\"https:\/\/ostrowskatv.pl\/wp-content\/uploads\/2024\/01\/1000070668-01.jpeg 1339w, https:\/\/ostrowskatv.pl\/wp-content\/uploads\/2024\/01\/1000070668-01-294x300.jpeg 294w, https:\/\/ostrowskatv.pl\/wp-content\/uploads\/2024\/01\/1000070668-01-1307x1333.jpeg 1307w\" sizes=\"auto, (max-width: 1339px) 100vw, 1339px\" \/><\/p>\n<p><img loading=\"lazy\" decoding=\"async\" src=\"https:\/\/ostrowskatv.pl\/wp-content\/uploads\/2024\/01\/1000070755-01.jpeg\" alt=\"\" width=\"1280\" height=\"720\" class=\"alignnone size-full wp-image-28155\" srcset=\"https:\/\/ostrowskatv.pl\/wp-content\/uploads\/2024\/01\/1000070755-01.jpeg 1280w, https:\/\/ostrowskatv.pl\/wp-content\/uploads\/2024\/01\/1000070755-01-300x169.jpeg 300w\" sizes=\"auto, (max-width: 1280px) 100vw, 1280px\" \/><\/p>\n<p><img loading=\"lazy\" decoding=\"async\" src=\"https:\/\/ostrowskatv.pl\/wp-content\/uploads\/2024\/01\/1000070766-01.jpeg\" alt=\"\" width=\"1280\" height=\"720\" class=\"alignnone size-full wp-image-28156\" srcset=\"https:\/\/ostrowskatv.pl\/wp-content\/uploads\/2024\/01\/1000070766-01.jpeg 1280w, https:\/\/ostrowskatv.pl\/wp-content\/uploads\/2024\/01\/1000070766-01-300x169.jpeg 300w\" sizes=\"auto, (max-width: 1280px) 100vw, 1280px\" \/><\/p>\n","protected":false},"excerpt":{"rendered":"Wczoraj w ca\u0142ej Polsce odby\u0142y si\u0119 protesty rolnik\u00f3w. Nie inaczej by\u0142o w po\u0142udniowej Wielkopolsce. Do Kotlina zjecha\u0142o kilkadziesi\u0105t rolnik\u00f3w, kt\u00f3rzy ustawili si\u0119 wzd\u0142u\u017c \n<a class=\"moretag\" href=\"https:\/\/ostrowskatv.pl\/?p=28146\"> [...]<\/a>","protected":false},"author":1,"featured_media":28152,"comment_status":"open","ping_status":"closed","sticky":false,"template":"","format":"standard","meta":{"footnotes":""},"categories":[1],"tags":[],"class_list":["post-28146","post","type-post","status-publish","format-standard","has-post-thumbnail","hentry","category-news"],"_links":{"self":[{"href":"https:\/\/ostrowskatv.pl\/index.php?rest_route=\/wp\/v2\/posts\/28146","targetHints":{"allow":["GET"]}}],"collection":[{"href":"https:\/\/ostrowskatv.pl\/index.php?rest_route=\/wp\/v2\/posts"}],"about":[{"href":"https:\/\/ostrowskatv.pl\/index.php?rest_route=\/wp\/v2\/types\/post"}],"author":[{"embeddable":true,"href":"https:\/\/ostrowskatv.pl\/index.php?rest_route=\/wp\/v2\/users\/1"}],"replies":[{"embeddable":true,"href":"https:\/\/ostrowskatv.pl\/index.php?rest_route=%2Fwp%2Fv2%2Fcomments&post=28146"}],"version-history":[{"count":0,"href":"https:\/\/ostrowskatv.pl\/index.php?rest_route=\/wp\/v2\/posts\/28146\/revisions"}],"wp:featuredmedia":[{"embeddable":true,"href":"https:\/\/ostrowskatv.pl\/index.php?rest_route=\/wp\/v2\/media\/28152"}],"wp:attachment":[{"href":"https:\/\/ostrowskatv.pl\/index.php?rest_route=%2Fwp%2Fv2%2Fmedia&parent=28146"}],"wp:term":[{"taxonomy":"category","embeddable":true,"href":"https:\/\/ostrowskatv.pl\/index.php?rest_route=%2Fwp%2Fv2%2Fcategories&post=28146"},{"taxonomy":"post_tag","embeddable":true,"href":"https:\/\/ostrowskatv.pl\/index.php?rest_route=%2Fwp%2Fv2%2Ftags&post=28146"}],"curies":[{"name":"wp","href":"https:\/\/api.w.org\/{rel}","templated":true}]}}