{"id":28109,"date":"2024-01-24T10:26:18","date_gmt":"2024-01-24T09:26:18","guid":{"rendered":"https:\/\/ostrowskatv.pl\/?p=28109"},"modified":"2024-01-24T10:26:18","modified_gmt":"2024-01-24T09:26:18","slug":"pis-nauczyciele-czuja-sie-zawiedzeni-i-oszukani","status":"publish","type":"post","link":"https:\/\/ostrowskatv.pl\/?p=28109","title":{"rendered":"PiS: &#8222;nauczyciele czuj\u0105 si\u0119 zawiedzeni i oszukani&#8221;"},"content":{"rendered":"<p><strong>Przedstawiciele ostrowsko-kaliskich struktur Prawa i Sprawiedliwo\u015bci przysz\u0142o pod biuro Platformy Obywatelskiej w Ostrowie Wielkopolskim. Tam zorganizowali konferencj\u0119 prasowej, na kt\u00f3rej podnie\u015bli temat obietnicy wyborczej PO w kontek\u015bcie podwy\u017cek dla nauczycieli.<\/strong><\/p>\n<p>G\u0142os zabra\u0142a wieloletnia nauczycielka z jednej z ostrowskich szk\u00f3\u0142 \u015brednich i zarazem radna miejska Marzenna Nowak (poprzednio Podskarbi). &#8211; \u015arodowisko nauczycielskie czuje si\u0119 zawiedzione i oszukane, poniewa\u017c nie zrealizowano szumnie zapowiadanej podwy\u017cki. M\u00f3wi\u0119 to w imieniu kole\u017canek i koleg\u00f3w, kt\u00f3rzy wykonuj\u0105 bardzo trudny zaw\u00f3d, wymagaj\u0105cy czynnego zaanga\u017cowania przez prawie ca\u0142\u0105 dob\u0119.<br \/>\nKwestie finansowe dzisiaj dla wszystkich s\u0105 wa\u017cne. Podwy\u017cka mia\u0142a wynie\u015b\u0107 co najmniej 1500 z\u0142 do pensji zasadniczej. Jest to dziwne, bo nasz rz\u0105d zabezpieczy\u0142 12 miliard\u00f3w z\u0142otych na podwy\u017cki dla nauczycieli.<\/p>\n<p>Chcieliby\u015bmy sugerowa\u0107, wskazywa\u0107 obszary, w kt\u00f3rych &#8222;rz\u0105dz\u0105ca koalicja 13 grudnia&#8221; czy &#8222;koalicja 8 gwiazdek&#8221;, kt\u00f3ra swoich flagowych pomys\u0142\u00f3w nie bierze pod uwag\u0119. Z 30% podwy\u017cki dla nauczycieli okaza\u0142a si\u0119 mitem, bzdur\u0105, k\u0142amstwem wyborczym &#8211; wylicza\u0142 Piotr Kaleta, pose\u0142 PiS. &#8211; Widzimy, \u017ce obecnie w Polsce jest permanentnie \u0142amane prawo, \u0142amana konstytucja &#8211; doda\u0142 Kaleta. <\/p>\n<p>&#8211; Chodzi o 900 z\u0142, kt\u00f3re nauczyciele maj\u0105 dosta\u0107 po sp\u0142aszczonej podwy\u017cce, kt\u00f3ra mia\u0142a wynie\u015b\u0107 a\u017c 1500 z\u0142. &#8211; zarzuca\u0142 koalicji rz\u0105dz\u0105cej pose\u0142 Kaleta.<\/p>\n<p><img loading=\"lazy\" decoding=\"async\" src=\"https:\/\/ostrowskatv.pl\/wp-content\/uploads\/2024\/01\/1000070599-01.jpeg\" alt=\"\" width=\"1366\" height=\"769\" class=\"alignnone size-full wp-image-28111\" srcset=\"https:\/\/ostrowskatv.pl\/wp-content\/uploads\/2024\/01\/1000070599-01.jpeg 1366w, https:\/\/ostrowskatv.pl\/wp-content\/uploads\/2024\/01\/1000070599-01-300x169.jpeg 300w, https:\/\/ostrowskatv.pl\/wp-content\/uploads\/2024\/01\/1000070599-01-1333x750.jpeg 1333w\" sizes=\"auto, (max-width: 1366px) 100vw, 1366px\" \/><\/p>\n<p><img loading=\"lazy\" decoding=\"async\" src=\"https:\/\/ostrowskatv.pl\/wp-content\/uploads\/2024\/01\/1000070601-01.jpeg\" alt=\"\" width=\"1366\" height=\"769\" class=\"alignnone size-full wp-image-28112\" srcset=\"https:\/\/ostrowskatv.pl\/wp-content\/uploads\/2024\/01\/1000070601-01.jpeg 1366w, https:\/\/ostrowskatv.pl\/wp-content\/uploads\/2024\/01\/1000070601-01-300x169.jpeg 300w, https:\/\/ostrowskatv.pl\/wp-content\/uploads\/2024\/01\/1000070601-01-1333x750.jpeg 1333w\" sizes=\"auto, (max-width: 1366px) 100vw, 1366px\" \/><\/p>\n<p><img loading=\"lazy\" decoding=\"async\" src=\"https:\/\/ostrowskatv.pl\/wp-content\/uploads\/2024\/01\/1000070604-01.jpeg\" alt=\"\" width=\"1366\" height=\"769\" class=\"alignnone size-full wp-image-28113\" srcset=\"https:\/\/ostrowskatv.pl\/wp-content\/uploads\/2024\/01\/1000070604-01.jpeg 1366w, https:\/\/ostrowskatv.pl\/wp-content\/uploads\/2024\/01\/1000070604-01-300x169.jpeg 300w, https:\/\/ostrowskatv.pl\/wp-content\/uploads\/2024\/01\/1000070604-01-1333x750.jpeg 1333w\" sizes=\"auto, (max-width: 1366px) 100vw, 1366px\" \/><\/p>\n<p><img loading=\"lazy\" decoding=\"async\" src=\"https:\/\/ostrowskatv.pl\/wp-content\/uploads\/2024\/01\/1000070602-01.jpeg\" alt=\"\" width=\"1366\" height=\"769\" class=\"alignnone size-full wp-image-28114\" srcset=\"https:\/\/ostrowskatv.pl\/wp-content\/uploads\/2024\/01\/1000070602-01.jpeg 1366w, https:\/\/ostrowskatv.pl\/wp-content\/uploads\/2024\/01\/1000070602-01-300x169.jpeg 300w, https:\/\/ostrowskatv.pl\/wp-content\/uploads\/2024\/01\/1000070602-01-1333x750.jpeg 1333w\" sizes=\"auto, (max-width: 1366px) 100vw, 1366px\" \/><\/p>\n<p><img loading=\"lazy\" decoding=\"async\" src=\"https:\/\/ostrowskatv.pl\/wp-content\/uploads\/2024\/01\/1000070598-01.jpeg\" alt=\"\" width=\"1366\" height=\"769\" class=\"alignnone size-full wp-image-28115\" srcset=\"https:\/\/ostrowskatv.pl\/wp-content\/uploads\/2024\/01\/1000070598-01.jpeg 1366w, https:\/\/ostrowskatv.pl\/wp-content\/uploads\/2024\/01\/1000070598-01-300x169.jpeg 300w, https:\/\/ostrowskatv.pl\/wp-content\/uploads\/2024\/01\/1000070598-01-1333x750.jpeg 1333w\" sizes=\"auto, (max-width: 1366px) 100vw, 1366px\" \/><\/p>\n<p><img loading=\"lazy\" decoding=\"async\" src=\"https:\/\/ostrowskatv.pl\/wp-content\/uploads\/2024\/01\/1000070595-01.jpeg\" alt=\"\" width=\"1366\" height=\"769\" class=\"alignnone size-full wp-image-28116\" srcset=\"https:\/\/ostrowskatv.pl\/wp-content\/uploads\/2024\/01\/1000070595-01.jpeg 1366w, https:\/\/ostrowskatv.pl\/wp-content\/uploads\/2024\/01\/1000070595-01-300x169.jpeg 300w, https:\/\/ostrowskatv.pl\/wp-content\/uploads\/2024\/01\/1000070595-01-1333x750.jpeg 1333w\" sizes=\"auto, (max-width: 1366px) 100vw, 1366px\" \/><\/p>\n","protected":false},"excerpt":{"rendered":"Przedstawiciele ostrowsko-kaliskich struktur Prawa i Sprawiedliwo\u015bci przysz\u0142o pod biuro Platformy Obywatelskiej w Ostrowie Wielkopolskim. Tam zorganizowali konferencj\u0119 prasowej, na kt\u00f3rej podnie\u015bli temat obietnicy \n<a class=\"moretag\" href=\"https:\/\/ostrowskatv.pl\/?p=28109\"> [...]<\/a>","protected":false},"author":1,"featured_media":28116,"comment_status":"open","ping_status":"closed","sticky":false,"template":"","format":"standard","meta":{"footnotes":""},"categories":[1],"tags":[24],"class_list":["post-28109","post","type-post","status-publish","format-standard","has-post-thumbnail","hentry","category-news","tag-polityka"],"_links":{"self":[{"href":"https:\/\/ostrowskatv.pl\/index.php?rest_route=\/wp\/v2\/posts\/28109","targetHints":{"allow":["GET"]}}],"collection":[{"href":"https:\/\/ostrowskatv.pl\/index.php?rest_route=\/wp\/v2\/posts"}],"about":[{"href":"https:\/\/ostrowskatv.pl\/index.php?rest_route=\/wp\/v2\/types\/post"}],"author":[{"embeddable":true,"href":"https:\/\/ostrowskatv.pl\/index.php?rest_route=\/wp\/v2\/users\/1"}],"replies":[{"embeddable":true,"href":"https:\/\/ostrowskatv.pl\/index.php?rest_route=%2Fwp%2Fv2%2Fcomments&post=28109"}],"version-history":[{"count":0,"href":"https:\/\/ostrowskatv.pl\/index.php?rest_route=\/wp\/v2\/posts\/28109\/revisions"}],"wp:featuredmedia":[{"embeddable":true,"href":"https:\/\/ostrowskatv.pl\/index.php?rest_route=\/wp\/v2\/media\/28116"}],"wp:attachment":[{"href":"https:\/\/ostrowskatv.pl\/index.php?rest_route=%2Fwp%2Fv2%2Fmedia&parent=28109"}],"wp:term":[{"taxonomy":"category","embeddable":true,"href":"https:\/\/ostrowskatv.pl\/index.php?rest_route=%2Fwp%2Fv2%2Fcategories&post=28109"},{"taxonomy":"post_tag","embeddable":true,"href":"https:\/\/ostrowskatv.pl\/index.php?rest_route=%2Fwp%2Fv2%2Ftags&post=28109"}],"curies":[{"name":"wp","href":"https:\/\/api.w.org\/{rel}","templated":true}]}}