{"id":28025,"date":"2024-01-21T18:19:30","date_gmt":"2024-01-21T17:19:30","guid":{"rendered":"https:\/\/ostrowskatv.pl\/?p=28025"},"modified":"2024-01-21T18:19:30","modified_gmt":"2024-01-21T17:19:30","slug":"zderzenie-na-kaliskiej-przy-stacji-paliw","status":"publish","type":"post","link":"https:\/\/ostrowskatv.pl\/?p=28025","title":{"rendered":"Zderzenie na Kaliskiej przy stacji paliw"},"content":{"rendered":"<p><strong>Po godzinie 17 dosz\u0142o do zderzenia dw\u00f3ch aut osobowych na skrzy\u017cowaniu ulic Kaliskiej oraz Pi\u0142sudskiego i Limanowskiego w Ostrowie Wlkp. Dwie osoby zosta\u0142y zbadane przez ratownik\u00f3w medycznych.<\/strong><\/p>\n<p>Kieruj\u0105ca citroenem jecha\u0142a od strony Pi\u0142sudskiego i chcia\u0142a skr\u0119ci\u0107 w lewo w ulic\u0119 Kalisk\u0105. Nie ust\u0105pi\u0142a pierwsze\u0144stwa fordowi jad\u0105cemu Limanowskiego od strony Alei S\u0142owackiego. <\/p>\n<p>Zbadano dwie kobiety. Pierwsza uskar\u017ca\u0142a si\u0119 na b\u00f3l g\u0142owy, a druga w pewnym momencie przesz\u0142a za\u0142amanie nerwowe.<\/p>\n<p><img loading=\"lazy\" decoding=\"async\" src=\"https:\/\/ostrowskatv.pl\/wp-content\/uploads\/2024\/01\/1000070248-01.jpeg\" alt=\"\" width=\"1366\" height=\"802\" class=\"alignnone size-full wp-image-28026\" srcset=\"https:\/\/ostrowskatv.pl\/wp-content\/uploads\/2024\/01\/1000070248-01.jpeg 1366w, https:\/\/ostrowskatv.pl\/wp-content\/uploads\/2024\/01\/1000070248-01-300x176.jpeg 300w, https:\/\/ostrowskatv.pl\/wp-content\/uploads\/2024\/01\/1000070248-01-1333x783.jpeg 1333w\" sizes=\"auto, (max-width: 1366px) 100vw, 1366px\" \/><\/p>\n<p><img loading=\"lazy\" decoding=\"async\" src=\"https:\/\/ostrowskatv.pl\/wp-content\/uploads\/2024\/01\/1000070240-01.jpeg\" alt=\"\" width=\"1366\" height=\"813\" class=\"alignnone size-full wp-image-28027\" srcset=\"https:\/\/ostrowskatv.pl\/wp-content\/uploads\/2024\/01\/1000070240-01.jpeg 1366w, https:\/\/ostrowskatv.pl\/wp-content\/uploads\/2024\/01\/1000070240-01-300x179.jpeg 300w, https:\/\/ostrowskatv.pl\/wp-content\/uploads\/2024\/01\/1000070240-01-1333x793.jpeg 1333w\" sizes=\"auto, (max-width: 1366px) 100vw, 1366px\" \/><\/p>\n<p><img loading=\"lazy\" decoding=\"async\" src=\"https:\/\/ostrowskatv.pl\/wp-content\/uploads\/2024\/01\/1000070239-01.jpeg\" alt=\"\" width=\"1366\" height=\"769\" class=\"alignnone size-full wp-image-28028\" srcset=\"https:\/\/ostrowskatv.pl\/wp-content\/uploads\/2024\/01\/1000070239-01.jpeg 1366w, https:\/\/ostrowskatv.pl\/wp-content\/uploads\/2024\/01\/1000070239-01-300x169.jpeg 300w, https:\/\/ostrowskatv.pl\/wp-content\/uploads\/2024\/01\/1000070239-01-1333x750.jpeg 1333w\" sizes=\"auto, (max-width: 1366px) 100vw, 1366px\" \/><\/p>\n<p><img loading=\"lazy\" decoding=\"async\" src=\"https:\/\/ostrowskatv.pl\/wp-content\/uploads\/2024\/01\/1000070238-01.jpeg\" alt=\"\" width=\"1366\" height=\"729\" class=\"alignnone size-full wp-image-28029\" srcset=\"https:\/\/ostrowskatv.pl\/wp-content\/uploads\/2024\/01\/1000070238-01.jpeg 1366w, https:\/\/ostrowskatv.pl\/wp-content\/uploads\/2024\/01\/1000070238-01-300x160.jpeg 300w, https:\/\/ostrowskatv.pl\/wp-content\/uploads\/2024\/01\/1000070238-01-1333x711.jpeg 1333w\" sizes=\"auto, (max-width: 1366px) 100vw, 1366px\" \/><\/p>\n<p><img loading=\"lazy\" decoding=\"async\" src=\"https:\/\/ostrowskatv.pl\/wp-content\/uploads\/2024\/01\/1000070233-01.jpeg\" alt=\"\" width=\"1365\" height=\"771\" class=\"alignnone size-full wp-image-28030\" srcset=\"https:\/\/ostrowskatv.pl\/wp-content\/uploads\/2024\/01\/1000070233-01.jpeg 1365w, https:\/\/ostrowskatv.pl\/wp-content\/uploads\/2024\/01\/1000070233-01-300x169.jpeg 300w, https:\/\/ostrowskatv.pl\/wp-content\/uploads\/2024\/01\/1000070233-01-1333x753.jpeg 1333w, https:\/\/ostrowskatv.pl\/wp-content\/uploads\/2024\/01\/1000070233-01-388x220.jpeg 388w\" sizes=\"auto, (max-width: 1365px) 100vw, 1365px\" \/><\/p>\n<p><img loading=\"lazy\" decoding=\"async\" src=\"https:\/\/ostrowskatv.pl\/wp-content\/uploads\/2024\/01\/1000070232-01.jpeg\" alt=\"\" width=\"1366\" height=\"769\" class=\"alignnone size-full wp-image-28031\" srcset=\"https:\/\/ostrowskatv.pl\/wp-content\/uploads\/2024\/01\/1000070232-01.jpeg 1366w, https:\/\/ostrowskatv.pl\/wp-content\/uploads\/2024\/01\/1000070232-01-300x169.jpeg 300w, https:\/\/ostrowskatv.pl\/wp-content\/uploads\/2024\/01\/1000070232-01-1333x750.jpeg 1333w\" sizes=\"auto, (max-width: 1366px) 100vw, 1366px\" \/><\/p>\n","protected":false},"excerpt":{"rendered":"Po godzinie 17 dosz\u0142o do zderzenia dw\u00f3ch aut osobowych na skrzy\u017cowaniu ulic Kaliskiej oraz Pi\u0142sudskiego i Limanowskiego w Ostrowie Wlkp. Dwie osoby zosta\u0142y \n<a class=\"moretag\" href=\"https:\/\/ostrowskatv.pl\/?p=28025\"> [...]<\/a>","protected":false},"author":1,"featured_media":28031,"comment_status":"open","ping_status":"closed","sticky":false,"template":"","format":"standard","meta":{"footnotes":""},"categories":[1],"tags":[48],"class_list":["post-28025","post","type-post","status-publish","format-standard","has-post-thumbnail","hentry","category-news","tag-kolizja"],"_links":{"self":[{"href":"https:\/\/ostrowskatv.pl\/index.php?rest_route=\/wp\/v2\/posts\/28025","targetHints":{"allow":["GET"]}}],"collection":[{"href":"https:\/\/ostrowskatv.pl\/index.php?rest_route=\/wp\/v2\/posts"}],"about":[{"href":"https:\/\/ostrowskatv.pl\/index.php?rest_route=\/wp\/v2\/types\/post"}],"author":[{"embeddable":true,"href":"https:\/\/ostrowskatv.pl\/index.php?rest_route=\/wp\/v2\/users\/1"}],"replies":[{"embeddable":true,"href":"https:\/\/ostrowskatv.pl\/index.php?rest_route=%2Fwp%2Fv2%2Fcomments&post=28025"}],"version-history":[{"count":0,"href":"https:\/\/ostrowskatv.pl\/index.php?rest_route=\/wp\/v2\/posts\/28025\/revisions"}],"wp:featuredmedia":[{"embeddable":true,"href":"https:\/\/ostrowskatv.pl\/index.php?rest_route=\/wp\/v2\/media\/28031"}],"wp:attachment":[{"href":"https:\/\/ostrowskatv.pl\/index.php?rest_route=%2Fwp%2Fv2%2Fmedia&parent=28025"}],"wp:term":[{"taxonomy":"category","embeddable":true,"href":"https:\/\/ostrowskatv.pl\/index.php?rest_route=%2Fwp%2Fv2%2Fcategories&post=28025"},{"taxonomy":"post_tag","embeddable":true,"href":"https:\/\/ostrowskatv.pl\/index.php?rest_route=%2Fwp%2Fv2%2Ftags&post=28025"}],"curies":[{"name":"wp","href":"https:\/\/api.w.org\/{rel}","templated":true}]}}