{"id":28021,"date":"2024-01-19T15:28:39","date_gmt":"2024-01-19T14:28:39","guid":{"rendered":"https:\/\/ostrowskatv.pl\/?p=28021"},"modified":"2024-01-19T15:28:39","modified_gmt":"2024-01-19T14:28:39","slug":"komendant-policji-odchodzi","status":"publish","type":"post","link":"https:\/\/ostrowskatv.pl\/?p=28021","title":{"rendered":"Komendant policji odchodzi"},"content":{"rendered":"<p><strong>Po 32 latach s\u0142u\u017cby w policji komendant Piotr Wilkowski zdecydowa\u0142 o odej\u015bciu na emerytur\u0119. Wczoraj poinformowa\u0142 policjant\u00f3w na odprawach, a tak\u017ce go\u015bci po\u017cegnalnego spotkania by\u0142ego komendanta stra\u017cy po\u017carnej Jacka Wi\u015bniewskiego.<\/strong><\/p>\n<p>Odej\u015bcie w stan spoczynku b\u0119dzie mia\u0142o miejsce 27 lutego 2024 roku. Na ten moment nie wiadomo kto go zast\u0105pi. <\/p>\n","protected":false},"excerpt":{"rendered":"Po 32 latach s\u0142u\u017cby w policji komendant Piotr Wilkowski zdecydowa\u0142 o odej\u015bciu na emerytur\u0119. Wczoraj poinformowa\u0142 policjant\u00f3w na odprawach, a tak\u017ce go\u015bci po\u017cegnalnego \n<a class=\"moretag\" href=\"https:\/\/ostrowskatv.pl\/?p=28021\"> [...]<\/a>","protected":false},"author":1,"featured_media":28022,"comment_status":"open","ping_status":"closed","sticky":false,"template":"","format":"standard","meta":{"footnotes":""},"categories":[1],"tags":[34],"class_list":["post-28021","post","type-post","status-publish","format-standard","has-post-thumbnail","hentry","category-news","tag-policja"],"_links":{"self":[{"href":"https:\/\/ostrowskatv.pl\/index.php?rest_route=\/wp\/v2\/posts\/28021","targetHints":{"allow":["GET"]}}],"collection":[{"href":"https:\/\/ostrowskatv.pl\/index.php?rest_route=\/wp\/v2\/posts"}],"about":[{"href":"https:\/\/ostrowskatv.pl\/index.php?rest_route=\/wp\/v2\/types\/post"}],"author":[{"embeddable":true,"href":"https:\/\/ostrowskatv.pl\/index.php?rest_route=\/wp\/v2\/users\/1"}],"replies":[{"embeddable":true,"href":"https:\/\/ostrowskatv.pl\/index.php?rest_route=%2Fwp%2Fv2%2Fcomments&post=28021"}],"version-history":[{"count":0,"href":"https:\/\/ostrowskatv.pl\/index.php?rest_route=\/wp\/v2\/posts\/28021\/revisions"}],"wp:featuredmedia":[{"embeddable":true,"href":"https:\/\/ostrowskatv.pl\/index.php?rest_route=\/wp\/v2\/media\/28022"}],"wp:attachment":[{"href":"https:\/\/ostrowskatv.pl\/index.php?rest_route=%2Fwp%2Fv2%2Fmedia&parent=28021"}],"wp:term":[{"taxonomy":"category","embeddable":true,"href":"https:\/\/ostrowskatv.pl\/index.php?rest_route=%2Fwp%2Fv2%2Fcategories&post=28021"},{"taxonomy":"post_tag","embeddable":true,"href":"https:\/\/ostrowskatv.pl\/index.php?rest_route=%2Fwp%2Fv2%2Ftags&post=28021"}],"curies":[{"name":"wp","href":"https:\/\/api.w.org\/{rel}","templated":true}]}}