{"id":28008,"date":"2024-01-18T16:53:56","date_gmt":"2024-01-18T15:53:56","guid":{"rendered":"https:\/\/ostrowskatv.pl\/?p=28008"},"modified":"2024-01-18T16:53:56","modified_gmt":"2024-01-18T15:53:56","slug":"komendant-otrzymal-wyjatkowy-prezent-od-strazakow","status":"publish","type":"post","link":"https:\/\/ostrowskatv.pl\/?p=28008","title":{"rendered":"Komendant otrzyma\u0142 wyj\u0105tkowy prezent od stra\u017cak\u00f3w"},"content":{"rendered":"<p><strong>Dzi\u015b odby\u0142a si\u0119 uroczysto\u015b\u0107 zmiany na stanowisku komendanta Pa\u0144stwowej Stra\u017cy Po\u017carnej w Ostrowie Wielkopolskim. St. bryg. Jacka Wi\u015bniewskiego zast\u0105pi\u0142 dotychczasowy zast\u0119pca bryg. Roman Matecki.<\/strong><\/p>\n<p>Kolejny zast\u0119pca ma zosta\u0107 poznany w ci\u0105gu najbli\u017cszych trzech miesi\u0119cy. <\/p>\n<p>Podczas uroczysto\u015bci mogli\u015bmy dowiedzie\u0107 si\u0119 o karierze dotychczasowego komendanta Jacka Wi\u015bniewskiego. To za jego czas\u00f3w przy komendzie powsta\u0142a pasieka pszcz\u00f3\u0142 oraz zamontowano fotowoltaik\u0119. <\/p>\n<p>Podw\u0142adni postanowili sprawi\u0107 odchodz\u0105cemu na emerytur\u0119 komendantowi mi\u0142y upominek. Jest to wyj\u0105tkowy pojazd.<\/p>\n<p>Z tablicy rejestracyjnej dowiadujemy si\u0119, \u017ce jest to w\u00f3z, kt\u00f3ry mo\u017ce trafi\u0107 do podzia\u0142u bojowego \ud83d\ude09 Nadano mu nawet numer &#8222;530-01&#8221; &#8211; &#8222;Wi\u015bnia 998&#8221;. Na wyposa\u017ceniu ma sygnalizator \u015bwietlny jak przy poje\u017adzie uprzywilejowanym. Z ty\u0142u co oczywiste, znalaz\u0142y si\u0119 ga\u015bnica oraz ksi\u0105\u017ceczka kicia kocia o stra\u017cy po\u017carnej, by szerzy\u0107 w\u015br\u00f3d najm\u0142odszych wiedz\u0119 o tym wa\u017cnym zawodzie. Rower jest elektryczny, dzi\u0119ki czemu czas dojazdu do miejsca podr\u00f3\u017cy b\u0119dzie mo\u017cliwie jak najkr\u00f3tszy.<\/p>\n<p>A tak powa\u017cnie to by\u0142y ju\u017c komendant Jacek Wi\u015bniewski zamierza na emeryturze pozwiedza\u0107 najciekawsze miejsca powiatu ostrowskiego oraz regionu.<\/p>\n<p><img loading=\"lazy\" decoding=\"async\" src=\"https:\/\/ostrowskatv.pl\/wp-content\/uploads\/2024\/01\/1000069076-01.jpeg\" alt=\"\" width=\"769\" height=\"1366\" class=\"alignnone size-full wp-image-28009\" srcset=\"https:\/\/ostrowskatv.pl\/wp-content\/uploads\/2024\/01\/1000069076-01.jpeg 769w, https:\/\/ostrowskatv.pl\/wp-content\/uploads\/2024\/01\/1000069076-01-169x300.jpeg 169w, https:\/\/ostrowskatv.pl\/wp-content\/uploads\/2024\/01\/1000069076-01-750x1333.jpeg 750w\" sizes=\"auto, (max-width: 769px) 100vw, 769px\" \/><\/p>\n<p><img loading=\"lazy\" decoding=\"async\" src=\"https:\/\/ostrowskatv.pl\/wp-content\/uploads\/2024\/01\/1000069075-01.jpeg\" alt=\"\" width=\"1366\" height=\"939\" class=\"alignnone size-full wp-image-28010\" srcset=\"https:\/\/ostrowskatv.pl\/wp-content\/uploads\/2024\/01\/1000069075-01.jpeg 1366w, https:\/\/ostrowskatv.pl\/wp-content\/uploads\/2024\/01\/1000069075-01-300x206.jpeg 300w, https:\/\/ostrowskatv.pl\/wp-content\/uploads\/2024\/01\/1000069075-01-1333x916.jpeg 1333w\" sizes=\"auto, (max-width: 1366px) 100vw, 1366px\" \/><\/p>\n<p><img loading=\"lazy\" decoding=\"async\" src=\"https:\/\/ostrowskatv.pl\/wp-content\/uploads\/2024\/01\/1000069074-01.jpeg\" alt=\"\" width=\"1366\" height=\"1223\" class=\"alignnone size-full wp-image-28011\" srcset=\"https:\/\/ostrowskatv.pl\/wp-content\/uploads\/2024\/01\/1000069074-01.jpeg 1366w, https:\/\/ostrowskatv.pl\/wp-content\/uploads\/2024\/01\/1000069074-01-300x269.jpeg 300w, https:\/\/ostrowskatv.pl\/wp-content\/uploads\/2024\/01\/1000069074-01-1333x1193.jpeg 1333w\" sizes=\"auto, (max-width: 1366px) 100vw, 1366px\" \/><\/p>\n<p><img loading=\"lazy\" decoding=\"async\" src=\"https:\/\/ostrowskatv.pl\/wp-content\/uploads\/2024\/01\/1000069073-01.jpeg\" alt=\"\" width=\"1366\" height=\"769\" class=\"alignnone size-full wp-image-28012\" srcset=\"https:\/\/ostrowskatv.pl\/wp-content\/uploads\/2024\/01\/1000069073-01.jpeg 1366w, https:\/\/ostrowskatv.pl\/wp-content\/uploads\/2024\/01\/1000069073-01-300x169.jpeg 300w, https:\/\/ostrowskatv.pl\/wp-content\/uploads\/2024\/01\/1000069073-01-1333x750.jpeg 1333w\" sizes=\"auto, (max-width: 1366px) 100vw, 1366px\" \/><\/p>\n<p><img loading=\"lazy\" decoding=\"async\" src=\"https:\/\/ostrowskatv.pl\/wp-content\/uploads\/2024\/01\/1000069072-01.jpeg\" alt=\"\" width=\"1366\" height=\"769\" class=\"alignnone size-full wp-image-28013\" srcset=\"https:\/\/ostrowskatv.pl\/wp-content\/uploads\/2024\/01\/1000069072-01.jpeg 1366w, https:\/\/ostrowskatv.pl\/wp-content\/uploads\/2024\/01\/1000069072-01-300x169.jpeg 300w, https:\/\/ostrowskatv.pl\/wp-content\/uploads\/2024\/01\/1000069072-01-1333x750.jpeg 1333w\" sizes=\"auto, (max-width: 1366px) 100vw, 1366px\" \/><\/p>\n<p><img loading=\"lazy\" decoding=\"async\" src=\"https:\/\/ostrowskatv.pl\/wp-content\/uploads\/2024\/01\/1000069071-01.jpeg\" alt=\"\" width=\"1366\" height=\"769\" class=\"alignnone size-full wp-image-28014\" srcset=\"https:\/\/ostrowskatv.pl\/wp-content\/uploads\/2024\/01\/1000069071-01.jpeg 1366w, https:\/\/ostrowskatv.pl\/wp-content\/uploads\/2024\/01\/1000069071-01-300x169.jpeg 300w, https:\/\/ostrowskatv.pl\/wp-content\/uploads\/2024\/01\/1000069071-01-1333x750.jpeg 1333w\" sizes=\"auto, (max-width: 1366px) 100vw, 1366px\" \/><\/p>\n<p><img loading=\"lazy\" decoding=\"async\" src=\"https:\/\/ostrowskatv.pl\/wp-content\/uploads\/2024\/01\/1000069070-01.jpeg\" alt=\"\" width=\"1366\" height=\"769\" class=\"alignnone size-full wp-image-28015\" srcset=\"https:\/\/ostrowskatv.pl\/wp-content\/uploads\/2024\/01\/1000069070-01.jpeg 1366w, https:\/\/ostrowskatv.pl\/wp-content\/uploads\/2024\/01\/1000069070-01-300x169.jpeg 300w, https:\/\/ostrowskatv.pl\/wp-content\/uploads\/2024\/01\/1000069070-01-1333x750.jpeg 1333w\" sizes=\"auto, (max-width: 1366px) 100vw, 1366px\" \/><\/p>\n<p><img loading=\"lazy\" decoding=\"async\" src=\"https:\/\/ostrowskatv.pl\/wp-content\/uploads\/2024\/01\/1000069063-01.jpeg\" alt=\"\" width=\"1366\" height=\"769\" class=\"alignnone size-full wp-image-28016\" srcset=\"https:\/\/ostrowskatv.pl\/wp-content\/uploads\/2024\/01\/1000069063-01.jpeg 1366w, https:\/\/ostrowskatv.pl\/wp-content\/uploads\/2024\/01\/1000069063-01-300x169.jpeg 300w, https:\/\/ostrowskatv.pl\/wp-content\/uploads\/2024\/01\/1000069063-01-1333x750.jpeg 1333w\" sizes=\"auto, (max-width: 1366px) 100vw, 1366px\" \/><\/p>\n<p><img loading=\"lazy\" decoding=\"async\" src=\"https:\/\/ostrowskatv.pl\/wp-content\/uploads\/2024\/01\/1000069062-01.jpeg\" alt=\"\" width=\"1366\" height=\"769\" class=\"alignnone size-full wp-image-28017\" srcset=\"https:\/\/ostrowskatv.pl\/wp-content\/uploads\/2024\/01\/1000069062-01.jpeg 1366w, https:\/\/ostrowskatv.pl\/wp-content\/uploads\/2024\/01\/1000069062-01-300x169.jpeg 300w, https:\/\/ostrowskatv.pl\/wp-content\/uploads\/2024\/01\/1000069062-01-1333x750.jpeg 1333w\" sizes=\"auto, (max-width: 1366px) 100vw, 1366px\" \/><\/p>\n<p><img loading=\"lazy\" decoding=\"async\" src=\"https:\/\/ostrowskatv.pl\/wp-content\/uploads\/2024\/01\/1000069061-01.jpeg\" alt=\"\" width=\"1366\" height=\"769\" class=\"alignnone size-full wp-image-28018\" srcset=\"https:\/\/ostrowskatv.pl\/wp-content\/uploads\/2024\/01\/1000069061-01.jpeg 1366w, https:\/\/ostrowskatv.pl\/wp-content\/uploads\/2024\/01\/1000069061-01-300x169.jpeg 300w, https:\/\/ostrowskatv.pl\/wp-content\/uploads\/2024\/01\/1000069061-01-1333x750.jpeg 1333w\" sizes=\"auto, (max-width: 1366px) 100vw, 1366px\" \/><\/p>\n","protected":false},"excerpt":{"rendered":"Dzi\u015b odby\u0142a si\u0119 uroczysto\u015b\u0107 zmiany na stanowisku komendanta Pa\u0144stwowej Stra\u017cy Po\u017carnej w Ostrowie Wielkopolskim. St. bryg. Jacka Wi\u015bniewskiego zast\u0105pi\u0142 dotychczasowy zast\u0119pca bryg. Roman \n<a class=\"moretag\" href=\"https:\/\/ostrowskatv.pl\/?p=28008\"> [...]<\/a>","protected":false},"author":1,"featured_media":28018,"comment_status":"open","ping_status":"closed","sticky":false,"template":"","format":"standard","meta":{"footnotes":""},"categories":[1],"tags":[188],"class_list":["post-28008","post","type-post","status-publish","format-standard","has-post-thumbnail","hentry","category-news","tag-straz-pozarna"],"_links":{"self":[{"href":"https:\/\/ostrowskatv.pl\/index.php?rest_route=\/wp\/v2\/posts\/28008","targetHints":{"allow":["GET"]}}],"collection":[{"href":"https:\/\/ostrowskatv.pl\/index.php?rest_route=\/wp\/v2\/posts"}],"about":[{"href":"https:\/\/ostrowskatv.pl\/index.php?rest_route=\/wp\/v2\/types\/post"}],"author":[{"embeddable":true,"href":"https:\/\/ostrowskatv.pl\/index.php?rest_route=\/wp\/v2\/users\/1"}],"replies":[{"embeddable":true,"href":"https:\/\/ostrowskatv.pl\/index.php?rest_route=%2Fwp%2Fv2%2Fcomments&post=28008"}],"version-history":[{"count":0,"href":"https:\/\/ostrowskatv.pl\/index.php?rest_route=\/wp\/v2\/posts\/28008\/revisions"}],"wp:featuredmedia":[{"embeddable":true,"href":"https:\/\/ostrowskatv.pl\/index.php?rest_route=\/wp\/v2\/media\/28018"}],"wp:attachment":[{"href":"https:\/\/ostrowskatv.pl\/index.php?rest_route=%2Fwp%2Fv2%2Fmedia&parent=28008"}],"wp:term":[{"taxonomy":"category","embeddable":true,"href":"https:\/\/ostrowskatv.pl\/index.php?rest_route=%2Fwp%2Fv2%2Fcategories&post=28008"},{"taxonomy":"post_tag","embeddable":true,"href":"https:\/\/ostrowskatv.pl\/index.php?rest_route=%2Fwp%2Fv2%2Ftags&post=28008"}],"curies":[{"name":"wp","href":"https:\/\/api.w.org\/{rel}","templated":true}]}}