{"id":2800,"date":"2016-12-30T10:56:46","date_gmt":"2016-12-30T09:56:46","guid":{"rendered":"http:\/\/ostrowska.tv\/?p=2800"},"modified":"2016-12-30T10:59:50","modified_gmt":"2016-12-30T09:59:50","slug":"pozar-domu-w-droszewie","status":"publish","type":"post","link":"https:\/\/ostrowskatv.pl\/?p=2800","title":{"rendered":"Po\u017car domu w Droszewie"},"content":{"rendered":"<p><strong>W czwartek dosz\u0142o do po\u017caru domu w Droszewie (gm. Nowe Skalmierzyce). Stra\u017cacy zostali powiadomieni o godzinie 14:29. Na miejsce zadysponowano 5 woz\u00f3w ga\u015bniczych i drabin\u0119, poniewa\u017c ze zg\u0142oszenia wynika\u0142o, \u017ce budynek obj\u0119ty po\u017carem ma dwa pi\u0119tra. Po przyje\u017adzie na miejsce, ogniem obj\u0119ta by\u0142a kot\u0142ownia wewn\u0105trz budynku oraz s\u0105siednie pomieszczenie.<\/strong><\/p>\n<p>Stra\u017cacy po ubraniu aparat\u00f3w ochrony dr\u00f3g oddechowych weszli do zadymionego pomieszczenia gdzie rozpocz\u0119li od gaszenia p\u0142on\u0105cych przedmiot\u00f3w. Nast\u0119pnie wygasili wn\u0119trze pieca i przyst\u0105pili do likwidacji p\u0142omieni wewn\u0105trz komina. Okaza\u0142o si\u0119, \u017ce to w\u0142a\u015bnie przez po\u017car sadzy w kominie dosz\u0142o do rozprzestrzenienia si\u0119 ognia na pomieszczenia.<\/p>\n<p>Stra\u017cacy zweryfikowali kamer\u0105 termowizyjn\u0105 czy nie ma jeszcze innych zarzewi ognia, niewidocznych go\u0142ym okiem. Straty wyceniono wst\u0119pnie na 50 tys. z\u0142. Nikt z lokator\u00f3w nie odni\u00f3s\u0142 obra\u017ce\u0144.<\/p>\n<p><strong>Jak cz\u0119sto powinni\u015bmy czy\u015bci\u0107 komin, by spa\u0107 spokojnie o sw\u00f3j dobytek?<\/strong><\/p>\n<p>Przepisy m\u00f3wi\u0105 by osoby pal\u0105ce w\u0119glem, dokonywa\u0142y przegl\u0105d\u00f3w i czyszczenia komin\u00f3w nawet 4 razy w roku. Nie oszukujmy si\u0119, ma\u0142o kto sobie tym zaprz\u0105ta g\u0142ow\u0119, a do tego typu po\u017car\u00f3w dochodzi naprawd\u0119 cz\u0119sto. W\u0142a\u015bciciele budynk\u00f3w opalanych gazem powinni dokonywa\u0107 takich konserwacji raz na p\u00f3\u0142 roku, a lokale gastronomiczne maj\u0105 norm\u0119 przewidzian\u0105 na comiesi\u0119czne czyszczenie.<\/p>\n<div id='gallery-1' class='gallery galleryid-2800 gallery-columns-3 gallery-size-thumbnail'><figure class='gallery-item'>\n\t\t\t<div class='gallery-icon landscape'>\n\t\t\t\t<a href='https:\/\/ostrowskatv.pl\/?attachment_id=2806'><img loading=\"lazy\" decoding=\"async\" width=\"150\" height=\"150\" src=\"https:\/\/ostrowskatv.pl\/wp-content\/uploads\/2016\/12\/20161229_145347-150x150.jpg\" class=\"attachment-thumbnail size-thumbnail\" alt=\"\" \/><\/a>\n\t\t\t<\/div><\/figure><figure class='gallery-item'>\n\t\t\t<div class='gallery-icon landscape'>\n\t\t\t\t<a href='https:\/\/ostrowskatv.pl\/?attachment_id=2805'><img loading=\"lazy\" decoding=\"async\" width=\"150\" height=\"150\" src=\"https:\/\/ostrowskatv.pl\/wp-content\/uploads\/2016\/12\/20161229_145413-150x150.jpg\" class=\"attachment-thumbnail size-thumbnail\" alt=\"\" \/><\/a>\n\t\t\t<\/div><\/figure><figure class='gallery-item'>\n\t\t\t<div class='gallery-icon landscape'>\n\t\t\t\t<a href='https:\/\/ostrowskatv.pl\/?attachment_id=2804'><img loading=\"lazy\" decoding=\"async\" width=\"150\" height=\"150\" src=\"https:\/\/ostrowskatv.pl\/wp-content\/uploads\/2016\/12\/20161229_145437-150x150.jpg\" class=\"attachment-thumbnail size-thumbnail\" alt=\"\" \/><\/a>\n\t\t\t<\/div><\/figure><figure class='gallery-item'>\n\t\t\t<div class='gallery-icon landscape'>\n\t\t\t\t<a href='https:\/\/ostrowskatv.pl\/?attachment_id=2803'><img loading=\"lazy\" decoding=\"async\" width=\"150\" height=\"150\" src=\"https:\/\/ostrowskatv.pl\/wp-content\/uploads\/2016\/12\/20161229_145513-150x150.jpg\" class=\"attachment-thumbnail size-thumbnail\" alt=\"\" \/><\/a>\n\t\t\t<\/div><\/figure><figure class='gallery-item'>\n\t\t\t<div class='gallery-icon landscape'>\n\t\t\t\t<a href='https:\/\/ostrowskatv.pl\/?attachment_id=2802'><img loading=\"lazy\" decoding=\"async\" width=\"150\" height=\"150\" src=\"https:\/\/ostrowskatv.pl\/wp-content\/uploads\/2016\/12\/20161229_145543-150x150.jpg\" class=\"attachment-thumbnail size-thumbnail\" alt=\"\" \/><\/a>\n\t\t\t<\/div><\/figure><figure class='gallery-item'>\n\t\t\t<div class='gallery-icon landscape'>\n\t\t\t\t<a href='https:\/\/ostrowskatv.pl\/?attachment_id=2801'><img loading=\"lazy\" decoding=\"async\" width=\"150\" height=\"150\" src=\"https:\/\/ostrowskatv.pl\/wp-content\/uploads\/2016\/12\/20161229_145625-150x150.jpg\" class=\"attachment-thumbnail size-thumbnail\" alt=\"\" \/><\/a>\n\t\t\t<\/div><\/figure>\n\t\t<\/div>\n\n","protected":false},"excerpt":{"rendered":"W czwartek dosz\u0142o do po\u017caru domu w Droszewie (gm. Nowe Skalmierzyce). Stra\u017cacy zostali powiadomieni o godzinie 14:29. Na miejsce zadysponowano 5 woz\u00f3w ga\u015bniczych \n<a class=\"moretag\" href=\"https:\/\/ostrowskatv.pl\/?p=2800\"> [...]<\/a>","protected":false},"author":1,"featured_media":2802,"comment_status":"open","ping_status":"open","sticky":false,"template":"","format":"standard","meta":{"footnotes":""},"categories":[1],"tags":[114],"class_list":["post-2800","post","type-post","status-publish","format-standard","has-post-thumbnail","hentry","category-news","tag-droszew"],"_links":{"self":[{"href":"https:\/\/ostrowskatv.pl\/index.php?rest_route=\/wp\/v2\/posts\/2800","targetHints":{"allow":["GET"]}}],"collection":[{"href":"https:\/\/ostrowskatv.pl\/index.php?rest_route=\/wp\/v2\/posts"}],"about":[{"href":"https:\/\/ostrowskatv.pl\/index.php?rest_route=\/wp\/v2\/types\/post"}],"author":[{"embeddable":true,"href":"https:\/\/ostrowskatv.pl\/index.php?rest_route=\/wp\/v2\/users\/1"}],"replies":[{"embeddable":true,"href":"https:\/\/ostrowskatv.pl\/index.php?rest_route=%2Fwp%2Fv2%2Fcomments&post=2800"}],"version-history":[{"count":0,"href":"https:\/\/ostrowskatv.pl\/index.php?rest_route=\/wp\/v2\/posts\/2800\/revisions"}],"wp:featuredmedia":[{"embeddable":true,"href":"https:\/\/ostrowskatv.pl\/index.php?rest_route=\/wp\/v2\/media\/2802"}],"wp:attachment":[{"href":"https:\/\/ostrowskatv.pl\/index.php?rest_route=%2Fwp%2Fv2%2Fmedia&parent=2800"}],"wp:term":[{"taxonomy":"category","embeddable":true,"href":"https:\/\/ostrowskatv.pl\/index.php?rest_route=%2Fwp%2Fv2%2Fcategories&post=2800"},{"taxonomy":"post_tag","embeddable":true,"href":"https:\/\/ostrowskatv.pl\/index.php?rest_route=%2Fwp%2Fv2%2Ftags&post=2800"}],"curies":[{"name":"wp","href":"https:\/\/api.w.org\/{rel}","templated":true}]}}