{"id":28,"date":"2015-12-18T10:42:03","date_gmt":"2015-12-18T09:42:03","guid":{"rendered":"http:\/\/ostrowska.tv\/?p=28"},"modified":"2015-12-18T10:42:03","modified_gmt":"2015-12-18T09:42:03","slug":"czy-beda-zwolnienia-w-rzzo","status":"publish","type":"post","link":"https:\/\/ostrowskatv.pl\/?p=28","title":{"rendered":"Czy b\u0119d\u0105 zwolnienia w RZZO?"},"content":{"rendered":"<p><strong>W Ostrowie powstaje Regionalny Zak\u0142ad Zagospodarowania Odpad\u00f3w, czyli w skr\u00f3cie RZZO. Towarzyszy temu wiele kontrowersji. Dotycz\u0105 one przede wszystkim kwestii pracowniczych. Czy nale\u017cy spodziewa\u0107 si\u0119 zwolnie\u0144?<\/strong><\/p>\n<p>{openx:1}<\/p>\n<p><iframe loading=\"lazy\" src=\"https:\/\/www.youtube.com\/embed\/AOJXsJjFf68?rel=0&amp;showinfo=0\" width=\"640\" height=\"360\" frameborder=\"0\" allowfullscreen=\"allowfullscreen\"><\/iframe><\/p>\n<p>Prace budowlane i monta\u017cowe w RZZO zosta\u0142y ju\u017c zako\u0144czone. Ca\u0142a inwestycja przebiega aktualnie zgodnie z przyj\u0119tym harmonogramem.<\/p>\n<p>&#8211;<em> Inwestycja przebiega zgodnie z harmonogramem realizacji inwestycji. Jest on opublikowany na stronie www.rzzo.pl Na ten moment jeste\u015bmy na etapie przeprowadzania pr\u00f3b ko\u0144cowych. Jak r\u00f3wnie\u017c wykonawca jest w trakcie uzyskiwania stosownych pozwole\u0144.<\/em> <strong>&#8211; Kinga Wieczorek, Regionalny Zak\u0142ad Zagospodarowania Odpad\u00f3w<\/strong><\/p>\n<p>W tej chwili w RZZO trwaj\u0105 tak zwane rozruchy. Ich celem jest sprawdzenie dzia\u0142ania wybudowanych urz\u0105dze\u0144 i wdro\u017cenie procedur, kt\u00f3re s\u0105 konieczne do prawid\u0142owego funkcjonowania zak\u0142adu.<\/p>\n<p>&#8211; <em>Rozruchy s\u0105 to tzw. pr\u00f3by ko\u0144cowe wybudowanej instalacji. Pozwol\u0105 one na sprawdzanie instalacji i urz\u0105dze\u0144 zar\u00f3wno bez obci\u0105\u017cenia na sucho jak pod obci\u0105\u017ceniem odpadami.<\/em> &#8211; <strong>Kinga Wieczorek, Regionalny Zak\u0142ad Zagospodarowania Odpad\u00f3w<\/strong><\/p>\n<p>Warto r\u00f3wnie\u017c doda\u0107, \u017ce wykonawca inwestycji jest w trakcie uzyskiwania wszystkich niezb\u0119dnych pozwole\u0144 dla zak\u0142adu. Kiedy je otrzyma, wszystkie prace zostan\u0105 oficjalnie zako\u0144czone. Obiekt b\u0119dzie wtedy gotowy do odebrania przez inwestora.<\/p>\n<p>Najwi\u0119cej kontrowersji budzi jednak nie sam przebieg inwestycji, ale to, co ma wydarzy\u0107 si\u0119 p\u00f3\u017aniej. Lokalne media szeroko rozpisywa\u0142y si\u0119 o mo\u017cliwych zwolnieniach. Jak wiadomo, cz\u0119\u015b\u0107 za\u0142ogi MZO zostanie przeniesionych do nowego zak\u0142adu. Nikt nie zamierza jednak nikogo wyrzuca\u0107 na bruk. Spokojni s\u0105 tak\u017ce sami pracownicy. Jak podkre\u015blaj\u0105, RZZO jest dla nich nowym wyzwaniem.<\/p>\n<p>&#8211; <em>W por\u00f3wnaniu do obecnej sortowni, w RZZO jest bez por\u00f3wnania. Wszystko nowocze\u015bniejsze, wi\u0119ksza hala. Tak\u017ce idziemy na lepsze.<\/em> &#8211; powiedzia\u0142a jedna z pracownic maj\u0105ca pracowa\u0107 w RZZO.<\/p>\n<p>&#8211; <em>Nie obawiam si\u0119 o utrat\u0119 pracy po zobaczeniu RZZO, zw\u0142aszcza patrz\u0105c na t\u0105 nowoczesn\u0105 hal\u0119 wraz z urz\u0105dzeniami, mam \u015bwiadomo\u015b\u0107 ile os\u00f3b b\u0119dzie musia\u0142o je obs\u0142ugiwa\u0107. &#8211; <\/em>doda\u0142 inny pracownik<\/p>\n<p><em>&#8211; Zarz\u0105d firmy z nami rozmawia i jeste\u015bmy zapewniani, \u017ce \u017cadnych zwolnie\u0144 nie b\u0119dzie<\/em> &#8211; doda\u0142a pracownica.<\/p>\n","protected":false},"excerpt":{"rendered":"W Ostrowie powstaje Regionalny Zak\u0142ad Zagospodarowania Odpad\u00f3w, czyli w skr\u00f3cie RZZO. Towarzyszy temu wiele kontrowersji. Dotycz\u0105 one przede wszystkim kwestii pracowniczych. Czy nale\u017cy \n<a class=\"moretag\" href=\"https:\/\/ostrowskatv.pl\/?p=28\"> [...]<\/a>","protected":false},"author":1,"featured_media":27,"comment_status":"open","ping_status":"open","sticky":false,"template":"","format":"standard","meta":{"footnotes":""},"categories":[1],"tags":[5],"class_list":["post-28","post","type-post","status-publish","format-standard","has-post-thumbnail","hentry","category-news","tag-rzzo"],"_links":{"self":[{"href":"https:\/\/ostrowskatv.pl\/index.php?rest_route=\/wp\/v2\/posts\/28","targetHints":{"allow":["GET"]}}],"collection":[{"href":"https:\/\/ostrowskatv.pl\/index.php?rest_route=\/wp\/v2\/posts"}],"about":[{"href":"https:\/\/ostrowskatv.pl\/index.php?rest_route=\/wp\/v2\/types\/post"}],"author":[{"embeddable":true,"href":"https:\/\/ostrowskatv.pl\/index.php?rest_route=\/wp\/v2\/users\/1"}],"replies":[{"embeddable":true,"href":"https:\/\/ostrowskatv.pl\/index.php?rest_route=%2Fwp%2Fv2%2Fcomments&post=28"}],"version-history":[{"count":0,"href":"https:\/\/ostrowskatv.pl\/index.php?rest_route=\/wp\/v2\/posts\/28\/revisions"}],"wp:featuredmedia":[{"embeddable":true,"href":"https:\/\/ostrowskatv.pl\/index.php?rest_route=\/wp\/v2\/media\/27"}],"wp:attachment":[{"href":"https:\/\/ostrowskatv.pl\/index.php?rest_route=%2Fwp%2Fv2%2Fmedia&parent=28"}],"wp:term":[{"taxonomy":"category","embeddable":true,"href":"https:\/\/ostrowskatv.pl\/index.php?rest_route=%2Fwp%2Fv2%2Fcategories&post=28"},{"taxonomy":"post_tag","embeddable":true,"href":"https:\/\/ostrowskatv.pl\/index.php?rest_route=%2Fwp%2Fv2%2Ftags&post=28"}],"curies":[{"name":"wp","href":"https:\/\/api.w.org\/{rel}","templated":true}]}}