{"id":27997,"date":"2024-01-17T23:26:23","date_gmt":"2024-01-17T22:26:23","guid":{"rendered":"https:\/\/ostrowskatv.pl\/?p=27997"},"modified":"2024-01-17T23:26:23","modified_gmt":"2024-01-17T22:26:23","slug":"mlody-kierowca-bmw-rozbil-sie-na-alei-slowackiego","status":"publish","type":"post","link":"https:\/\/ostrowskatv.pl\/?p=27997","title":{"rendered":"M\u0142ody kierowca BMW rozbi\u0142 si\u0119 na alei S\u0142owackiego"},"content":{"rendered":"<p><strong>No i sta\u0142o si\u0119. Od wakacji mieszka\u0144cy skar\u017cyli si\u0119 na &#8222;rajdowc\u00f3w&#8221;, kt\u00f3rzy z alei S\u0142owackiego robili sobie tor wy\u015bcigowy. Jeden z kierowc\u00f3w, kt\u00f3ry z pewno\u015bci\u0105 nie jecha\u0142 60 km\/h, sam si\u0119 wyeliminowa\u0142.<\/strong><\/p>\n<p>M\u0142ody, oko\u0142o 20-letni kierowca BMW jecha\u0142 alej\u0105 S\u0142owackiego w Ostrowie Wielkopolskim w stron\u0119 Kalisza. Na wysoko\u015bci skrzy\u017cowania z Kr. Jadwigi jest lekki \u0142uk, na kt\u00f3rym straci\u0142 panowanie nad pojazdem.<\/p>\n<p>BMW jad\u0105c bokiem \u015bci\u0119\u0142o jedno z nowo posadzonych drzew i uszkodzi\u0142o drugie. Na ko\u0144cu zatrzyma\u0142o si\u0119 na bia\u0142o czerwonej barierce.<\/p>\n<p>Do szpitala zosta\u0142a zawieziona m\u0142oda kobieta z urazem \u0142okcia.<\/p>\n<p>Kierowcy BMW najwyra\u017aniej zabrak\u0142o odwagi, bo zamiast powiadomi\u0107 s\u0142u\u017cby ratownicze, to jedynie zadzwoni\u0142 po lawet\u0119. Na szcz\u0119\u015bcie obywatelski obowi\u0105zek spe\u0142ni\u0142 przechodzie\u0144, dzi\u0119ki czemu sprawca nie uniknie kary.<\/p>\n<p><img loading=\"lazy\" decoding=\"async\" src=\"https:\/\/ostrowskatv.pl\/wp-content\/uploads\/2024\/01\/1000068998-01.jpeg\" alt=\"\" width=\"1366\" height=\"769\" class=\"alignnone size-full wp-image-27998\" srcset=\"https:\/\/ostrowskatv.pl\/wp-content\/uploads\/2024\/01\/1000068998-01.jpeg 1366w, https:\/\/ostrowskatv.pl\/wp-content\/uploads\/2024\/01\/1000068998-01-300x169.jpeg 300w, https:\/\/ostrowskatv.pl\/wp-content\/uploads\/2024\/01\/1000068998-01-1333x750.jpeg 1333w\" sizes=\"auto, (max-width: 1366px) 100vw, 1366px\" \/><\/p>\n<p><img loading=\"lazy\" decoding=\"async\" src=\"https:\/\/ostrowskatv.pl\/wp-content\/uploads\/2024\/01\/1000068995-01.jpeg\" alt=\"\" width=\"1365\" height=\"895\" class=\"alignnone size-full wp-image-27999\" srcset=\"https:\/\/ostrowskatv.pl\/wp-content\/uploads\/2024\/01\/1000068995-01.jpeg 1365w, https:\/\/ostrowskatv.pl\/wp-content\/uploads\/2024\/01\/1000068995-01-300x197.jpeg 300w, https:\/\/ostrowskatv.pl\/wp-content\/uploads\/2024\/01\/1000068995-01-1333x874.jpeg 1333w\" sizes=\"auto, (max-width: 1365px) 100vw, 1365px\" \/><\/p>\n<p><img loading=\"lazy\" decoding=\"async\" src=\"https:\/\/ostrowskatv.pl\/wp-content\/uploads\/2024\/01\/1000068987-01.jpeg\" alt=\"\" width=\"1366\" height=\"871\" class=\"alignnone size-full wp-image-28000\" srcset=\"https:\/\/ostrowskatv.pl\/wp-content\/uploads\/2024\/01\/1000068987-01.jpeg 1366w, https:\/\/ostrowskatv.pl\/wp-content\/uploads\/2024\/01\/1000068987-01-300x191.jpeg 300w, https:\/\/ostrowskatv.pl\/wp-content\/uploads\/2024\/01\/1000068987-01-1333x850.jpeg 1333w\" sizes=\"auto, (max-width: 1366px) 100vw, 1366px\" \/><\/p>\n<p><img loading=\"lazy\" decoding=\"async\" src=\"https:\/\/ostrowskatv.pl\/wp-content\/uploads\/2024\/01\/1000068985-01.jpeg\" alt=\"\" width=\"1366\" height=\"769\" class=\"alignnone size-full wp-image-28001\" srcset=\"https:\/\/ostrowskatv.pl\/wp-content\/uploads\/2024\/01\/1000068985-01.jpeg 1366w, https:\/\/ostrowskatv.pl\/wp-content\/uploads\/2024\/01\/1000068985-01-300x169.jpeg 300w, https:\/\/ostrowskatv.pl\/wp-content\/uploads\/2024\/01\/1000068985-01-1333x750.jpeg 1333w\" sizes=\"auto, (max-width: 1366px) 100vw, 1366px\" \/><\/p>\n<p><img loading=\"lazy\" decoding=\"async\" src=\"https:\/\/ostrowskatv.pl\/wp-content\/uploads\/2024\/01\/1000068983-01.jpeg\" alt=\"\" width=\"1366\" height=\"769\" class=\"alignnone size-full wp-image-28002\" srcset=\"https:\/\/ostrowskatv.pl\/wp-content\/uploads\/2024\/01\/1000068983-01.jpeg 1366w, https:\/\/ostrowskatv.pl\/wp-content\/uploads\/2024\/01\/1000068983-01-300x169.jpeg 300w, https:\/\/ostrowskatv.pl\/wp-content\/uploads\/2024\/01\/1000068983-01-1333x750.jpeg 1333w\" sizes=\"auto, (max-width: 1366px) 100vw, 1366px\" \/><\/p>\n<p><img loading=\"lazy\" decoding=\"async\" src=\"https:\/\/ostrowskatv.pl\/wp-content\/uploads\/2024\/01\/1000068981-01.jpeg\" alt=\"\" width=\"1366\" height=\"897\" class=\"alignnone size-full wp-image-28003\" srcset=\"https:\/\/ostrowskatv.pl\/wp-content\/uploads\/2024\/01\/1000068981-01.jpeg 1366w, https:\/\/ostrowskatv.pl\/wp-content\/uploads\/2024\/01\/1000068981-01-300x197.jpeg 300w, https:\/\/ostrowskatv.pl\/wp-content\/uploads\/2024\/01\/1000068981-01-1333x875.jpeg 1333w\" sizes=\"auto, (max-width: 1366px) 100vw, 1366px\" \/><\/p>\n<p><img loading=\"lazy\" decoding=\"async\" src=\"https:\/\/ostrowskatv.pl\/wp-content\/uploads\/2024\/01\/1000068980-01.jpeg\" alt=\"\" width=\"1366\" height=\"769\" class=\"alignnone size-full wp-image-28004\" srcset=\"https:\/\/ostrowskatv.pl\/wp-content\/uploads\/2024\/01\/1000068980-01.jpeg 1366w, https:\/\/ostrowskatv.pl\/wp-content\/uploads\/2024\/01\/1000068980-01-300x169.jpeg 300w, https:\/\/ostrowskatv.pl\/wp-content\/uploads\/2024\/01\/1000068980-01-1333x750.jpeg 1333w\" sizes=\"auto, (max-width: 1366px) 100vw, 1366px\" \/><\/p>\n<p><img loading=\"lazy\" decoding=\"async\" src=\"https:\/\/ostrowskatv.pl\/wp-content\/uploads\/2024\/01\/1000068979-01.jpeg\" alt=\"\" width=\"1366\" height=\"769\" class=\"alignnone size-full wp-image-28005\" srcset=\"https:\/\/ostrowskatv.pl\/wp-content\/uploads\/2024\/01\/1000068979-01.jpeg 1366w, https:\/\/ostrowskatv.pl\/wp-content\/uploads\/2024\/01\/1000068979-01-300x169.jpeg 300w, https:\/\/ostrowskatv.pl\/wp-content\/uploads\/2024\/01\/1000068979-01-1333x750.jpeg 1333w\" sizes=\"auto, (max-width: 1366px) 100vw, 1366px\" \/><\/p>\n<p><img loading=\"lazy\" decoding=\"async\" src=\"https:\/\/ostrowskatv.pl\/wp-content\/uploads\/2024\/01\/1000069012-01.jpeg\" alt=\"\" width=\"637\" height=\"1366\" class=\"alignnone size-full wp-image-28006\" srcset=\"https:\/\/ostrowskatv.pl\/wp-content\/uploads\/2024\/01\/1000069012-01.jpeg 637w, https:\/\/ostrowskatv.pl\/wp-content\/uploads\/2024\/01\/1000069012-01-140x300.jpeg 140w, https:\/\/ostrowskatv.pl\/wp-content\/uploads\/2024\/01\/1000069012-01-622x1333.jpeg 622w\" sizes=\"auto, (max-width: 637px) 100vw, 637px\" \/><\/p>\n","protected":false},"excerpt":{"rendered":"No i sta\u0142o si\u0119. Od wakacji mieszka\u0144cy skar\u017cyli si\u0119 na &#8222;rajdowc\u00f3w&#8221;, kt\u00f3rzy z alei S\u0142owackiego robili sobie tor wy\u015bcigowy. Jeden z kierowc\u00f3w, kt\u00f3ry \n<a class=\"moretag\" href=\"https:\/\/ostrowskatv.pl\/?p=27997\"> [...]<\/a>","protected":false},"author":1,"featured_media":28000,"comment_status":"open","ping_status":"closed","sticky":false,"template":"","format":"standard","meta":{"footnotes":""},"categories":[1],"tags":[288,173,2,72,11],"class_list":["post-27997","post","type-post","status-publish","format-standard","has-post-thumbnail","hentry","category-news","tag-al-slowackiego","tag-drzewo","tag-ostrow-wielkopolski","tag-samochod","tag-wypadek"],"_links":{"self":[{"href":"https:\/\/ostrowskatv.pl\/index.php?rest_route=\/wp\/v2\/posts\/27997","targetHints":{"allow":["GET"]}}],"collection":[{"href":"https:\/\/ostrowskatv.pl\/index.php?rest_route=\/wp\/v2\/posts"}],"about":[{"href":"https:\/\/ostrowskatv.pl\/index.php?rest_route=\/wp\/v2\/types\/post"}],"author":[{"embeddable":true,"href":"https:\/\/ostrowskatv.pl\/index.php?rest_route=\/wp\/v2\/users\/1"}],"replies":[{"embeddable":true,"href":"https:\/\/ostrowskatv.pl\/index.php?rest_route=%2Fwp%2Fv2%2Fcomments&post=27997"}],"version-history":[{"count":0,"href":"https:\/\/ostrowskatv.pl\/index.php?rest_route=\/wp\/v2\/posts\/27997\/revisions"}],"wp:featuredmedia":[{"embeddable":true,"href":"https:\/\/ostrowskatv.pl\/index.php?rest_route=\/wp\/v2\/media\/28000"}],"wp:attachment":[{"href":"https:\/\/ostrowskatv.pl\/index.php?rest_route=%2Fwp%2Fv2%2Fmedia&parent=27997"}],"wp:term":[{"taxonomy":"category","embeddable":true,"href":"https:\/\/ostrowskatv.pl\/index.php?rest_route=%2Fwp%2Fv2%2Fcategories&post=27997"},{"taxonomy":"post_tag","embeddable":true,"href":"https:\/\/ostrowskatv.pl\/index.php?rest_route=%2Fwp%2Fv2%2Ftags&post=27997"}],"curies":[{"name":"wp","href":"https:\/\/api.w.org\/{rel}","templated":true}]}}