{"id":27994,"date":"2024-01-16T16:54:39","date_gmt":"2024-01-16T15:54:39","guid":{"rendered":"https:\/\/ostrowskatv.pl\/?p=27994"},"modified":"2024-01-20T03:32:44","modified_gmt":"2024-01-20T02:32:44","slug":"zglosil-kradziez-auta-przy-galerii-wpadl-w-niezle-klopoty","status":"publish","type":"post","link":"https:\/\/ostrowskatv.pl\/?p=27994","title":{"rendered":"Zg\u0142osi\u0142 kradzie\u017c auta przy galerii. Wpad\u0142 w niez\u0142e k\u0142opoty"},"content":{"rendered":"<p><strong>Ostrowscy policjanci otrzymali zg\u0142oszenie o kradzie\u017cy samochodu z parkingu galerii Ostrovia. Najcz\u0119\u015bciej w takich przypadkach poch\u0142oni\u0119ci zakupami klienci zapominaj\u0105 gdzie zaparkowali. Ta interwencja mia\u0142a bardziej niezwyk\u0142y przebieg.<\/strong><\/p>\n<p>Policjanci o godzinie 20 w poniedzia\u0142ek udali si\u0119 na parking galerii. Znaj\u0105c tablice rejestracyjne &#8222;skradzionego&#8221; pojazdu volkswagen tiguan odnale\u017ali go po chwili. Udali si\u0119 do w\u0142a\u015bciciela poinformowa\u0107 go o szcz\u0119\u015bliwym finiszu akcji poszukiwawczej. Jak si\u0119 po chwili okaza\u0142o wiecz\u00f3r by\u0142 du\u017co bardziej pechowy ni\u017c si\u0119 zapowiada\u0142. <\/p>\n<p>Podczas rozmowy policjanci zauwa\u017cyli, \u017ce m\u0119\u017cczyzna jest pijany. Postanowili przebada\u0107 go alkomatem. Wynik? 2.3 promila! Funkcjonariuszom uda\u0142o si\u0119 udowodni\u0107, \u017ce m\u0119\u017cczyzna kierowa\u0142 pod wp\u0142ywem alkoholu za co us\u0142ysza\u0142 zarzut. <\/p>\n","protected":false},"excerpt":{"rendered":"Ostrowscy policjanci otrzymali zg\u0142oszenie o kradzie\u017cy samochodu z parkingu galerii Ostrovia. Najcz\u0119\u015bciej w takich przypadkach poch\u0142oni\u0119ci zakupami klienci zapominaj\u0105 gdzie zaparkowali. Ta interwencja \n<a class=\"moretag\" href=\"https:\/\/ostrowskatv.pl\/?p=27994\"> [...]<\/a>","protected":false},"author":1,"featured_media":27995,"comment_status":"open","ping_status":"closed","sticky":false,"template":"","format":"standard","meta":{"footnotes":""},"categories":[1],"tags":[34],"class_list":["post-27994","post","type-post","status-publish","format-standard","has-post-thumbnail","hentry","category-news","tag-policja"],"_links":{"self":[{"href":"https:\/\/ostrowskatv.pl\/index.php?rest_route=\/wp\/v2\/posts\/27994","targetHints":{"allow":["GET"]}}],"collection":[{"href":"https:\/\/ostrowskatv.pl\/index.php?rest_route=\/wp\/v2\/posts"}],"about":[{"href":"https:\/\/ostrowskatv.pl\/index.php?rest_route=\/wp\/v2\/types\/post"}],"author":[{"embeddable":true,"href":"https:\/\/ostrowskatv.pl\/index.php?rest_route=\/wp\/v2\/users\/1"}],"replies":[{"embeddable":true,"href":"https:\/\/ostrowskatv.pl\/index.php?rest_route=%2Fwp%2Fv2%2Fcomments&post=27994"}],"version-history":[{"count":0,"href":"https:\/\/ostrowskatv.pl\/index.php?rest_route=\/wp\/v2\/posts\/27994\/revisions"}],"wp:featuredmedia":[{"embeddable":true,"href":"https:\/\/ostrowskatv.pl\/index.php?rest_route=\/wp\/v2\/media\/27995"}],"wp:attachment":[{"href":"https:\/\/ostrowskatv.pl\/index.php?rest_route=%2Fwp%2Fv2%2Fmedia&parent=27994"}],"wp:term":[{"taxonomy":"category","embeddable":true,"href":"https:\/\/ostrowskatv.pl\/index.php?rest_route=%2Fwp%2Fv2%2Fcategories&post=27994"},{"taxonomy":"post_tag","embeddable":true,"href":"https:\/\/ostrowskatv.pl\/index.php?rest_route=%2Fwp%2Fv2%2Ftags&post=27994"}],"curies":[{"name":"wp","href":"https:\/\/api.w.org\/{rel}","templated":true}]}}