{"id":2797,"date":"2016-12-29T12:54:39","date_gmt":"2016-12-29T11:54:39","guid":{"rendered":"http:\/\/ostrowska.tv\/?p=2797"},"modified":"2016-12-29T12:54:39","modified_gmt":"2016-12-29T11:54:39","slug":"komentarze-do-budzetu-na-2017-r","status":"publish","type":"post","link":"https:\/\/ostrowskatv.pl\/?p=2797","title":{"rendered":"Komentarze do bud\u017cetu na 2017 r."},"content":{"rendered":"<p><strong>W czwartek uchwalono bud\u017cet na 2017 r. 13 radnych popar\u0142o projekt wydatk\u00f3w przygotowany przez prezydent Beat\u0119 Klimek. Dziesi\u0119cioro radnych by\u0142o przeciwnych. Poni\u017cej przedstawiamy komentarze do wizji rozwoju miasta na 2017 r.<\/strong><\/p>\n<hr \/>\n<p><strong>Beata Klimek<\/strong>, prezydent Ostrowa Wlkp.:<br \/>\nBud\u017cet Ostrowa Wielkopolskiego na rok 2017 zosta\u0142 uchwalony. To bud\u017cet bezpieczny, ale i proinwestycyjny. Sporo pieni\u0119dzy przeznaczamy w tym roku na inwestycje w ostrowskich przedszkolach, kt\u00f3re przez wiele lat by\u0142y zaniedbane i wymagaj\u0105 modernizacji. W przysz\u0142ym roku rozpoczynamy r\u00f3wnie\u017c prace przy dw\u00f3ch nowych obiektach przedszkolnych.<br \/>\nRozpoczynamy tak\u017ce prace nad powrotem gabinet\u00f3w stomatologicznych do szk\u00f3\u0142. Chcemy zadba\u0107 o zdrowe z\u0119by ostrowskich dzieciak\u00f3w!<\/p>\n<p><strong>Wojciech Matuszczak<\/strong>, radny niezale\u017cny:<br \/>\nProjekt bud\u017cetu popar\u0142em. G\u0142\u00f3wnie dlatego, \u017ce by\u0142y tam zawarte inwestycje dofinansowane z Zintegrowanych Inwestycji Terytorialnych, kt\u00f3re b\u0119d\u0105 dofinansowane do 85%. S\u0105 to tematy rozpocz\u0119te w poprzedniej kadencji i realizowane obecnie (VIVAT Pan Zenon Kiczka) i nie mo\u017cna ich wstrzymywa\u0107 (Empik &#8211; Biblioteka multimedialna), Muzeum 3D, inwestycje w transport, termomodernizacja przedszkoli itd. WPF &#8211; przemawia do mnie przez zaplanowanie budowy hali w 2018\/19, trudno by\u0107 przeciw. Ubolewam nad rzeczywi\u015bcie zmniejszonymi inwestycjami drogowymi czego jestem sam przyk\u0142adem. W 2017 roku tylko 160 000, w 2018- 250 000 z\u0142, w 2019 &#8211; 0 w moim Osiedlu Odolanowskie.<\/p>\n<p><strong>Milena Kowalska<\/strong>, Platforma Obywatelska:<br \/>\nDo bud\u017cetu z\u0142o\u017cyli\u015bmy wiele wniosk\u00f3w-zar\u00f3wno przed komisjami, na merytorycznych komisjach jak i na sesji Rady Miejskiej. Uwzgl\u0119dnia\u0142y one przede wszystkim potrzeby i wol\u0119 mieszka\u0144c\u00f3w, ale tak\u017ce by\u0142y wynikiem dba\u0142o\u015bci o zr\u00f3wnowa\u017cony rozw\u00f3j ca\u0142ego miasta, a nie tylko niekt\u00f3rych jego cz\u0119\u015bci. Pani Prezydent w jednych osiedlach inwestuje kwoty milionowe, a w innych nie wywi\u0105zuje si\u0119 z danych obietnic. Nie by\u0142y to wnioski odrealnione. Nie wyobra\u017cam sobie r\u00f3wnie\u017c g\u0142osowania za bud\u017cetem, w kt\u00f3rym znajduj\u0105 si\u0119 zadania oprotestowane przez mieszka\u0144c\u00f3w i zupe\u0142nie z nimi nieskonsultowane.<\/p>\n<p><strong>Marian Herwich<\/strong>, radny niezale\u017cny:<br \/>\nOdnosz\u0105c si\u0119 do planowanego bud\u017cetu przez pryzmat Wenecji, stwierdzam, \u017ce dla mnie to jest prowizoria, a nie bud\u017cet. Nie uwzgl\u0119dniono doko\u0144czenia <strong>ulicy Kujawskiej<\/strong>, kt\u00f3ra prowadzi do szpitala, ko\u015bcio\u0142a, szko\u0142y, przedszkola. Wykonano tylko jezdni\u0119 bez o\u015bwietlenia. Rodzice z dzie\u0107mi chodz\u0105 tamt\u0119dy w ciemno\u015bciach. Id\u0105 jezdni\u0105, bo nic wi\u0119cej nie ma. O ile Urbaniak przeznaczy\u0142 cz\u0119\u015b\u0107 pieni\u0119dzy, to Pani zabra\u0142a jeszcze 120 tys. z\u0142. Chodnik niepotrzebny, bo po co. <strong>Ulica Danysza<\/strong> ma zaplanowane tylko 100 tys. Ma d\u0142ugo\u015b\u0107 150 metr\u00f3w i parking. Znowu nie starczy na chodnik i deszcz\u00f3wk\u0119. <strong>Ulica Mazurska<\/strong> &#8211; tydzie\u0144 temu j\u0105 oddano. Nie uwzgl\u0119dniono jej w bud\u017cecie na 2017 r. By\u0142 plan na dodatkowe chodniki. Zabrano 40 tys. Nie poinformowano gdzie te pieni\u0105dze posz\u0142y. <strong>Ulica Warmi\u0144ska<\/strong> &#8211; Ci\u0105g pieszo-jezdny kosztuje przeci\u0119tnie 270 tys. na 300 metrach. Kana\u0142 deszczowy 110 tys. razem 380 tys., a przeznaczono tylko 200 tys. Niech si\u0119 mieszka\u0144cy ciesz\u0105, \u017ce cokolwiek zapisano. <strong>Ul. P\u00f3\u0142nocna<\/strong>, nie doko\u0144czono oko\u0142o 100 metr\u00f3w. <strong>Ulica Modrzewskiego<\/strong> &#8211; jedyna ulica \u0142\u0105cz\u0105ca osiedle z przedszkolem. Droga wjazdowa i wyjazdowa bez chodnika. Na koniec dodam, \u017ce nie ma \u017cadnego projektu na jak\u0105kolwiek ulic\u0119 na Wenecji.<\/p>\n","protected":false},"excerpt":{"rendered":"W czwartek uchwalono bud\u017cet na 2017 r. 13 radnych popar\u0142o projekt wydatk\u00f3w przygotowany przez prezydent Beat\u0119 Klimek. Dziesi\u0119cioro radnych by\u0142o przeciwnych. Poni\u017cej przedstawiamy \n<a class=\"moretag\" href=\"https:\/\/ostrowskatv.pl\/?p=2797\"> [...]<\/a>","protected":false},"author":1,"featured_media":1734,"comment_status":"open","ping_status":"open","sticky":false,"template":"","format":"standard","meta":{"footnotes":""},"categories":[1],"tags":[2],"class_list":["post-2797","post","type-post","status-publish","format-standard","has-post-thumbnail","hentry","category-news","tag-ostrow-wielkopolski"],"_links":{"self":[{"href":"https:\/\/ostrowskatv.pl\/index.php?rest_route=\/wp\/v2\/posts\/2797","targetHints":{"allow":["GET"]}}],"collection":[{"href":"https:\/\/ostrowskatv.pl\/index.php?rest_route=\/wp\/v2\/posts"}],"about":[{"href":"https:\/\/ostrowskatv.pl\/index.php?rest_route=\/wp\/v2\/types\/post"}],"author":[{"embeddable":true,"href":"https:\/\/ostrowskatv.pl\/index.php?rest_route=\/wp\/v2\/users\/1"}],"replies":[{"embeddable":true,"href":"https:\/\/ostrowskatv.pl\/index.php?rest_route=%2Fwp%2Fv2%2Fcomments&post=2797"}],"version-history":[{"count":0,"href":"https:\/\/ostrowskatv.pl\/index.php?rest_route=\/wp\/v2\/posts\/2797\/revisions"}],"wp:featuredmedia":[{"embeddable":true,"href":"https:\/\/ostrowskatv.pl\/index.php?rest_route=\/wp\/v2\/media\/1734"}],"wp:attachment":[{"href":"https:\/\/ostrowskatv.pl\/index.php?rest_route=%2Fwp%2Fv2%2Fmedia&parent=2797"}],"wp:term":[{"taxonomy":"category","embeddable":true,"href":"https:\/\/ostrowskatv.pl\/index.php?rest_route=%2Fwp%2Fv2%2Fcategories&post=2797"},{"taxonomy":"post_tag","embeddable":true,"href":"https:\/\/ostrowskatv.pl\/index.php?rest_route=%2Fwp%2Fv2%2Ftags&post=2797"}],"curies":[{"name":"wp","href":"https:\/\/api.w.org\/{rel}","templated":true}]}}