{"id":27908,"date":"2024-01-08T15:31:30","date_gmt":"2024-01-08T14:31:30","guid":{"rendered":"https:\/\/ostrowskatv.pl\/?p=27908"},"modified":"2024-01-08T15:31:30","modified_gmt":"2024-01-08T14:31:30","slug":"kochaniutki-wpadl-w-podwojne-tarapaty","status":"publish","type":"post","link":"https:\/\/ostrowskatv.pl\/?p=27908","title":{"rendered":"&#8222;Kochaniutki&#8221; wpad\u0142 w podw\u00f3jne tarapaty"},"content":{"rendered":"<p><strong>Przedstawiciel ostrowskiej spo\u0142eczno\u015bci lubi\u0105cej u\u017cywa\u0107 zwrotu &#8222;Kochaniutki&#8221;, w samo po\u0142udnie wpad\u0142 w podw\u00f3jne tarapaty.<\/strong><\/p>\n<p>Na ulicy Ok\u00f3lnej w wyniku niedostosowania pr\u0119dko\u015bci do warunk\u00f3w panuj\u0105cych na drodze, straci\u0142 kontrol\u0119 nad oplem i z impetem wjecha\u0142 w betonowe ogrodzenie od ogr\u00f3dk\u00f3w dzia\u0142kowych.<\/p>\n<p>Jako kierowca wskaza\u0142 si\u0119 31-letni mieszkaniec Ostrowa Wielkopolskiego. Wydmucha\u0142 ponad promil i mia\u0142 czynny zakaz prowadzenia pojazd\u00f3w. <\/p>\n<p>Zgodnie z prawem za prowadzenie auta po pijaku grozi:<\/p>\n<p>&#8211; pozbawienie wolno\u015bci do lat 3,<br \/>\n&#8211; zakaz prowadzenia pojazd\u00f3w od 3 do 15 lat,<br \/>\n&#8211; kara pieni\u0119\u017cna od 5000 z\u0142 do 60 000 z\u0142 (na rzecz Funduszu Pomocy Pokrzywdzonym i Pomocy Postpenitencjarnej),<br \/>\n&#8211; 15 punkt\u00f3w karnych.<\/p>\n<p>Grzywna naliczana jest w zale\u017cno\u015bci od sytuacji maj\u0105tkowej sprawcy. Od marca za takie st\u0119\u017cenie nast\u0105pi konfiskata samochodu.<\/p>\n<p>Zgodnie z art. 244 k.k. kierowca pope\u0142nia przest\u0119pstwo niezastosowania si\u0119 do orzeczonego przez S\u0105d zakazu prowadzenia pojazd\u00f3w, w\u00f3wczas, gdy zakaz prowadzenia pojazd\u00f3w jest prawomocny, a kierowca pomimo tego nadal kieruje samochodem.<\/p>\n<p>W my\u015bl tych przepis\u00f3w kierowcy, kt\u00f3rzy pomimo prawomocnego zakazu prowadzenia samochod\u00f3w, nie stosuj\u0105 si\u0119 do orzeczonego zakazu, mog\u0105 liczy\u0107 si\u0119 z utrat\u0105 prawa jazdy na okres od 1 roku do lat 15.<\/p>\n<p>Warto te\u017c wiedzie\u0107, \u017ce w takim przypadku S\u0105d mo\u017ce tak\u017ce orzec wobec kierowcy kar\u0119 pozbawienia wolno\u015bci od 3 miesi\u0119cy do lat 5.<\/p>\n<p><img loading=\"lazy\" decoding=\"async\" src=\"https:\/\/ostrowskatv.pl\/wp-content\/uploads\/2024\/01\/1000067403-01.jpeg\" alt=\"\" width=\"1366\" height=\"768\" class=\"alignnone size-full wp-image-27909\" srcset=\"https:\/\/ostrowskatv.pl\/wp-content\/uploads\/2024\/01\/1000067403-01.jpeg 1366w, https:\/\/ostrowskatv.pl\/wp-content\/uploads\/2024\/01\/1000067403-01-300x169.jpeg 300w, https:\/\/ostrowskatv.pl\/wp-content\/uploads\/2024\/01\/1000067403-01-1333x749.jpeg 1333w\" sizes=\"auto, (max-width: 1366px) 100vw, 1366px\" \/><\/p>\n<p><img loading=\"lazy\" decoding=\"async\" src=\"https:\/\/ostrowskatv.pl\/wp-content\/uploads\/2024\/01\/1000067415-01.jpeg\" alt=\"\" width=\"1366\" height=\"768\" class=\"alignnone size-full wp-image-27910\" srcset=\"https:\/\/ostrowskatv.pl\/wp-content\/uploads\/2024\/01\/1000067415-01.jpeg 1366w, https:\/\/ostrowskatv.pl\/wp-content\/uploads\/2024\/01\/1000067415-01-300x169.jpeg 300w, https:\/\/ostrowskatv.pl\/wp-content\/uploads\/2024\/01\/1000067415-01-1333x749.jpeg 1333w\" sizes=\"auto, (max-width: 1366px) 100vw, 1366px\" \/><\/p>\n<p><img loading=\"lazy\" decoding=\"async\" src=\"https:\/\/ostrowskatv.pl\/wp-content\/uploads\/2024\/01\/1000067406-01.jpeg\" alt=\"\" width=\"1366\" height=\"768\" class=\"alignnone size-full wp-image-27911\" srcset=\"https:\/\/ostrowskatv.pl\/wp-content\/uploads\/2024\/01\/1000067406-01.jpeg 1366w, https:\/\/ostrowskatv.pl\/wp-content\/uploads\/2024\/01\/1000067406-01-300x169.jpeg 300w, https:\/\/ostrowskatv.pl\/wp-content\/uploads\/2024\/01\/1000067406-01-1333x749.jpeg 1333w\" sizes=\"auto, (max-width: 1366px) 100vw, 1366px\" \/><\/p>\n<p><img loading=\"lazy\" decoding=\"async\" src=\"https:\/\/ostrowskatv.pl\/wp-content\/uploads\/2024\/01\/1000067385-01.jpeg\" alt=\"\" width=\"1366\" height=\"768\" class=\"alignnone size-full wp-image-27912\" srcset=\"https:\/\/ostrowskatv.pl\/wp-content\/uploads\/2024\/01\/1000067385-01.jpeg 1366w, https:\/\/ostrowskatv.pl\/wp-content\/uploads\/2024\/01\/1000067385-01-300x169.jpeg 300w, https:\/\/ostrowskatv.pl\/wp-content\/uploads\/2024\/01\/1000067385-01-1333x749.jpeg 1333w\" sizes=\"auto, (max-width: 1366px) 100vw, 1366px\" \/><\/p>\n<p><img loading=\"lazy\" decoding=\"async\" src=\"https:\/\/ostrowskatv.pl\/wp-content\/uploads\/2024\/01\/1000067382-01.jpeg\" alt=\"\" width=\"1366\" height=\"768\" class=\"alignnone size-full wp-image-27913\" srcset=\"https:\/\/ostrowskatv.pl\/wp-content\/uploads\/2024\/01\/1000067382-01.jpeg 1366w, https:\/\/ostrowskatv.pl\/wp-content\/uploads\/2024\/01\/1000067382-01-300x169.jpeg 300w, https:\/\/ostrowskatv.pl\/wp-content\/uploads\/2024\/01\/1000067382-01-1333x749.jpeg 1333w\" sizes=\"auto, (max-width: 1366px) 100vw, 1366px\" \/><\/p>\n<p><img loading=\"lazy\" decoding=\"async\" src=\"https:\/\/ostrowskatv.pl\/wp-content\/uploads\/2024\/01\/1000067376-01.jpeg\" alt=\"\" width=\"1366\" height=\"768\" class=\"alignnone size-full wp-image-27914\" srcset=\"https:\/\/ostrowskatv.pl\/wp-content\/uploads\/2024\/01\/1000067376-01.jpeg 1366w, https:\/\/ostrowskatv.pl\/wp-content\/uploads\/2024\/01\/1000067376-01-300x169.jpeg 300w, https:\/\/ostrowskatv.pl\/wp-content\/uploads\/2024\/01\/1000067376-01-1333x749.jpeg 1333w\" sizes=\"auto, (max-width: 1366px) 100vw, 1366px\" \/><\/p>\n<p><img loading=\"lazy\" decoding=\"async\" src=\"https:\/\/ostrowskatv.pl\/wp-content\/uploads\/2024\/01\/1000067370-01.jpeg\" alt=\"\" width=\"1140\" height=\"723\" class=\"alignnone size-full wp-image-27915\" srcset=\"https:\/\/ostrowskatv.pl\/wp-content\/uploads\/2024\/01\/1000067370-01.jpeg 1140w, https:\/\/ostrowskatv.pl\/wp-content\/uploads\/2024\/01\/1000067370-01-300x190.jpeg 300w\" sizes=\"auto, (max-width: 1140px) 100vw, 1140px\" \/><\/p>\n","protected":false},"excerpt":{"rendered":"Przedstawiciel ostrowskiej spo\u0142eczno\u015bci lubi\u0105cej u\u017cywa\u0107 zwrotu &#8222;Kochaniutki&#8221;, w samo po\u0142udnie wpad\u0142 w podw\u00f3jne tarapaty. Na ulicy Ok\u00f3lnej w wyniku niedostosowania pr\u0119dko\u015bci do warunk\u00f3w \n<a class=\"moretag\" href=\"https:\/\/ostrowskatv.pl\/?p=27908\"> [...]<\/a>","protected":false},"author":1,"featured_media":27912,"comment_status":"open","ping_status":"closed","sticky":false,"template":"","format":"standard","meta":{"footnotes":""},"categories":[1],"tags":[48,2,72],"class_list":["post-27908","post","type-post","status-publish","format-standard","has-post-thumbnail","hentry","category-news","tag-kolizja","tag-ostrow-wielkopolski","tag-samochod"],"_links":{"self":[{"href":"https:\/\/ostrowskatv.pl\/index.php?rest_route=\/wp\/v2\/posts\/27908","targetHints":{"allow":["GET"]}}],"collection":[{"href":"https:\/\/ostrowskatv.pl\/index.php?rest_route=\/wp\/v2\/posts"}],"about":[{"href":"https:\/\/ostrowskatv.pl\/index.php?rest_route=\/wp\/v2\/types\/post"}],"author":[{"embeddable":true,"href":"https:\/\/ostrowskatv.pl\/index.php?rest_route=\/wp\/v2\/users\/1"}],"replies":[{"embeddable":true,"href":"https:\/\/ostrowskatv.pl\/index.php?rest_route=%2Fwp%2Fv2%2Fcomments&post=27908"}],"version-history":[{"count":0,"href":"https:\/\/ostrowskatv.pl\/index.php?rest_route=\/wp\/v2\/posts\/27908\/revisions"}],"wp:featuredmedia":[{"embeddable":true,"href":"https:\/\/ostrowskatv.pl\/index.php?rest_route=\/wp\/v2\/media\/27912"}],"wp:attachment":[{"href":"https:\/\/ostrowskatv.pl\/index.php?rest_route=%2Fwp%2Fv2%2Fmedia&parent=27908"}],"wp:term":[{"taxonomy":"category","embeddable":true,"href":"https:\/\/ostrowskatv.pl\/index.php?rest_route=%2Fwp%2Fv2%2Fcategories&post=27908"},{"taxonomy":"post_tag","embeddable":true,"href":"https:\/\/ostrowskatv.pl\/index.php?rest_route=%2Fwp%2Fv2%2Ftags&post=27908"}],"curies":[{"name":"wp","href":"https:\/\/api.w.org\/{rel}","templated":true}]}}