{"id":27899,"date":"2024-01-08T09:29:44","date_gmt":"2024-01-08T08:29:44","guid":{"rendered":"https:\/\/ostrowskatv.pl\/?p=27899"},"modified":"2024-01-08T09:29:44","modified_gmt":"2024-01-08T08:29:44","slug":"nie-masz-planow-na-karnawal-mamy-cos-dla-ciebie","status":"publish","type":"post","link":"https:\/\/ostrowskatv.pl\/?p=27899","title":{"rendered":"Nie masz plan\u00f3w na karnawa\u0142? Mamy co\u015b dla Ciebie"},"content":{"rendered":"<p><strong>6 stycznia rozpocz\u0105\u0142 si\u0119 w Polsce karnawa\u0142. To czas zabaw i bal\u00f3w. Zgodnie z chrze\u015bcija\u0144sk\u0105 tradycj\u0105 to czas przygotowywania do Wielkiego Postu i wyczekiwania na Wielkanoc. <\/strong><\/p>\n<p>Karnawa\u0142 potrwa do \u015arody Popielcowej, kt\u00f3ra w tym roku przypada 14 lutego, co oznacza jeszcze 37 dni pysznej zabawy.<\/p>\n<p>Ka\u017cdy kto chcia\u0142by ten czas sp\u0119dzi\u0107 na wyj\u0105tkowych imprezach, mo\u017ce skorzysta\u0107 z trzech propozycji, kt\u00f3re odb\u0119d\u0105 si\u0119 na ostrowskich Piaskach, w nowoczesnym obiekcie &#8211; Restauracji Laguna.<\/p>\n<p>Pierwsz\u0105 propozycj\u0105 jest wieczorek w stylu my\u015bliwskim, kolejn\u0105 zabawa walentynkowa, a trzeci\u0105 dedykowana impreza dla Kobiet z okazji ich \u015bwi\u0119ta. Z pewno\u015bci\u0105 ka\u017cdy znajdzie co\u015b dla siebie.<\/p>\n<p><img loading=\"lazy\" decoding=\"async\" class=\"alignnone size-full wp-image-27902\" src=\"https:\/\/ostrowskatv.pl\/wp-content\/uploads\/2024\/01\/wieczorek-mysliwski-2024-zapowiedz.png\" alt=\"\" width=\"555\" height=\"793\" srcset=\"https:\/\/ostrowskatv.pl\/wp-content\/uploads\/2024\/01\/wieczorek-mysliwski-2024-zapowiedz.png 555w, https:\/\/ostrowskatv.pl\/wp-content\/uploads\/2024\/01\/wieczorek-mysliwski-2024-zapowiedz-210x300.png 210w\" sizes=\"auto, (max-width: 555px) 100vw, 555px\" \/><\/p>\n<p><img loading=\"lazy\" decoding=\"async\" class=\"alignnone size-full wp-image-27901\" src=\"https:\/\/ostrowskatv.pl\/wp-content\/uploads\/2024\/01\/walentynkowa-2024.png\" alt=\"\" width=\"556\" height=\"793\" srcset=\"https:\/\/ostrowskatv.pl\/wp-content\/uploads\/2024\/01\/walentynkowa-2024.png 556w, https:\/\/ostrowskatv.pl\/wp-content\/uploads\/2024\/01\/walentynkowa-2024-210x300.png 210w\" sizes=\"auto, (max-width: 556px) 100vw, 556px\" \/><\/p>\n<p><img loading=\"lazy\" decoding=\"async\" class=\"alignnone size-full wp-image-27900\" src=\"https:\/\/ostrowskatv.pl\/wp-content\/uploads\/2024\/01\/dzien-kobiet-2024-ostrow.png\" alt=\"\" width=\"556\" height=\"796\" srcset=\"https:\/\/ostrowskatv.pl\/wp-content\/uploads\/2024\/01\/dzien-kobiet-2024-ostrow.png 556w, https:\/\/ostrowskatv.pl\/wp-content\/uploads\/2024\/01\/dzien-kobiet-2024-ostrow-210x300.png 210w\" sizes=\"auto, (max-width: 556px) 100vw, 556px\" \/><\/p>\n<p><img loading=\"lazy\" decoding=\"async\" src=\"https:\/\/ostrowskatv.pl\/wp-content\/uploads\/2024\/01\/20220922_154953.jpg\" alt=\"\" width=\"1333\" height=\"706\" class=\"alignnone size-full wp-image-27903\" srcset=\"https:\/\/ostrowskatv.pl\/wp-content\/uploads\/2024\/01\/20220922_154953.jpg 1333w, https:\/\/ostrowskatv.pl\/wp-content\/uploads\/2024\/01\/20220922_154953-300x159.jpg 300w\" sizes=\"auto, (max-width: 1333px) 100vw, 1333px\" \/><\/p>\n<p><img loading=\"lazy\" decoding=\"async\" src=\"https:\/\/ostrowskatv.pl\/wp-content\/uploads\/2024\/01\/20220923_165633.jpg\" alt=\"\" width=\"1333\" height=\"714\" class=\"alignnone size-full wp-image-27904\" srcset=\"https:\/\/ostrowskatv.pl\/wp-content\/uploads\/2024\/01\/20220923_165633.jpg 1333w, https:\/\/ostrowskatv.pl\/wp-content\/uploads\/2024\/01\/20220923_165633-300x161.jpg 300w\" sizes=\"auto, (max-width: 1333px) 100vw, 1333px\" \/><\/p>\n<p><img loading=\"lazy\" decoding=\"async\" src=\"https:\/\/ostrowskatv.pl\/wp-content\/uploads\/2024\/01\/20230514_113931.jpg\" alt=\"\" width=\"1333\" height=\"653\" class=\"alignnone size-full wp-image-27905\" srcset=\"https:\/\/ostrowskatv.pl\/wp-content\/uploads\/2024\/01\/20230514_113931.jpg 1333w, https:\/\/ostrowskatv.pl\/wp-content\/uploads\/2024\/01\/20230514_113931-300x147.jpg 300w\" sizes=\"auto, (max-width: 1333px) 100vw, 1333px\" \/><\/p>\n","protected":false},"excerpt":{"rendered":"6 stycznia rozpocz\u0105\u0142 si\u0119 w Polsce karnawa\u0142. To czas zabaw i bal\u00f3w. Zgodnie z chrze\u015bcija\u0144sk\u0105 tradycj\u0105 to czas przygotowywania do Wielkiego Postu i \n<a class=\"moretag\" href=\"https:\/\/ostrowskatv.pl\/?p=27899\"> [...]<\/a>","protected":false},"author":1,"featured_media":27906,"comment_status":"open","ping_status":"closed","sticky":false,"template":"","format":"standard","meta":{"footnotes":""},"categories":[1],"tags":[237,2,287],"class_list":["post-27899","post","type-post","status-publish","format-standard","has-post-thumbnail","hentry","category-news","tag-impreza","tag-ostrow-wielkopolski","tag-zapowiedz"],"_links":{"self":[{"href":"https:\/\/ostrowskatv.pl\/index.php?rest_route=\/wp\/v2\/posts\/27899","targetHints":{"allow":["GET"]}}],"collection":[{"href":"https:\/\/ostrowskatv.pl\/index.php?rest_route=\/wp\/v2\/posts"}],"about":[{"href":"https:\/\/ostrowskatv.pl\/index.php?rest_route=\/wp\/v2\/types\/post"}],"author":[{"embeddable":true,"href":"https:\/\/ostrowskatv.pl\/index.php?rest_route=\/wp\/v2\/users\/1"}],"replies":[{"embeddable":true,"href":"https:\/\/ostrowskatv.pl\/index.php?rest_route=%2Fwp%2Fv2%2Fcomments&post=27899"}],"version-history":[{"count":0,"href":"https:\/\/ostrowskatv.pl\/index.php?rest_route=\/wp\/v2\/posts\/27899\/revisions"}],"wp:featuredmedia":[{"embeddable":true,"href":"https:\/\/ostrowskatv.pl\/index.php?rest_route=\/wp\/v2\/media\/27906"}],"wp:attachment":[{"href":"https:\/\/ostrowskatv.pl\/index.php?rest_route=%2Fwp%2Fv2%2Fmedia&parent=27899"}],"wp:term":[{"taxonomy":"category","embeddable":true,"href":"https:\/\/ostrowskatv.pl\/index.php?rest_route=%2Fwp%2Fv2%2Fcategories&post=27899"},{"taxonomy":"post_tag","embeddable":true,"href":"https:\/\/ostrowskatv.pl\/index.php?rest_route=%2Fwp%2Fv2%2Ftags&post=27899"}],"curies":[{"name":"wp","href":"https:\/\/api.w.org\/{rel}","templated":true}]}}