{"id":2787,"date":"2016-12-29T11:32:14","date_gmt":"2016-12-29T10:32:14","guid":{"rendered":"http:\/\/ostrowska.tv\/?p=2787"},"modified":"2016-12-29T11:41:39","modified_gmt":"2016-12-29T10:41:39","slug":"tir-osunal-sie-do-rowu-w-pole-wyprowadzila-go-nawigacja-i-cb-radio","status":"publish","type":"post","link":"https:\/\/ostrowskatv.pl\/?p=2787","title":{"rendered":"TIR osun\u0105\u0142 si\u0119 do rowu. W pole wyprowadzi\u0142a go nawigacja i CB-Radio"},"content":{"rendered":"<p><strong>Wieczorem w czwartek samoch\u00f3d ci\u0119\u017carowy marki Scania osun\u0105\u0142 si\u0119 do rowu we wsi Stary Staw. Kierowca chcia\u0142 dojecha\u0107 z przewo\u017conym \u0142adunkiem do pobliskiej firmy Melle produkuj\u0105cej kosmetyki do aut K2. M\u0119\u017cczyzna twierdzi\u0142, \u017ce to koledzy z CB-radia niew\u0142a\u015bciwie go poprowadzili, a okoliczni mieszka\u0144cy twierdz\u0105, \u017ce nie on jeden zosta\u0142 \u017ale pokierowany przez nawigacj\u0119.<\/strong><\/p>\n<p>I faktycznie przez d\u0142ugi czas siedziba firmy zlokalizowana by\u0142a w\u015br\u00f3d p\u00f3l, a zawodowi kierowcy ufaj\u0105cy bezgranicznie wskaz\u00f3wkom dojazdu wpadali w tarapaty. Tym razem kierowca wykonuj\u0105c manewr skr\u0119tu w prawo nie zmie\u015bci\u0142 si\u0119 i naczepa z prowadzonej przez niego ci\u0119\u017car\u00f3wki osun\u0119\u0142a si\u0119 do rowu. Szcz\u0119\u015bliwie towar nie wypad\u0142 i oszcz\u0119dzi\u0142 pobliski krzy\u017c oraz choink\u0119.<\/p>\n<p>Do wyci\u0105gni\u0119cia Scanii niezb\u0119dna by\u0142a pomoc d\u017awigu, kt\u00f3ry dopiero dzi\u015b rano o 10:00 zako\u0144czy\u0142 z sukcesem swoj\u0105 powinno\u015b\u0107.<\/p>\n<div id='gallery-1' class='gallery galleryid-2787 gallery-columns-3 gallery-size-thumbnail'><figure class='gallery-item'>\n\t\t\t<div class='gallery-icon landscape'>\n\t\t\t\t<a href='https:\/\/ostrowskatv.pl\/?attachment_id=2791'><img loading=\"lazy\" decoding=\"async\" width=\"150\" height=\"150\" src=\"https:\/\/ostrowskatv.pl\/wp-content\/uploads\/2016\/12\/20161228_192106-150x150.jpg\" class=\"attachment-thumbnail size-thumbnail\" alt=\"\" \/><\/a>\n\t\t\t<\/div><\/figure><figure class='gallery-item'>\n\t\t\t<div class='gallery-icon landscape'>\n\t\t\t\t<a href='https:\/\/ostrowskatv.pl\/?attachment_id=2790'><img loading=\"lazy\" decoding=\"async\" width=\"150\" height=\"150\" src=\"https:\/\/ostrowskatv.pl\/wp-content\/uploads\/2016\/12\/20161228_192114-150x150.jpg\" class=\"attachment-thumbnail size-thumbnail\" alt=\"\" \/><\/a>\n\t\t\t<\/div><\/figure><figure class='gallery-item'>\n\t\t\t<div class='gallery-icon landscape'>\n\t\t\t\t<a href='https:\/\/ostrowskatv.pl\/?attachment_id=2789'><img loading=\"lazy\" decoding=\"async\" width=\"150\" height=\"150\" src=\"https:\/\/ostrowskatv.pl\/wp-content\/uploads\/2016\/12\/20161228_192146-150x150.jpg\" class=\"attachment-thumbnail size-thumbnail\" alt=\"\" \/><\/a>\n\t\t\t<\/div><\/figure><figure class='gallery-item'>\n\t\t\t<div class='gallery-icon landscape'>\n\t\t\t\t<a href='https:\/\/ostrowskatv.pl\/?attachment_id=2788'><img loading=\"lazy\" decoding=\"async\" width=\"150\" height=\"150\" src=\"https:\/\/ostrowskatv.pl\/wp-content\/uploads\/2016\/12\/20161228_192234-150x150.jpg\" class=\"attachment-thumbnail size-thumbnail\" alt=\"\" \/><\/a>\n\t\t\t<\/div><\/figure>\n\t\t<\/div>\n\n<p><iframe loading=\"lazy\" src=\"https:\/\/www.google.com\/maps\/embed?pb=!1m26!1m12!1m3!1d1523.615364940208!2d17.81313025838691!3d51.680672544915986!2m3!1f0!2f0!3f0!3m2!1i1024!2i768!4f13.1!4m11!3e0!4m5!1s0x471ab5876cbdf85d%3A0x1b46cbc977d4fdba!2sInter-Global+Sp.+z+o.o.%2C+Stary+Staw+9%2C+63-400+Ostr%C3%B3w+Wielkopolski!3m2!1d51.6793895!2d17.812186399999998!4m3!3m2!1d51.6819549!2d17.8162724!5e1!3m2!1spl!2spl!4v1483008094528\" width=\"600\" height=\"450\" frameborder=\"0\" style=\"border:0\" allowfullscreen><\/iframe><\/p>\n","protected":false},"excerpt":{"rendered":"Wieczorem w czwartek samoch\u00f3d ci\u0119\u017carowy marki Scania osun\u0105\u0142 si\u0119 do rowu we wsi Stary Staw. Kierowca chcia\u0142 dojecha\u0107 z przewo\u017conym \u0142adunkiem do pobliskiej \n<a class=\"moretag\" href=\"https:\/\/ostrowskatv.pl\/?p=2787\"> [...]<\/a>","protected":false},"author":1,"featured_media":2790,"comment_status":"open","ping_status":"open","sticky":false,"template":"","format":"standard","meta":{"footnotes":""},"categories":[1],"tags":[113],"class_list":["post-2787","post","type-post","status-publish","format-standard","has-post-thumbnail","hentry","category-news","tag-stary-staw"],"_links":{"self":[{"href":"https:\/\/ostrowskatv.pl\/index.php?rest_route=\/wp\/v2\/posts\/2787","targetHints":{"allow":["GET"]}}],"collection":[{"href":"https:\/\/ostrowskatv.pl\/index.php?rest_route=\/wp\/v2\/posts"}],"about":[{"href":"https:\/\/ostrowskatv.pl\/index.php?rest_route=\/wp\/v2\/types\/post"}],"author":[{"embeddable":true,"href":"https:\/\/ostrowskatv.pl\/index.php?rest_route=\/wp\/v2\/users\/1"}],"replies":[{"embeddable":true,"href":"https:\/\/ostrowskatv.pl\/index.php?rest_route=%2Fwp%2Fv2%2Fcomments&post=2787"}],"version-history":[{"count":0,"href":"https:\/\/ostrowskatv.pl\/index.php?rest_route=\/wp\/v2\/posts\/2787\/revisions"}],"wp:featuredmedia":[{"embeddable":true,"href":"https:\/\/ostrowskatv.pl\/index.php?rest_route=\/wp\/v2\/media\/2790"}],"wp:attachment":[{"href":"https:\/\/ostrowskatv.pl\/index.php?rest_route=%2Fwp%2Fv2%2Fmedia&parent=2787"}],"wp:term":[{"taxonomy":"category","embeddable":true,"href":"https:\/\/ostrowskatv.pl\/index.php?rest_route=%2Fwp%2Fv2%2Fcategories&post=2787"},{"taxonomy":"post_tag","embeddable":true,"href":"https:\/\/ostrowskatv.pl\/index.php?rest_route=%2Fwp%2Fv2%2Ftags&post=2787"}],"curies":[{"name":"wp","href":"https:\/\/api.w.org\/{rel}","templated":true}]}}