{"id":27821,"date":"2024-01-02T15:59:03","date_gmt":"2024-01-02T14:59:03","guid":{"rendered":"https:\/\/ostrowskatv.pl\/?p=27821"},"modified":"2024-01-02T15:59:03","modified_gmt":"2024-01-02T14:59:03","slug":"plonie-skladowisko-odpadow","status":"publish","type":"post","link":"https:\/\/ostrowskatv.pl\/?p=27821","title":{"rendered":"P\u0142onie sk\u0142adowisko odpad\u00f3w"},"content":{"rendered":"<p><strong>Przed godzin\u0105 14 na sk\u0142adowisku odpad\u00f3w w Ostrowie Wielkopolskim zauwa\u017cono dym wydobywaj\u0105cy si\u0119 z ha\u0142dy. Na miejsce wys\u0142ano 6 zast\u0119p\u00f3w. <\/strong><\/p>\n<p>Okaza\u0142a si\u0119, \u017ce w trzech miejscach zacz\u0119\u0142y tli\u0107 si\u0119 odpady. Akcja potrwa do godzin wieczornych.<\/p>\n<p><img loading=\"lazy\" decoding=\"async\" src=\"https:\/\/ostrowskatv.pl\/wp-content\/uploads\/2024\/01\/1000066431-01.jpeg\" alt=\"\" width=\"1366\" height=\"769\" class=\"alignnone size-full wp-image-27822\" srcset=\"https:\/\/ostrowskatv.pl\/wp-content\/uploads\/2024\/01\/1000066431-01.jpeg 1366w, https:\/\/ostrowskatv.pl\/wp-content\/uploads\/2024\/01\/1000066431-01-300x169.jpeg 300w, https:\/\/ostrowskatv.pl\/wp-content\/uploads\/2024\/01\/1000066431-01-1333x750.jpeg 1333w\" sizes=\"auto, (max-width: 1366px) 100vw, 1366px\" \/><\/p>\n<p><img loading=\"lazy\" decoding=\"async\" src=\"https:\/\/ostrowskatv.pl\/wp-content\/uploads\/2024\/01\/1000066434-01.jpeg\" alt=\"\" width=\"1366\" height=\"769\" class=\"alignnone size-full wp-image-27823\" srcset=\"https:\/\/ostrowskatv.pl\/wp-content\/uploads\/2024\/01\/1000066434-01.jpeg 1366w, https:\/\/ostrowskatv.pl\/wp-content\/uploads\/2024\/01\/1000066434-01-300x169.jpeg 300w, https:\/\/ostrowskatv.pl\/wp-content\/uploads\/2024\/01\/1000066434-01-1333x750.jpeg 1333w\" sizes=\"auto, (max-width: 1366px) 100vw, 1366px\" \/><\/p>\n<p><img loading=\"lazy\" decoding=\"async\" src=\"https:\/\/ostrowskatv.pl\/wp-content\/uploads\/2024\/01\/1000066435-01.jpeg\" alt=\"\" width=\"1366\" height=\"769\" class=\"alignnone size-full wp-image-27824\" srcset=\"https:\/\/ostrowskatv.pl\/wp-content\/uploads\/2024\/01\/1000066435-01.jpeg 1366w, https:\/\/ostrowskatv.pl\/wp-content\/uploads\/2024\/01\/1000066435-01-300x169.jpeg 300w, https:\/\/ostrowskatv.pl\/wp-content\/uploads\/2024\/01\/1000066435-01-1333x750.jpeg 1333w\" sizes=\"auto, (max-width: 1366px) 100vw, 1366px\" \/><\/p>\n<p><img loading=\"lazy\" decoding=\"async\" src=\"https:\/\/ostrowskatv.pl\/wp-content\/uploads\/2024\/01\/1000066438-01.jpeg\" alt=\"\" width=\"1366\" height=\"769\" class=\"alignnone size-full wp-image-27825\" srcset=\"https:\/\/ostrowskatv.pl\/wp-content\/uploads\/2024\/01\/1000066438-01.jpeg 1366w, https:\/\/ostrowskatv.pl\/wp-content\/uploads\/2024\/01\/1000066438-01-300x169.jpeg 300w, https:\/\/ostrowskatv.pl\/wp-content\/uploads\/2024\/01\/1000066438-01-1333x750.jpeg 1333w\" sizes=\"auto, (max-width: 1366px) 100vw, 1366px\" \/><\/p>\n<p><img loading=\"lazy\" decoding=\"async\" src=\"https:\/\/ostrowskatv.pl\/wp-content\/uploads\/2024\/01\/1000066439-01.jpeg\" alt=\"\" width=\"1366\" height=\"715\" class=\"alignnone size-full wp-image-27826\" srcset=\"https:\/\/ostrowskatv.pl\/wp-content\/uploads\/2024\/01\/1000066439-01.jpeg 1366w, https:\/\/ostrowskatv.pl\/wp-content\/uploads\/2024\/01\/1000066439-01-300x157.jpeg 300w, https:\/\/ostrowskatv.pl\/wp-content\/uploads\/2024\/01\/1000066439-01-1333x698.jpeg 1333w\" sizes=\"auto, (max-width: 1366px) 100vw, 1366px\" \/><\/p>\n","protected":false},"excerpt":{"rendered":"Przed godzin\u0105 14 na sk\u0142adowisku odpad\u00f3w w Ostrowie Wielkopolskim zauwa\u017cono dym wydobywaj\u0105cy si\u0119 z ha\u0142dy. Na miejsce wys\u0142ano 6 zast\u0119p\u00f3w. Okaza\u0142a si\u0119, \u017ce \n<a class=\"moretag\" href=\"https:\/\/ostrowskatv.pl\/?p=27821\"> [...]<\/a>","protected":false},"author":1,"featured_media":27825,"comment_status":"open","ping_status":"closed","sticky":false,"template":"","format":"standard","meta":{"footnotes":""},"categories":[1],"tags":[2],"class_list":["post-27821","post","type-post","status-publish","format-standard","has-post-thumbnail","hentry","category-news","tag-ostrow-wielkopolski"],"_links":{"self":[{"href":"https:\/\/ostrowskatv.pl\/index.php?rest_route=\/wp\/v2\/posts\/27821","targetHints":{"allow":["GET"]}}],"collection":[{"href":"https:\/\/ostrowskatv.pl\/index.php?rest_route=\/wp\/v2\/posts"}],"about":[{"href":"https:\/\/ostrowskatv.pl\/index.php?rest_route=\/wp\/v2\/types\/post"}],"author":[{"embeddable":true,"href":"https:\/\/ostrowskatv.pl\/index.php?rest_route=\/wp\/v2\/users\/1"}],"replies":[{"embeddable":true,"href":"https:\/\/ostrowskatv.pl\/index.php?rest_route=%2Fwp%2Fv2%2Fcomments&post=27821"}],"version-history":[{"count":0,"href":"https:\/\/ostrowskatv.pl\/index.php?rest_route=\/wp\/v2\/posts\/27821\/revisions"}],"wp:featuredmedia":[{"embeddable":true,"href":"https:\/\/ostrowskatv.pl\/index.php?rest_route=\/wp\/v2\/media\/27825"}],"wp:attachment":[{"href":"https:\/\/ostrowskatv.pl\/index.php?rest_route=%2Fwp%2Fv2%2Fmedia&parent=27821"}],"wp:term":[{"taxonomy":"category","embeddable":true,"href":"https:\/\/ostrowskatv.pl\/index.php?rest_route=%2Fwp%2Fv2%2Fcategories&post=27821"},{"taxonomy":"post_tag","embeddable":true,"href":"https:\/\/ostrowskatv.pl\/index.php?rest_route=%2Fwp%2Fv2%2Ftags&post=27821"}],"curies":[{"name":"wp","href":"https:\/\/api.w.org\/{rel}","templated":true}]}}