{"id":2782,"date":"2016-12-28T18:55:35","date_gmt":"2016-12-28T17:55:35","guid":{"rendered":"http:\/\/ostrowska.tv\/?p=2782"},"modified":"2016-12-28T18:55:35","modified_gmt":"2016-12-28T17:55:35","slug":"sygnalizator-runal-na-chodnik","status":"publish","type":"post","link":"https:\/\/ostrowskatv.pl\/?p=2782","title":{"rendered":"Sygnalizator run\u0105\u0142 na chodnik"},"content":{"rendered":"<p><strong>Przechodz\u0105cy nad Polsk\u0105 Orkan Barbara nie przysporzy\u0142 zbyt wiele pracy ostrowskim s\u0142u\u017cbom z terenu powiatu ostrowskiego. Poza 6 wyjazdami, g\u0142\u00f3wnie do powalonych konar\u00f3w\/drzew, by\u0142o te\u017c jedno zdarzenie w centrum Ostrowa Wlkp. Wiatr przewr\u00f3ci\u0142 sygnalizator \u015bwietlny przy skrzy\u017cowaniu ulic Wojska Polskiego\/Led\u00f3chowskiego. Szcz\u0119\u015bliwie nikt obok nie przechodzi\u0142.<\/strong><\/p>\n<p>Okazuje si\u0119, \u017ce sygnalizatory \u015bwietlne przy g\u0142\u00f3wnych skrzy\u017cowaniach wymagaj\u0105 natychmiastowego przegl\u0105du, poniewa\u017c stanowi\u0105 bezpo\u015brednie zagro\u017cenie dla zdrowia i \u017cycia mieszka\u0144c\u00f3w. To dziwne, \u017ce nikt wcze\u015bniej nie zainteresowa\u0142 si\u0119 skorodowan\u0105 podstaw\u0105 jednego z sygnalizator\u00f3w. Zapewne inne te\u017c b\u0119d\u0105 w podobnym stanie, bo skoro tym w centrum miasta nikt si\u0119 nie zainteresowa\u0142, to innymi tym bardziej. Ostrowska policja zabezpieczy\u0142a teren do czasu przyjazdu pracownika s\u0142u\u017cby drogowej.<\/p>\n<div id='gallery-1' class='gallery galleryid-2782 gallery-columns-3 gallery-size-thumbnail'><figure class='gallery-item'>\n\t\t\t<div class='gallery-icon landscape'>\n\t\t\t\t<a href='https:\/\/ostrowskatv.pl\/?attachment_id=2783'><img loading=\"lazy\" decoding=\"async\" width=\"150\" height=\"150\" src=\"https:\/\/ostrowskatv.pl\/wp-content\/uploads\/2016\/12\/20161227_101507-150x150.jpg\" class=\"attachment-thumbnail size-thumbnail\" alt=\"\" \/><\/a>\n\t\t\t<\/div><\/figure><figure class='gallery-item'>\n\t\t\t<div class='gallery-icon landscape'>\n\t\t\t\t<a href='https:\/\/ostrowskatv.pl\/?attachment_id=2784'><img loading=\"lazy\" decoding=\"async\" width=\"150\" height=\"150\" src=\"https:\/\/ostrowskatv.pl\/wp-content\/uploads\/2016\/12\/20161227_101500-150x150.jpg\" class=\"attachment-thumbnail size-thumbnail\" alt=\"\" \/><\/a>\n\t\t\t<\/div><\/figure><figure class='gallery-item'>\n\t\t\t<div class='gallery-icon portrait'>\n\t\t\t\t<a href='https:\/\/ostrowskatv.pl\/?attachment_id=2785'><img loading=\"lazy\" decoding=\"async\" width=\"150\" height=\"150\" src=\"https:\/\/ostrowskatv.pl\/wp-content\/uploads\/2016\/12\/20161227_101453-150x150.jpg\" class=\"attachment-thumbnail size-thumbnail\" alt=\"\" \/><\/a>\n\t\t\t<\/div><\/figure>\n\t\t<\/div>\n\n","protected":false},"excerpt":{"rendered":"Przechodz\u0105cy nad Polsk\u0105 Orkan Barbara nie przysporzy\u0142 zbyt wiele pracy ostrowskim s\u0142u\u017cbom z terenu powiatu ostrowskiego. Poza 6 wyjazdami, g\u0142\u00f3wnie do powalonych konar\u00f3w\/drzew, \n<a class=\"moretag\" href=\"https:\/\/ostrowskatv.pl\/?p=2782\"> [...]<\/a>","protected":false},"author":1,"featured_media":2784,"comment_status":"open","ping_status":"open","sticky":false,"template":"","format":"standard","meta":{"footnotes":""},"categories":[1],"tags":[2],"class_list":["post-2782","post","type-post","status-publish","format-standard","has-post-thumbnail","hentry","category-news","tag-ostrow-wielkopolski"],"_links":{"self":[{"href":"https:\/\/ostrowskatv.pl\/index.php?rest_route=\/wp\/v2\/posts\/2782","targetHints":{"allow":["GET"]}}],"collection":[{"href":"https:\/\/ostrowskatv.pl\/index.php?rest_route=\/wp\/v2\/posts"}],"about":[{"href":"https:\/\/ostrowskatv.pl\/index.php?rest_route=\/wp\/v2\/types\/post"}],"author":[{"embeddable":true,"href":"https:\/\/ostrowskatv.pl\/index.php?rest_route=\/wp\/v2\/users\/1"}],"replies":[{"embeddable":true,"href":"https:\/\/ostrowskatv.pl\/index.php?rest_route=%2Fwp%2Fv2%2Fcomments&post=2782"}],"version-history":[{"count":0,"href":"https:\/\/ostrowskatv.pl\/index.php?rest_route=\/wp\/v2\/posts\/2782\/revisions"}],"wp:featuredmedia":[{"embeddable":true,"href":"https:\/\/ostrowskatv.pl\/index.php?rest_route=\/wp\/v2\/media\/2784"}],"wp:attachment":[{"href":"https:\/\/ostrowskatv.pl\/index.php?rest_route=%2Fwp%2Fv2%2Fmedia&parent=2782"}],"wp:term":[{"taxonomy":"category","embeddable":true,"href":"https:\/\/ostrowskatv.pl\/index.php?rest_route=%2Fwp%2Fv2%2Fcategories&post=2782"},{"taxonomy":"post_tag","embeddable":true,"href":"https:\/\/ostrowskatv.pl\/index.php?rest_route=%2Fwp%2Fv2%2Ftags&post=2782"}],"curies":[{"name":"wp","href":"https:\/\/api.w.org\/{rel}","templated":true}]}}