{"id":27816,"date":"2024-01-02T14:09:08","date_gmt":"2024-01-02T13:09:08","guid":{"rendered":"https:\/\/ostrowskatv.pl\/?p=27816"},"modified":"2024-01-02T14:09:08","modified_gmt":"2024-01-02T13:09:08","slug":"podduszali-dziecko-rzucali-nim-bili-po-glowie","status":"publish","type":"post","link":"https:\/\/ostrowskatv.pl\/?p=27816","title":{"rendered":"Podduszali dziecko, rzucali nim, bili po g\u0142owie!"},"content":{"rendered":"<p><strong>Prokurator postawi\u0142 zarzuty obojgu rodzicom za zn\u0119canie si\u0119 fizyczne i psychiczne nad 2-miesi\u0119czn\u0105 Laur\u0105, mieszkank\u0105 podk\u0119pi\u0144skiej wsi. Matka w wieku 19 lat, ojciec 30 mieli robi\u0107 straszne rzeczy swojemu dziecku.<\/strong><\/p>\n<p>Oboje us\u0142yszeli zarzuty, \u017ce pomi\u0119dzy 27 pa\u017adziernika a 30 grudnia 2023 r. dzia\u0142aj\u0105c wsp\u00f3lnie i w porozumieniu zn\u0119cali si\u0119 psychicznie i fizycznie nad nieporadn\u0105 ze wzgl\u0119du na sw\u00f3j wiek 2-miesi\u0119czn\u0105 c\u00f3reczk\u0105 Laur\u0105. <\/p>\n<p>Kiedy dziecko p\u0142aka\u0142o, wielokrotnie uderzali je po g\u0142owie, u\u017cywali krzyku, potrz\u0105sali, rzucali i podduszali. 2-miesi\u0119czne dziecko dozna\u0142o obra\u017ce\u0144 cia\u0142a, kt\u00f3re realnie zagra\u017caj\u0105 jej \u017cyciu. Cz\u0119\u015bciowo przyznali si\u0119 do zarzucanych im czyn\u00f3w, t\u0142umacz\u0105c si\u0119, \u017ce ich zachowanie by\u0142o spowodowane p\u0142aczem dziecka. <\/p>\n<p>Grozi im od 3 do 20 lat pozbawienia wolno\u015bci.<\/p>\n<p><img loading=\"lazy\" decoding=\"async\" src=\"https:\/\/ostrowskatv.pl\/wp-content\/uploads\/2024\/01\/1000066426-01.jpeg\" alt=\"\" width=\"1365\" height=\"694\" class=\"alignnone size-full wp-image-27819\" srcset=\"https:\/\/ostrowskatv.pl\/wp-content\/uploads\/2024\/01\/1000066426-01.jpeg 1365w, https:\/\/ostrowskatv.pl\/wp-content\/uploads\/2024\/01\/1000066426-01-300x153.jpeg 300w, https:\/\/ostrowskatv.pl\/wp-content\/uploads\/2024\/01\/1000066426-01-1333x678.jpeg 1333w\" sizes=\"auto, (max-width: 1365px) 100vw, 1365px\" \/><\/p>\n<p><img loading=\"lazy\" decoding=\"async\" src=\"https:\/\/ostrowskatv.pl\/wp-content\/uploads\/2024\/01\/1000066424-01.jpeg\" alt=\"\" width=\"1366\" height=\"697\" class=\"alignnone size-full wp-image-27818\" srcset=\"https:\/\/ostrowskatv.pl\/wp-content\/uploads\/2024\/01\/1000066424-01.jpeg 1366w, https:\/\/ostrowskatv.pl\/wp-content\/uploads\/2024\/01\/1000066424-01-300x153.jpeg 300w, https:\/\/ostrowskatv.pl\/wp-content\/uploads\/2024\/01\/1000066424-01-1333x680.jpeg 1333w\" sizes=\"auto, (max-width: 1366px) 100vw, 1366px\" \/><\/p>\n","protected":false},"excerpt":{"rendered":"Prokurator postawi\u0142 zarzuty obojgu rodzicom za zn\u0119canie si\u0119 fizyczne i psychiczne nad 2-miesi\u0119czn\u0105 Laur\u0105, mieszkank\u0105 podk\u0119pi\u0144skiej wsi. Matka w wieku 19 lat, ojciec \n<a class=\"moretag\" href=\"https:\/\/ostrowskatv.pl\/?p=27816\"> [...]<\/a>","protected":false},"author":1,"featured_media":27819,"comment_status":"open","ping_status":"closed","sticky":false,"template":"","format":"standard","meta":{"footnotes":""},"categories":[1],"tags":[270],"class_list":["post-27816","post","type-post","status-publish","format-standard","has-post-thumbnail","hentry","category-news","tag-dzieci"],"_links":{"self":[{"href":"https:\/\/ostrowskatv.pl\/index.php?rest_route=\/wp\/v2\/posts\/27816","targetHints":{"allow":["GET"]}}],"collection":[{"href":"https:\/\/ostrowskatv.pl\/index.php?rest_route=\/wp\/v2\/posts"}],"about":[{"href":"https:\/\/ostrowskatv.pl\/index.php?rest_route=\/wp\/v2\/types\/post"}],"author":[{"embeddable":true,"href":"https:\/\/ostrowskatv.pl\/index.php?rest_route=\/wp\/v2\/users\/1"}],"replies":[{"embeddable":true,"href":"https:\/\/ostrowskatv.pl\/index.php?rest_route=%2Fwp%2Fv2%2Fcomments&post=27816"}],"version-history":[{"count":0,"href":"https:\/\/ostrowskatv.pl\/index.php?rest_route=\/wp\/v2\/posts\/27816\/revisions"}],"wp:featuredmedia":[{"embeddable":true,"href":"https:\/\/ostrowskatv.pl\/index.php?rest_route=\/wp\/v2\/media\/27819"}],"wp:attachment":[{"href":"https:\/\/ostrowskatv.pl\/index.php?rest_route=%2Fwp%2Fv2%2Fmedia&parent=27816"}],"wp:term":[{"taxonomy":"category","embeddable":true,"href":"https:\/\/ostrowskatv.pl\/index.php?rest_route=%2Fwp%2Fv2%2Fcategories&post=27816"},{"taxonomy":"post_tag","embeddable":true,"href":"https:\/\/ostrowskatv.pl\/index.php?rest_route=%2Fwp%2Fv2%2Ftags&post=27816"}],"curies":[{"name":"wp","href":"https:\/\/api.w.org\/{rel}","templated":true}]}}