{"id":2778,"date":"2016-12-27T14:52:12","date_gmt":"2016-12-27T13:52:12","guid":{"rendered":"http:\/\/ostrowska.tv\/?p=2778"},"modified":"2016-12-27T14:52:49","modified_gmt":"2016-12-27T13:52:49","slug":"znamy-final-porwania-dziecka-w-wigilijny-wieczor","status":"publish","type":"post","link":"https:\/\/ostrowskatv.pl\/?p=2778","title":{"rendered":"Znamy fina\u0142 porwania dziecka w wigilijny wiecz\u00f3r"},"content":{"rendered":"<p><strong>Dopiero dzi\u015b 27 grudnia rzecznik ostrowskiej policji by\u0142a w stanie odpowiedzie\u0107 o tym jak zako\u0144czy\u0142a si\u0119 akcja ostrowskich policjant\u00f3w w sprawie porwania kilkumiesi\u0119cznego dziecka w wigilijn\u0105 noc. O sprawie pisali\u015bmy tutaj: <a href=\"http:\/\/ostrowska.tv\/?p=2739\">http:\/\/ostrowska.tv\/?p=2739<\/a><br \/>\n<\/strong><\/p>\n<p>&#8222;24 grudnia oko\u0142o godziny 21:00 policjanci ostrowskiej komendy zostali telefonicznie powiadomieni o nieporozumieniach dotycz\u0105cych dziecka.<br \/>\nZg\u0142aszaj\u0105ca t\u0142umaczy\u0142a, \u017ce konkubent zabra\u0142 jej 8 miesi\u0119czn\u0105 c\u00f3rk\u0119. Policjanci ustalili miejsce przebywania dziecka. Po wyja\u015bnieniach i<br \/>\nporozumieniu mi\u0119dzy zg\u0142aszaj\u0105c\u0105 a m\u0119\u017cczyzn\u0105, dziecko zosta\u0142o przekazane matce.&#8221; &#8211; poinformowa\u0142a Ma\u0142gorzata \u0141usiak, rzecznik ostrowskiej policji.<\/p>\n","protected":false},"excerpt":{"rendered":"Dopiero dzi\u015b 27 grudnia rzecznik ostrowskiej policji by\u0142a w stanie odpowiedzie\u0107 o tym jak zako\u0144czy\u0142a si\u0119 akcja ostrowskich policjant\u00f3w w sprawie porwania kilkumiesi\u0119cznego \n<a class=\"moretag\" href=\"https:\/\/ostrowskatv.pl\/?p=2778\"> [...]<\/a>","protected":false},"author":1,"featured_media":2740,"comment_status":"open","ping_status":"open","sticky":false,"template":"","format":"standard","meta":{"footnotes":""},"categories":[1],"tags":[2,111],"class_list":["post-2778","post","type-post","status-publish","format-standard","has-post-thumbnail","hentry","category-news","tag-ostrow-wielkopolski","tag-pleszew"],"_links":{"self":[{"href":"https:\/\/ostrowskatv.pl\/index.php?rest_route=\/wp\/v2\/posts\/2778","targetHints":{"allow":["GET"]}}],"collection":[{"href":"https:\/\/ostrowskatv.pl\/index.php?rest_route=\/wp\/v2\/posts"}],"about":[{"href":"https:\/\/ostrowskatv.pl\/index.php?rest_route=\/wp\/v2\/types\/post"}],"author":[{"embeddable":true,"href":"https:\/\/ostrowskatv.pl\/index.php?rest_route=\/wp\/v2\/users\/1"}],"replies":[{"embeddable":true,"href":"https:\/\/ostrowskatv.pl\/index.php?rest_route=%2Fwp%2Fv2%2Fcomments&post=2778"}],"version-history":[{"count":0,"href":"https:\/\/ostrowskatv.pl\/index.php?rest_route=\/wp\/v2\/posts\/2778\/revisions"}],"wp:featuredmedia":[{"embeddable":true,"href":"https:\/\/ostrowskatv.pl\/index.php?rest_route=\/wp\/v2\/media\/2740"}],"wp:attachment":[{"href":"https:\/\/ostrowskatv.pl\/index.php?rest_route=%2Fwp%2Fv2%2Fmedia&parent=2778"}],"wp:term":[{"taxonomy":"category","embeddable":true,"href":"https:\/\/ostrowskatv.pl\/index.php?rest_route=%2Fwp%2Fv2%2Fcategories&post=2778"},{"taxonomy":"post_tag","embeddable":true,"href":"https:\/\/ostrowskatv.pl\/index.php?rest_route=%2Fwp%2Fv2%2Ftags&post=2778"}],"curies":[{"name":"wp","href":"https:\/\/api.w.org\/{rel}","templated":true}]}}