{"id":27705,"date":"2023-12-24T14:03:38","date_gmt":"2023-12-24T13:03:38","guid":{"rendered":"https:\/\/ostrowskatv.pl\/?p=27705"},"modified":"2023-12-24T14:03:38","modified_gmt":"2023-12-24T13:03:38","slug":"kilka-radiowozow-i-karetka-na-poznanskiej-powod-niechciany-prezent-pod-choinke","status":"publish","type":"post","link":"https:\/\/ostrowskatv.pl\/?p=27705","title":{"rendered":"Kilka radiowoz\u00f3w i karetka na Pozna\u0144skiej. Pow\u00f3d? Niechciany prezent pod choink\u0119"},"content":{"rendered":"<p><strong>O niechcianym prezencie pod choink\u0119 mog\u0105 m\u00f3wi\u0107 policjanci, w kt\u00f3rych wjecha\u0142 oko\u0142o 50-letni kierowca mercedesa. <\/strong><\/p>\n<p>Do zdarzenia dosz\u0142o punktualnie o pechowej godzinie 13. Kierowca mercedesa wje\u017cd\u017caj\u0105c na rondo u zbiegu ulic Pozna\u0144skiej i Radlowskiej nie zauwa\u017cy\u0142 radiowozu i uderzy\u0142 w jego naro\u017cnik.<\/p>\n<p>Na miejsce wys\u0142ano drugi radiow\u00f3z z policjantami z ruchu drogowego oraz dojecha\u0142 tzw. nadzoruj\u0105cy. Po chwili jeden z m\u0142odych funkcjonariuszy poprosi\u0142 o przyjazd karetki. W radiowozie zbity by\u0142 tylko reflektor i delikatnie uszkodzony zderzak.<\/p>\n<p>Kierowca mercedesa przyzna\u0142, \u017ce chwil\u0119 wcze\u015bniej czyta\u0142 artyku\u0142 o potr\u0105ceniu na Paderewskiego na \u0142amach ostrow24. Na roztargnienie mia\u0142 mie\u0107 jednak wp\u0142yw przed\u015bwi\u0105teczny po\u015bpiech.<\/p>\n<p><img loading=\"lazy\" decoding=\"async\" class=\"alignnone size-full wp-image-27706\" src=\"https:\/\/ostrowskatv.pl\/wp-content\/uploads\/2023\/12\/1000064915-01.jpeg\" alt=\"\" width=\"1366\" height=\"769\" srcset=\"https:\/\/ostrowskatv.pl\/wp-content\/uploads\/2023\/12\/1000064915-01.jpeg 1366w, https:\/\/ostrowskatv.pl\/wp-content\/uploads\/2023\/12\/1000064915-01-300x169.jpeg 300w, https:\/\/ostrowskatv.pl\/wp-content\/uploads\/2023\/12\/1000064915-01-1333x750.jpeg 1333w\" sizes=\"auto, (max-width: 1366px) 100vw, 1366px\" \/><\/p>\n<p><img loading=\"lazy\" decoding=\"async\" class=\"alignnone size-full wp-image-27707\" src=\"https:\/\/ostrowskatv.pl\/wp-content\/uploads\/2023\/12\/1000064913-01.jpeg\" alt=\"\" width=\"1366\" height=\"769\" srcset=\"https:\/\/ostrowskatv.pl\/wp-content\/uploads\/2023\/12\/1000064913-01.jpeg 1366w, https:\/\/ostrowskatv.pl\/wp-content\/uploads\/2023\/12\/1000064913-01-300x169.jpeg 300w, https:\/\/ostrowskatv.pl\/wp-content\/uploads\/2023\/12\/1000064913-01-1333x750.jpeg 1333w\" sizes=\"auto, (max-width: 1366px) 100vw, 1366px\" \/><\/p>\n<p><img loading=\"lazy\" decoding=\"async\" class=\"alignnone size-full wp-image-27708\" src=\"https:\/\/ostrowskatv.pl\/wp-content\/uploads\/2023\/12\/1000064912-01.jpeg\" alt=\"\" width=\"1366\" height=\"785\" srcset=\"https:\/\/ostrowskatv.pl\/wp-content\/uploads\/2023\/12\/1000064912-01.jpeg 1366w, https:\/\/ostrowskatv.pl\/wp-content\/uploads\/2023\/12\/1000064912-01-300x172.jpeg 300w, https:\/\/ostrowskatv.pl\/wp-content\/uploads\/2023\/12\/1000064912-01-1333x766.jpeg 1333w\" sizes=\"auto, (max-width: 1366px) 100vw, 1366px\" \/><\/p>\n<p><img loading=\"lazy\" decoding=\"async\" class=\"alignnone size-full wp-image-27709\" src=\"https:\/\/ostrowskatv.pl\/wp-content\/uploads\/2023\/12\/1000064910-01.jpeg\" alt=\"\" width=\"1366\" height=\"800\" srcset=\"https:\/\/ostrowskatv.pl\/wp-content\/uploads\/2023\/12\/1000064910-01.jpeg 1366w, https:\/\/ostrowskatv.pl\/wp-content\/uploads\/2023\/12\/1000064910-01-300x176.jpeg 300w, https:\/\/ostrowskatv.pl\/wp-content\/uploads\/2023\/12\/1000064910-01-1333x781.jpeg 1333w, https:\/\/ostrowskatv.pl\/wp-content\/uploads\/2023\/12\/1000064910-01-752x440.jpeg 752w\" sizes=\"auto, (max-width: 1366px) 100vw, 1366px\" \/><\/p>\n<p><img loading=\"lazy\" decoding=\"async\" class=\"alignnone size-full wp-image-27710\" src=\"https:\/\/ostrowskatv.pl\/wp-content\/uploads\/2023\/12\/1000064886-01.jpeg\" alt=\"\" width=\"1366\" height=\"769\" srcset=\"https:\/\/ostrowskatv.pl\/wp-content\/uploads\/2023\/12\/1000064886-01.jpeg 1366w, https:\/\/ostrowskatv.pl\/wp-content\/uploads\/2023\/12\/1000064886-01-300x169.jpeg 300w, https:\/\/ostrowskatv.pl\/wp-content\/uploads\/2023\/12\/1000064886-01-1333x750.jpeg 1333w\" sizes=\"auto, (max-width: 1366px) 100vw, 1366px\" \/><\/p>\n<p><img loading=\"lazy\" decoding=\"async\" class=\"alignnone size-full wp-image-27711\" src=\"https:\/\/ostrowskatv.pl\/wp-content\/uploads\/2023\/12\/1000064879-01.jpeg\" alt=\"\" width=\"1366\" height=\"769\" srcset=\"https:\/\/ostrowskatv.pl\/wp-content\/uploads\/2023\/12\/1000064879-01.jpeg 1366w, https:\/\/ostrowskatv.pl\/wp-content\/uploads\/2023\/12\/1000064879-01-300x169.jpeg 300w, https:\/\/ostrowskatv.pl\/wp-content\/uploads\/2023\/12\/1000064879-01-1333x750.jpeg 1333w\" sizes=\"auto, (max-width: 1366px) 100vw, 1366px\" \/><\/p>\n<p><img loading=\"lazy\" decoding=\"async\" class=\"alignnone size-full wp-image-27712\" src=\"https:\/\/ostrowskatv.pl\/wp-content\/uploads\/2023\/12\/1000064878-01.jpeg\" alt=\"\" width=\"1366\" height=\"769\" srcset=\"https:\/\/ostrowskatv.pl\/wp-content\/uploads\/2023\/12\/1000064878-01.jpeg 1366w, https:\/\/ostrowskatv.pl\/wp-content\/uploads\/2023\/12\/1000064878-01-300x169.jpeg 300w, https:\/\/ostrowskatv.pl\/wp-content\/uploads\/2023\/12\/1000064878-01-1333x750.jpeg 1333w\" sizes=\"auto, (max-width: 1366px) 100vw, 1366px\" \/><\/p>\n<p><img loading=\"lazy\" decoding=\"async\" class=\"alignnone size-full wp-image-27713\" src=\"https:\/\/ostrowskatv.pl\/wp-content\/uploads\/2023\/12\/1000064877-01.jpeg\" alt=\"\" width=\"1366\" height=\"769\" srcset=\"https:\/\/ostrowskatv.pl\/wp-content\/uploads\/2023\/12\/1000064877-01.jpeg 1366w, https:\/\/ostrowskatv.pl\/wp-content\/uploads\/2023\/12\/1000064877-01-300x169.jpeg 300w, https:\/\/ostrowskatv.pl\/wp-content\/uploads\/2023\/12\/1000064877-01-1333x750.jpeg 1333w\" sizes=\"auto, (max-width: 1366px) 100vw, 1366px\" \/><\/p>\n<p><img loading=\"lazy\" decoding=\"async\" class=\"alignnone size-full wp-image-27714\" src=\"https:\/\/ostrowskatv.pl\/wp-content\/uploads\/2023\/12\/1000064876-01.jpeg\" alt=\"\" width=\"1366\" height=\"769\" srcset=\"https:\/\/ostrowskatv.pl\/wp-content\/uploads\/2023\/12\/1000064876-01.jpeg 1366w, https:\/\/ostrowskatv.pl\/wp-content\/uploads\/2023\/12\/1000064876-01-300x169.jpeg 300w, https:\/\/ostrowskatv.pl\/wp-content\/uploads\/2023\/12\/1000064876-01-1333x750.jpeg 1333w\" sizes=\"auto, (max-width: 1366px) 100vw, 1366px\" \/><\/p>\n<p><img loading=\"lazy\" decoding=\"async\" class=\"alignnone size-full wp-image-27715\" src=\"https:\/\/ostrowskatv.pl\/wp-content\/uploads\/2023\/12\/1000064875-01.jpeg\" alt=\"\" width=\"1366\" height=\"781\" srcset=\"https:\/\/ostrowskatv.pl\/wp-content\/uploads\/2023\/12\/1000064875-01.jpeg 1366w, https:\/\/ostrowskatv.pl\/wp-content\/uploads\/2023\/12\/1000064875-01-300x172.jpeg 300w, https:\/\/ostrowskatv.pl\/wp-content\/uploads\/2023\/12\/1000064875-01-1333x762.jpeg 1333w\" sizes=\"auto, (max-width: 1366px) 100vw, 1366px\" \/><\/p>\n<p><img loading=\"lazy\" decoding=\"async\" class=\"alignnone size-full wp-image-27716\" src=\"https:\/\/ostrowskatv.pl\/wp-content\/uploads\/2023\/12\/1000064874-01.jpeg\" alt=\"\" width=\"1366\" height=\"707\" srcset=\"https:\/\/ostrowskatv.pl\/wp-content\/uploads\/2023\/12\/1000064874-01.jpeg 1366w, https:\/\/ostrowskatv.pl\/wp-content\/uploads\/2023\/12\/1000064874-01-300x155.jpeg 300w, https:\/\/ostrowskatv.pl\/wp-content\/uploads\/2023\/12\/1000064874-01-1333x690.jpeg 1333w\" sizes=\"auto, (max-width: 1366px) 100vw, 1366px\" \/><\/p>\n<p><img loading=\"lazy\" decoding=\"async\" class=\"alignnone size-full wp-image-27717\" src=\"https:\/\/ostrowskatv.pl\/wp-content\/uploads\/2023\/12\/1000064893-02.jpeg\" alt=\"\" width=\"1366\" height=\"769\" srcset=\"https:\/\/ostrowskatv.pl\/wp-content\/uploads\/2023\/12\/1000064893-02.jpeg 1366w, https:\/\/ostrowskatv.pl\/wp-content\/uploads\/2023\/12\/1000064893-02-300x169.jpeg 300w, https:\/\/ostrowskatv.pl\/wp-content\/uploads\/2023\/12\/1000064893-02-1333x750.jpeg 1333w\" sizes=\"auto, (max-width: 1366px) 100vw, 1366px\" \/><\/p>\n","protected":false},"excerpt":{"rendered":"O niechcianym prezencie pod choink\u0119 mog\u0105 m\u00f3wi\u0107 policjanci, w kt\u00f3rych wjecha\u0142 oko\u0142o 50-letni kierowca mercedesa. Do zdarzenia dosz\u0142o punktualnie o pechowej godzinie 13. \n<a class=\"moretag\" href=\"https:\/\/ostrowskatv.pl\/?p=27705\"> [...]<\/a>","protected":false},"author":1,"featured_media":27709,"comment_status":"open","ping_status":"closed","sticky":false,"template":"","format":"standard","meta":{"footnotes":""},"categories":[1],"tags":[],"class_list":["post-27705","post","type-post","status-publish","format-standard","has-post-thumbnail","hentry","category-news"],"_links":{"self":[{"href":"https:\/\/ostrowskatv.pl\/index.php?rest_route=\/wp\/v2\/posts\/27705","targetHints":{"allow":["GET"]}}],"collection":[{"href":"https:\/\/ostrowskatv.pl\/index.php?rest_route=\/wp\/v2\/posts"}],"about":[{"href":"https:\/\/ostrowskatv.pl\/index.php?rest_route=\/wp\/v2\/types\/post"}],"author":[{"embeddable":true,"href":"https:\/\/ostrowskatv.pl\/index.php?rest_route=\/wp\/v2\/users\/1"}],"replies":[{"embeddable":true,"href":"https:\/\/ostrowskatv.pl\/index.php?rest_route=%2Fwp%2Fv2%2Fcomments&post=27705"}],"version-history":[{"count":0,"href":"https:\/\/ostrowskatv.pl\/index.php?rest_route=\/wp\/v2\/posts\/27705\/revisions"}],"wp:featuredmedia":[{"embeddable":true,"href":"https:\/\/ostrowskatv.pl\/index.php?rest_route=\/wp\/v2\/media\/27709"}],"wp:attachment":[{"href":"https:\/\/ostrowskatv.pl\/index.php?rest_route=%2Fwp%2Fv2%2Fmedia&parent=27705"}],"wp:term":[{"taxonomy":"category","embeddable":true,"href":"https:\/\/ostrowskatv.pl\/index.php?rest_route=%2Fwp%2Fv2%2Fcategories&post=27705"},{"taxonomy":"post_tag","embeddable":true,"href":"https:\/\/ostrowskatv.pl\/index.php?rest_route=%2Fwp%2Fv2%2Ftags&post=27705"}],"curies":[{"name":"wp","href":"https:\/\/api.w.org\/{rel}","templated":true}]}}