{"id":2770,"date":"2016-12-26T07:55:45","date_gmt":"2016-12-26T06:55:45","guid":{"rendered":"http:\/\/ostrowska.tv\/?p=2770"},"modified":"2016-12-26T07:55:45","modified_gmt":"2016-12-26T06:55:45","slug":"renault-megane-roztrzaskalo-sie-na-latarni","status":"publish","type":"post","link":"https:\/\/ostrowskatv.pl\/?p=2770","title":{"rendered":"Renault Megane roztrzaska\u0142o si\u0119 na latarni"},"content":{"rendered":"<p><strong>Oko\u0142o godziny 6:00 nad ranem w poniedzia\u0142ek dosz\u0142o do gro\u017anie wygl\u0105daj\u0105cego zdarzenia drogowego. Zielone Renault Megane jecha\u0142o ulic\u0105 Wysock\u0105 od strony centrum. Przy skrzy\u017cowaniu z ulic\u0105 Paderewskiego wjecha\u0142 w betonow\u0105 latarni\u0119, \u0142ami\u0105c j\u0105.<\/strong><\/p>\n<p>Od tego momentu rozpocz\u0119\u0142o si\u0119 ustalanie przez policjant\u00f3w kto kierowa\u0142 osob\u00f3wk\u0105. Na miejscu pozosta\u0142 jeden m\u0119\u017cczyzna w wieku oko\u0142o 35 lat. Wyja\u015bnia\u0142 on str\u00f3\u017com prawa, \u017ce by\u0142 tylko pasa\u017cerem, a samochodem kierowa\u0142 kto\u015b inny.<\/p>\n<p>Podejrzanego m\u0119\u017cczyzn\u0119 ze zdarzenia zatrzymano na stacji paliw BP przy ul. G\u0142ogowskiej w Ostrowie Wlkp. By\u0142 pijany.<\/p>\n<div id='gallery-1' class='gallery galleryid-2770 gallery-columns-3 gallery-size-thumbnail'><figure class='gallery-item'>\n\t\t\t<div class='gallery-icon landscape'>\n\t\t\t\t<a href='https:\/\/ostrowskatv.pl\/?attachment_id=2771'><img loading=\"lazy\" decoding=\"async\" width=\"150\" height=\"150\" src=\"https:\/\/ostrowskatv.pl\/wp-content\/uploads\/2016\/12\/wysocka-pad-drzewo1-150x150.jpg\" class=\"attachment-thumbnail size-thumbnail\" alt=\"\" \/><\/a>\n\t\t\t<\/div><\/figure><figure class='gallery-item'>\n\t\t\t<div class='gallery-icon landscape'>\n\t\t\t\t<a href='https:\/\/ostrowskatv.pl\/?attachment_id=2772'><img loading=\"lazy\" decoding=\"async\" width=\"150\" height=\"150\" src=\"https:\/\/ostrowskatv.pl\/wp-content\/uploads\/2016\/12\/wysocka-pad-drzewo2-150x150.jpg\" class=\"attachment-thumbnail size-thumbnail\" alt=\"\" \/><\/a>\n\t\t\t<\/div><\/figure><figure class='gallery-item'>\n\t\t\t<div class='gallery-icon landscape'>\n\t\t\t\t<a href='https:\/\/ostrowskatv.pl\/?attachment_id=2773'><img loading=\"lazy\" decoding=\"async\" width=\"150\" height=\"150\" src=\"https:\/\/ostrowskatv.pl\/wp-content\/uploads\/2016\/12\/wysocka-pad-drzewo3-150x150.jpg\" class=\"attachment-thumbnail size-thumbnail\" alt=\"\" \/><\/a>\n\t\t\t<\/div><\/figure><figure class='gallery-item'>\n\t\t\t<div class='gallery-icon landscape'>\n\t\t\t\t<a href='https:\/\/ostrowskatv.pl\/?attachment_id=2774'><img loading=\"lazy\" decoding=\"async\" width=\"150\" height=\"150\" src=\"https:\/\/ostrowskatv.pl\/wp-content\/uploads\/2016\/12\/wysocka-pad-drzewo4-150x150.jpg\" class=\"attachment-thumbnail size-thumbnail\" alt=\"\" \/><\/a>\n\t\t\t<\/div><\/figure><figure class='gallery-item'>\n\t\t\t<div class='gallery-icon landscape'>\n\t\t\t\t<a href='https:\/\/ostrowskatv.pl\/?attachment_id=2775'><img loading=\"lazy\" decoding=\"async\" width=\"150\" height=\"150\" src=\"https:\/\/ostrowskatv.pl\/wp-content\/uploads\/2016\/12\/wysocka-pad-drzewo5-150x150.jpg\" class=\"attachment-thumbnail size-thumbnail\" alt=\"\" \/><\/a>\n\t\t\t<\/div><\/figure>\n\t\t<\/div>\n\n<p>A tak wygl\u0105da\u0142 Mercedes, kt\u00f3ry zatrzyma\u0142 si\u0119 na latarni przeje\u017cd\u017caj\u0105c obok galerii.<\/p>\n<div id='gallery-2' class='gallery galleryid-2770 gallery-columns-3 gallery-size-thumbnail'><figure class='gallery-item'>\n\t\t\t<div class='gallery-icon portrait'>\n\t\t\t\t<a href='https:\/\/ostrowskatv.pl\/?attachment_id=2776'><img loading=\"lazy\" decoding=\"async\" width=\"150\" height=\"150\" src=\"https:\/\/ostrowskatv.pl\/wp-content\/uploads\/2016\/12\/pod-galeria-latarnia-150x150.jpg\" class=\"attachment-thumbnail size-thumbnail\" alt=\"\" \/><\/a>\n\t\t\t<\/div><\/figure>\n\t\t<\/div>\n\n","protected":false},"excerpt":{"rendered":"Oko\u0142o godziny 6:00 nad ranem w poniedzia\u0142ek dosz\u0142o do gro\u017anie wygl\u0105daj\u0105cego zdarzenia drogowego. Zielone Renault Megane jecha\u0142o ulic\u0105 Wysock\u0105 od strony centrum. Przy \n<a class=\"moretag\" href=\"https:\/\/ostrowskatv.pl\/?p=2770\"> [...]<\/a>","protected":false},"author":1,"featured_media":2772,"comment_status":"open","ping_status":"open","sticky":false,"template":"","format":"standard","meta":{"footnotes":""},"categories":[1],"tags":[2],"class_list":["post-2770","post","type-post","status-publish","format-standard","has-post-thumbnail","hentry","category-news","tag-ostrow-wielkopolski"],"_links":{"self":[{"href":"https:\/\/ostrowskatv.pl\/index.php?rest_route=\/wp\/v2\/posts\/2770","targetHints":{"allow":["GET"]}}],"collection":[{"href":"https:\/\/ostrowskatv.pl\/index.php?rest_route=\/wp\/v2\/posts"}],"about":[{"href":"https:\/\/ostrowskatv.pl\/index.php?rest_route=\/wp\/v2\/types\/post"}],"author":[{"embeddable":true,"href":"https:\/\/ostrowskatv.pl\/index.php?rest_route=\/wp\/v2\/users\/1"}],"replies":[{"embeddable":true,"href":"https:\/\/ostrowskatv.pl\/index.php?rest_route=%2Fwp%2Fv2%2Fcomments&post=2770"}],"version-history":[{"count":0,"href":"https:\/\/ostrowskatv.pl\/index.php?rest_route=\/wp\/v2\/posts\/2770\/revisions"}],"wp:featuredmedia":[{"embeddable":true,"href":"https:\/\/ostrowskatv.pl\/index.php?rest_route=\/wp\/v2\/media\/2772"}],"wp:attachment":[{"href":"https:\/\/ostrowskatv.pl\/index.php?rest_route=%2Fwp%2Fv2%2Fmedia&parent=2770"}],"wp:term":[{"taxonomy":"category","embeddable":true,"href":"https:\/\/ostrowskatv.pl\/index.php?rest_route=%2Fwp%2Fv2%2Fcategories&post=2770"},{"taxonomy":"post_tag","embeddable":true,"href":"https:\/\/ostrowskatv.pl\/index.php?rest_route=%2Fwp%2Fv2%2Ftags&post=2770"}],"curies":[{"name":"wp","href":"https:\/\/api.w.org\/{rel}","templated":true}]}}