{"id":2758,"date":"2016-12-26T07:37:26","date_gmt":"2016-12-26T06:37:26","guid":{"rendered":"http:\/\/ostrowska.tv\/?p=2758"},"modified":"2016-12-26T07:37:26","modified_gmt":"2016-12-26T06:37:26","slug":"autokar-jadacy-na-dyskoteke-wyladowal-w-rowie","status":"publish","type":"post","link":"https:\/\/ostrowskatv.pl\/?p=2758","title":{"rendered":"Autokar jad\u0105cy na dyskotek\u0119 wyl\u0105dowa\u0142 w rowie"},"content":{"rendered":"<p><strong>Autokar marki MAN jad\u0105cy na dyskotek\u0119 we Wt\u00f3rku osun\u0105\u0142 si\u0119 do rowu. Do zdarzenia dosz\u0142o w nocy 25 grudnia. Na miejsce wys\u0142ano stra\u017c po\u017car.<\/strong><\/p>\n<p>Stra\u017cacy po przyje\u017adzie na miejsce zdarzenia zobaczyli przechylony autokar. Jedno z k\u00f3\u0142 znajdowa\u0142o si\u0119 w powietrzu. Podj\u0119to decyzj\u0119 o wezwaniu d\u017awigu, kt\u00f3ry mia\u0142 w tej sytuacji pom\u00f3c. Przyczyn\u0105 by\u0142a zapewne uprzejmo\u015b\u0107 kierowcy autokaru, kt\u00f3ry na w\u0105skiej drodze chcia\u0142 umo\u017cliwi\u0107 przejazd innemu autu.<\/p>\n<p>Autokar by\u0142 na rejestracjach PKR. Nikomu nic si\u0119 nie sta\u0142o.<\/p>\n<div id='gallery-1' class='gallery galleryid-2758 gallery-columns-3 gallery-size-thumbnail'><figure class='gallery-item'>\n\t\t\t<div class='gallery-icon landscape'>\n\t\t\t\t<a href='https:\/\/ostrowskatv.pl\/?attachment_id=2762'><img loading=\"lazy\" decoding=\"async\" width=\"150\" height=\"150\" src=\"https:\/\/ostrowskatv.pl\/wp-content\/uploads\/2016\/12\/wtorek-autobus-05-150x150.jpg\" class=\"attachment-thumbnail size-thumbnail\" alt=\"\" \/><\/a>\n\t\t\t<\/div><\/figure><figure class='gallery-item'>\n\t\t\t<div class='gallery-icon portrait'>\n\t\t\t\t<a href='https:\/\/ostrowskatv.pl\/?attachment_id=2761'><img loading=\"lazy\" decoding=\"async\" width=\"150\" height=\"150\" src=\"https:\/\/ostrowskatv.pl\/wp-content\/uploads\/2016\/12\/wtorek-autobus-03-150x150.jpg\" class=\"attachment-thumbnail size-thumbnail\" alt=\"\" \/><\/a>\n\t\t\t<\/div><\/figure><figure class='gallery-item'>\n\t\t\t<div class='gallery-icon landscape'>\n\t\t\t\t<a href='https:\/\/ostrowskatv.pl\/?attachment_id=2760'><img loading=\"lazy\" decoding=\"async\" width=\"150\" height=\"150\" src=\"https:\/\/ostrowskatv.pl\/wp-content\/uploads\/2016\/12\/wtorek-autobus-02-150x150.jpg\" class=\"attachment-thumbnail size-thumbnail\" alt=\"\" \/><\/a>\n\t\t\t<\/div><\/figure><figure class='gallery-item'>\n\t\t\t<div class='gallery-icon landscape'>\n\t\t\t\t<a href='https:\/\/ostrowskatv.pl\/?attachment_id=2759'><img loading=\"lazy\" decoding=\"async\" width=\"150\" height=\"150\" src=\"https:\/\/ostrowskatv.pl\/wp-content\/uploads\/2016\/12\/wtorek-autobus-01-150x150.jpg\" class=\"attachment-thumbnail size-thumbnail\" alt=\"\" \/><\/a>\n\t\t\t<\/div><\/figure>\n\t\t<\/div>\n\n","protected":false},"excerpt":{"rendered":"Autokar marki MAN jad\u0105cy na dyskotek\u0119 we Wt\u00f3rku osun\u0105\u0142 si\u0119 do rowu. Do zdarzenia dosz\u0142o w nocy 25 grudnia. Na miejsce wys\u0142ano stra\u017c \n<a class=\"moretag\" href=\"https:\/\/ostrowskatv.pl\/?p=2758\"> [...]<\/a>","protected":false},"author":1,"featured_media":2759,"comment_status":"open","ping_status":"open","sticky":false,"template":"","format":"standard","meta":{"footnotes":""},"categories":[1],"tags":[112],"class_list":["post-2758","post","type-post","status-publish","format-standard","has-post-thumbnail","hentry","category-news","tag-wtorek"],"_links":{"self":[{"href":"https:\/\/ostrowskatv.pl\/index.php?rest_route=\/wp\/v2\/posts\/2758","targetHints":{"allow":["GET"]}}],"collection":[{"href":"https:\/\/ostrowskatv.pl\/index.php?rest_route=\/wp\/v2\/posts"}],"about":[{"href":"https:\/\/ostrowskatv.pl\/index.php?rest_route=\/wp\/v2\/types\/post"}],"author":[{"embeddable":true,"href":"https:\/\/ostrowskatv.pl\/index.php?rest_route=\/wp\/v2\/users\/1"}],"replies":[{"embeddable":true,"href":"https:\/\/ostrowskatv.pl\/index.php?rest_route=%2Fwp%2Fv2%2Fcomments&post=2758"}],"version-history":[{"count":0,"href":"https:\/\/ostrowskatv.pl\/index.php?rest_route=\/wp\/v2\/posts\/2758\/revisions"}],"wp:featuredmedia":[{"embeddable":true,"href":"https:\/\/ostrowskatv.pl\/index.php?rest_route=\/wp\/v2\/media\/2759"}],"wp:attachment":[{"href":"https:\/\/ostrowskatv.pl\/index.php?rest_route=%2Fwp%2Fv2%2Fmedia&parent=2758"}],"wp:term":[{"taxonomy":"category","embeddable":true,"href":"https:\/\/ostrowskatv.pl\/index.php?rest_route=%2Fwp%2Fv2%2Fcategories&post=2758"},{"taxonomy":"post_tag","embeddable":true,"href":"https:\/\/ostrowskatv.pl\/index.php?rest_route=%2Fwp%2Fv2%2Ftags&post=2758"}],"curies":[{"name":"wp","href":"https:\/\/api.w.org\/{rel}","templated":true}]}}