{"id":27537,"date":"2023-12-14T09:47:25","date_gmt":"2023-12-14T08:47:25","guid":{"rendered":"https:\/\/ostrowskatv.pl\/?p=27537"},"modified":"2023-12-14T09:47:25","modified_gmt":"2023-12-14T08:47:25","slug":"wjechala-pod-ciezarowke-na-alei-slowackiego-zdjecia","status":"publish","type":"post","link":"https:\/\/ostrowskatv.pl\/?p=27537","title":{"rendered":"Wjecha\u0142a pod ci\u0119\u017car\u00f3wk\u0119 na alei S\u0142owackiego (ZDJ\u0118CIA)"},"content":{"rendered":"<p><strong>Do zderzenia samochodu ci\u0119\u017carowego z osob\u00f3wk\u0105 dosz\u0142o dzi\u015b przed godzin\u0105 9 na skrzy\u017cowaniu alei S\u0142owackiego z ulic\u0105 Konopnickiej w Ostrowie Wielkopolskim. Na szcz\u0119\u015bcie nikt nie ucierpia\u0142.<\/strong><\/p>\n<p>Na wspomnianym skrzy\u017cowaniu prowadzone s\u0105 prace drogowe przez sp\u00f3\u0142k\u0119 wodoci\u0105gow\u0105 Wodkan. Z tego powodu jeden z pas\u00f3w ruchu, na kr\u00f3tkim odcinku, jest wy\u0142\u0105czony z u\u017cytkowania. Ze wst\u0119pnych ustale\u0144 wynika, \u017ce kobieta pr\u00f3buj\u0105c w\u0142\u0105czy\u0107 si\u0119 do ruchu wjecha\u0142a wprost pod ci\u0119\u017car\u00f3wk\u0119.<\/p>\n<p><img loading=\"lazy\" decoding=\"async\" src=\"https:\/\/ostrowskatv.pl\/wp-content\/uploads\/2023\/12\/1000062916-01.jpeg\" alt=\"\" width=\"1366\" height=\"769\" class=\"alignnone size-full wp-image-27538\" srcset=\"https:\/\/ostrowskatv.pl\/wp-content\/uploads\/2023\/12\/1000062916-01.jpeg 1366w, https:\/\/ostrowskatv.pl\/wp-content\/uploads\/2023\/12\/1000062916-01-300x169.jpeg 300w, https:\/\/ostrowskatv.pl\/wp-content\/uploads\/2023\/12\/1000062916-01-1333x750.jpeg 1333w\" sizes=\"auto, (max-width: 1366px) 100vw, 1366px\" \/><\/p>\n<p><img loading=\"lazy\" decoding=\"async\" src=\"https:\/\/ostrowskatv.pl\/wp-content\/uploads\/2023\/12\/1000062915-01.jpeg\" alt=\"\" width=\"1366\" height=\"690\" class=\"alignnone size-full wp-image-27539\" srcset=\"https:\/\/ostrowskatv.pl\/wp-content\/uploads\/2023\/12\/1000062915-01.jpeg 1366w, https:\/\/ostrowskatv.pl\/wp-content\/uploads\/2023\/12\/1000062915-01-300x152.jpeg 300w, https:\/\/ostrowskatv.pl\/wp-content\/uploads\/2023\/12\/1000062915-01-1333x673.jpeg 1333w\" sizes=\"auto, (max-width: 1366px) 100vw, 1366px\" \/><\/p>\n<p><img loading=\"lazy\" decoding=\"async\" src=\"https:\/\/ostrowskatv.pl\/wp-content\/uploads\/2023\/12\/1000062914-01.jpeg\" alt=\"\" width=\"1366\" height=\"769\" class=\"alignnone size-full wp-image-27540\" srcset=\"https:\/\/ostrowskatv.pl\/wp-content\/uploads\/2023\/12\/1000062914-01.jpeg 1366w, https:\/\/ostrowskatv.pl\/wp-content\/uploads\/2023\/12\/1000062914-01-300x169.jpeg 300w, https:\/\/ostrowskatv.pl\/wp-content\/uploads\/2023\/12\/1000062914-01-1333x750.jpeg 1333w\" sizes=\"auto, (max-width: 1366px) 100vw, 1366px\" \/><\/p>\n<p><img loading=\"lazy\" decoding=\"async\" src=\"https:\/\/ostrowskatv.pl\/wp-content\/uploads\/2023\/12\/1000062913-01.jpeg\" alt=\"\" width=\"1366\" height=\"769\" class=\"alignnone size-full wp-image-27541\" srcset=\"https:\/\/ostrowskatv.pl\/wp-content\/uploads\/2023\/12\/1000062913-01.jpeg 1366w, https:\/\/ostrowskatv.pl\/wp-content\/uploads\/2023\/12\/1000062913-01-300x169.jpeg 300w, https:\/\/ostrowskatv.pl\/wp-content\/uploads\/2023\/12\/1000062913-01-1333x750.jpeg 1333w\" sizes=\"auto, (max-width: 1366px) 100vw, 1366px\" \/><\/p>\n<p><img loading=\"lazy\" decoding=\"async\" src=\"https:\/\/ostrowskatv.pl\/wp-content\/uploads\/2023\/12\/1000062912-01.jpeg\" alt=\"\" width=\"1366\" height=\"769\" class=\"alignnone size-full wp-image-27542\" srcset=\"https:\/\/ostrowskatv.pl\/wp-content\/uploads\/2023\/12\/1000062912-01.jpeg 1366w, https:\/\/ostrowskatv.pl\/wp-content\/uploads\/2023\/12\/1000062912-01-300x169.jpeg 300w, https:\/\/ostrowskatv.pl\/wp-content\/uploads\/2023\/12\/1000062912-01-1333x750.jpeg 1333w\" sizes=\"auto, (max-width: 1366px) 100vw, 1366px\" \/><\/p>\n<p><img loading=\"lazy\" decoding=\"async\" src=\"https:\/\/ostrowskatv.pl\/wp-content\/uploads\/2023\/12\/1000062911-01.jpeg\" alt=\"\" width=\"1366\" height=\"769\" class=\"alignnone size-full wp-image-27543\" srcset=\"https:\/\/ostrowskatv.pl\/wp-content\/uploads\/2023\/12\/1000062911-01.jpeg 1366w, https:\/\/ostrowskatv.pl\/wp-content\/uploads\/2023\/12\/1000062911-01-300x169.jpeg 300w, https:\/\/ostrowskatv.pl\/wp-content\/uploads\/2023\/12\/1000062911-01-1333x750.jpeg 1333w\" sizes=\"auto, (max-width: 1366px) 100vw, 1366px\" \/><\/p>\n<p><img loading=\"lazy\" decoding=\"async\" src=\"https:\/\/ostrowskatv.pl\/wp-content\/uploads\/2023\/12\/1000062910-01.jpeg\" alt=\"\" width=\"1365\" height=\"681\" class=\"alignnone size-full wp-image-27544\" srcset=\"https:\/\/ostrowskatv.pl\/wp-content\/uploads\/2023\/12\/1000062910-01.jpeg 1365w, https:\/\/ostrowskatv.pl\/wp-content\/uploads\/2023\/12\/1000062910-01-300x150.jpeg 300w, https:\/\/ostrowskatv.pl\/wp-content\/uploads\/2023\/12\/1000062910-01-1333x665.jpeg 1333w\" sizes=\"auto, (max-width: 1365px) 100vw, 1365px\" \/><\/p>\n","protected":false},"excerpt":{"rendered":"Do zderzenia samochodu ci\u0119\u017carowego z osob\u00f3wk\u0105 dosz\u0142o dzi\u015b przed godzin\u0105 9 na skrzy\u017cowaniu alei S\u0142owackiego z ulic\u0105 Konopnickiej w Ostrowie Wielkopolskim. Na szcz\u0119\u015bcie \n<a class=\"moretag\" href=\"https:\/\/ostrowskatv.pl\/?p=27537\"> [...]<\/a>","protected":false},"author":1,"featured_media":27543,"comment_status":"open","ping_status":"closed","sticky":false,"template":"","format":"standard","meta":{"footnotes":""},"categories":[1],"tags":[48],"class_list":["post-27537","post","type-post","status-publish","format-standard","has-post-thumbnail","hentry","category-news","tag-kolizja"],"_links":{"self":[{"href":"https:\/\/ostrowskatv.pl\/index.php?rest_route=\/wp\/v2\/posts\/27537","targetHints":{"allow":["GET"]}}],"collection":[{"href":"https:\/\/ostrowskatv.pl\/index.php?rest_route=\/wp\/v2\/posts"}],"about":[{"href":"https:\/\/ostrowskatv.pl\/index.php?rest_route=\/wp\/v2\/types\/post"}],"author":[{"embeddable":true,"href":"https:\/\/ostrowskatv.pl\/index.php?rest_route=\/wp\/v2\/users\/1"}],"replies":[{"embeddable":true,"href":"https:\/\/ostrowskatv.pl\/index.php?rest_route=%2Fwp%2Fv2%2Fcomments&post=27537"}],"version-history":[{"count":0,"href":"https:\/\/ostrowskatv.pl\/index.php?rest_route=\/wp\/v2\/posts\/27537\/revisions"}],"wp:featuredmedia":[{"embeddable":true,"href":"https:\/\/ostrowskatv.pl\/index.php?rest_route=\/wp\/v2\/media\/27543"}],"wp:attachment":[{"href":"https:\/\/ostrowskatv.pl\/index.php?rest_route=%2Fwp%2Fv2%2Fmedia&parent=27537"}],"wp:term":[{"taxonomy":"category","embeddable":true,"href":"https:\/\/ostrowskatv.pl\/index.php?rest_route=%2Fwp%2Fv2%2Fcategories&post=27537"},{"taxonomy":"post_tag","embeddable":true,"href":"https:\/\/ostrowskatv.pl\/index.php?rest_route=%2Fwp%2Fv2%2Ftags&post=27537"}],"curies":[{"name":"wp","href":"https:\/\/api.w.org\/{rel}","templated":true}]}}