{"id":27505,"date":"2023-12-13T13:51:07","date_gmt":"2023-12-13T12:51:07","guid":{"rendered":"https:\/\/ostrowskatv.pl\/?p=27505"},"modified":"2023-12-13T13:51:07","modified_gmt":"2023-12-13T12:51:07","slug":"agresor-z-nozem-w-szpitalu","status":"publish","type":"post","link":"https:\/\/ostrowskatv.pl\/?p=27505","title":{"rendered":"Agresor z no\u017cem w szpitalu"},"content":{"rendered":"<p><strong>Chwile grozy prze\u017cy\u0142 personel interny w ostrowskim szpitalu, kiedy jeden z pacjent\u00f3w zacz\u0105\u0142 grozi\u0107 no\u017cem. Wcze\u015bniej by\u0142 przypi\u0119ty pasami do \u0142\u00f3\u017cka.<\/strong><\/p>\n<p>Na miejsce wys\u0142ano dwa patrole policji. Agresora uda\u0142o si\u0119 obezw\u0142adni\u0107 i ponownie przywi\u0105za\u0107 do \u0142\u00f3\u017cka. Okazuje si\u0119, \u017ce m\u0119\u017cczyzna wpad\u0142 w &#8222;delirk\u0119&#8221; (stan po odstawieniu alkoholu po d\u0142u\u017cszym piciu).<\/p>\n<p>Ze wst\u0119pnych ustale\u0144 wynika, \u017ce pacjent w niewiadomy spos\u00f3b wszed\u0142 w posiadanie no\u017ca i przeci\u0105\u0142 je. Kiedy podchodzi\u0142 do niego personel grozi\u0142 u\u017cyciem no\u017ca. Trwa ustalanie dok\u0142adnego przebiegu.<\/p>\n<p>Na szcz\u0119\u015bcie nikt nie ucierpia\u0142.<\/p>\n<p><img loading=\"lazy\" decoding=\"async\" class=\"alignnone size-full wp-image-27506\" src=\"https:\/\/ostrowskatv.pl\/wp-content\/uploads\/2023\/12\/1000062744-01.jpeg\" alt=\"\" width=\"1366\" height=\"724\" srcset=\"https:\/\/ostrowskatv.pl\/wp-content\/uploads\/2023\/12\/1000062744-01.jpeg 1366w, https:\/\/ostrowskatv.pl\/wp-content\/uploads\/2023\/12\/1000062744-01-300x159.jpeg 300w, https:\/\/ostrowskatv.pl\/wp-content\/uploads\/2023\/12\/1000062744-01-1333x707.jpeg 1333w\" sizes=\"auto, (max-width: 1366px) 100vw, 1366px\" \/><\/p>\n<p><img loading=\"lazy\" decoding=\"async\" class=\"alignnone size-full wp-image-27507\" src=\"https:\/\/ostrowskatv.pl\/wp-content\/uploads\/2023\/12\/1000062754-01.jpeg\" alt=\"\" width=\"986\" height=\"1366\" srcset=\"https:\/\/ostrowskatv.pl\/wp-content\/uploads\/2023\/12\/1000062754-01.jpeg 986w, https:\/\/ostrowskatv.pl\/wp-content\/uploads\/2023\/12\/1000062754-01-217x300.jpeg 217w, https:\/\/ostrowskatv.pl\/wp-content\/uploads\/2023\/12\/1000062754-01-962x1333.jpeg 962w\" sizes=\"auto, (max-width: 986px) 100vw, 986px\" \/><\/p>\n<p><img loading=\"lazy\" decoding=\"async\" class=\"alignnone size-full wp-image-27508\" src=\"https:\/\/ostrowskatv.pl\/wp-content\/uploads\/2023\/12\/1000062748-01.jpeg\" alt=\"\" width=\"1366\" height=\"769\" srcset=\"https:\/\/ostrowskatv.pl\/wp-content\/uploads\/2023\/12\/1000062748-01.jpeg 1366w, https:\/\/ostrowskatv.pl\/wp-content\/uploads\/2023\/12\/1000062748-01-300x169.jpeg 300w, https:\/\/ostrowskatv.pl\/wp-content\/uploads\/2023\/12\/1000062748-01-1333x750.jpeg 1333w\" sizes=\"auto, (max-width: 1366px) 100vw, 1366px\" \/><\/p>\n<p><img loading=\"lazy\" decoding=\"async\" class=\"alignnone size-full wp-image-27509\" src=\"https:\/\/ostrowskatv.pl\/wp-content\/uploads\/2023\/12\/1000062752-01.jpeg\" alt=\"\" width=\"1366\" height=\"697\" srcset=\"https:\/\/ostrowskatv.pl\/wp-content\/uploads\/2023\/12\/1000062752-01.jpeg 1366w, https:\/\/ostrowskatv.pl\/wp-content\/uploads\/2023\/12\/1000062752-01-300x153.jpeg 300w, https:\/\/ostrowskatv.pl\/wp-content\/uploads\/2023\/12\/1000062752-01-1333x680.jpeg 1333w\" sizes=\"auto, (max-width: 1366px) 100vw, 1366px\" \/><\/p>\n<p><img loading=\"lazy\" decoding=\"async\" class=\"alignnone size-full wp-image-27510\" src=\"https:\/\/ostrowskatv.pl\/wp-content\/uploads\/2023\/12\/1000062751-01.jpeg\" alt=\"\" width=\"1366\" height=\"769\" srcset=\"https:\/\/ostrowskatv.pl\/wp-content\/uploads\/2023\/12\/1000062751-01.jpeg 1366w, https:\/\/ostrowskatv.pl\/wp-content\/uploads\/2023\/12\/1000062751-01-300x169.jpeg 300w, https:\/\/ostrowskatv.pl\/wp-content\/uploads\/2023\/12\/1000062751-01-1333x750.jpeg 1333w\" sizes=\"auto, (max-width: 1366px) 100vw, 1366px\" \/><\/p>\n<p>&nbsp;<\/p>\n","protected":false},"excerpt":{"rendered":"Chwile grozy prze\u017cy\u0142 personel interny w ostrowskim szpitalu, kiedy jeden z pacjent\u00f3w zacz\u0105\u0142 grozi\u0107 no\u017cem. Wcze\u015bniej by\u0142 przypi\u0119ty pasami do \u0142\u00f3\u017cka. Na miejsce \n<a class=\"moretag\" href=\"https:\/\/ostrowskatv.pl\/?p=27505\"> [...]<\/a>","protected":false},"author":1,"featured_media":27506,"comment_status":"open","ping_status":"closed","sticky":false,"template":"","format":"standard","meta":{"footnotes":""},"categories":[1],"tags":[2],"class_list":["post-27505","post","type-post","status-publish","format-standard","has-post-thumbnail","hentry","category-news","tag-ostrow-wielkopolski"],"_links":{"self":[{"href":"https:\/\/ostrowskatv.pl\/index.php?rest_route=\/wp\/v2\/posts\/27505","targetHints":{"allow":["GET"]}}],"collection":[{"href":"https:\/\/ostrowskatv.pl\/index.php?rest_route=\/wp\/v2\/posts"}],"about":[{"href":"https:\/\/ostrowskatv.pl\/index.php?rest_route=\/wp\/v2\/types\/post"}],"author":[{"embeddable":true,"href":"https:\/\/ostrowskatv.pl\/index.php?rest_route=\/wp\/v2\/users\/1"}],"replies":[{"embeddable":true,"href":"https:\/\/ostrowskatv.pl\/index.php?rest_route=%2Fwp%2Fv2%2Fcomments&post=27505"}],"version-history":[{"count":0,"href":"https:\/\/ostrowskatv.pl\/index.php?rest_route=\/wp\/v2\/posts\/27505\/revisions"}],"wp:featuredmedia":[{"embeddable":true,"href":"https:\/\/ostrowskatv.pl\/index.php?rest_route=\/wp\/v2\/media\/27506"}],"wp:attachment":[{"href":"https:\/\/ostrowskatv.pl\/index.php?rest_route=%2Fwp%2Fv2%2Fmedia&parent=27505"}],"wp:term":[{"taxonomy":"category","embeddable":true,"href":"https:\/\/ostrowskatv.pl\/index.php?rest_route=%2Fwp%2Fv2%2Fcategories&post=27505"},{"taxonomy":"post_tag","embeddable":true,"href":"https:\/\/ostrowskatv.pl\/index.php?rest_route=%2Fwp%2Fv2%2Ftags&post=27505"}],"curies":[{"name":"wp","href":"https:\/\/api.w.org\/{rel}","templated":true}]}}