{"id":27491,"date":"2023-12-11T13:19:16","date_gmt":"2023-12-11T12:19:16","guid":{"rendered":"https:\/\/ostrowskatv.pl\/?p=27491"},"modified":"2023-12-11T13:19:16","modified_gmt":"2023-12-11T12:19:16","slug":"dostawca-pizzy-wjechal-w-rowerzystke","status":"publish","type":"post","link":"https:\/\/ostrowskatv.pl\/?p=27491","title":{"rendered":"Dostawca pizzy wjecha\u0142 w rowerzystk\u0119"},"content":{"rendered":"<p><strong>W niedzielny wiecz\u00f3r policja i pogotowie ratunkowe zosta\u0142y powiadomione o wypadku, kt\u00f3ry wydarzy\u0142 si\u0119 u zbiegu ulic Wolno\u015bci oraz D\u0105browskiego w Ostrowie Wielkopolskim. <\/strong><\/p>\n<p>Wypadek mia\u0142 miejsce po godzinie 21. Kieruj\u0105cy citroenem (21 lat) nie ust\u0105pi\u0142 pierwsze\u0144stwa w zwi\u0105zku ze znakiem STOP i wjecha\u0142 w rowerzystk\u0119 jad\u0105c\u0105 kontrapasem wzd\u0142u\u017c ulicy Wolno\u015bci. <\/p>\n<p>62-letnia kobieta trafi\u0142a do szpitala, gdzie stwierdzono powa\u017cny uraz nogi. Oboje uczestnicy byli trze\u017awi. Sprawa trafi do s\u0105du.<\/p>\n<p><img loading=\"lazy\" decoding=\"async\" src=\"https:\/\/ostrowskatv.pl\/wp-content\/uploads\/2023\/12\/1000062234-01.jpeg\" alt=\"\" width=\"1200\" height=\"759\" class=\"alignnone size-full wp-image-27493\" srcset=\"https:\/\/ostrowskatv.pl\/wp-content\/uploads\/2023\/12\/1000062234-01.jpeg 1200w, https:\/\/ostrowskatv.pl\/wp-content\/uploads\/2023\/12\/1000062234-01-300x190.jpeg 300w\" sizes=\"auto, (max-width: 1200px) 100vw, 1200px\" \/><\/p>\n<p><img loading=\"lazy\" decoding=\"async\" src=\"https:\/\/ostrowskatv.pl\/wp-content\/uploads\/2023\/12\/1000062245-01.jpeg\" alt=\"\" width=\"1025\" height=\"1366\" class=\"alignnone size-full wp-image-27494\" srcset=\"https:\/\/ostrowskatv.pl\/wp-content\/uploads\/2023\/12\/1000062245-01.jpeg 1025w, https:\/\/ostrowskatv.pl\/wp-content\/uploads\/2023\/12\/1000062245-01-225x300.jpeg 225w, https:\/\/ostrowskatv.pl\/wp-content\/uploads\/2023\/12\/1000062245-01-1000x1333.jpeg 1000w\" sizes=\"auto, (max-width: 1025px) 100vw, 1025px\" \/><\/p>\n<p><img loading=\"lazy\" decoding=\"async\" src=\"https:\/\/ostrowskatv.pl\/wp-content\/uploads\/2023\/12\/1000062231-01.jpeg\" alt=\"\" width=\"1200\" height=\"749\" class=\"alignnone size-full wp-image-27495\" srcset=\"https:\/\/ostrowskatv.pl\/wp-content\/uploads\/2023\/12\/1000062231-01.jpeg 1200w, https:\/\/ostrowskatv.pl\/wp-content\/uploads\/2023\/12\/1000062231-01-300x187.jpeg 300w\" sizes=\"auto, (max-width: 1200px) 100vw, 1200px\" \/><\/p>\n<p><img loading=\"lazy\" decoding=\"async\" src=\"https:\/\/ostrowskatv.pl\/wp-content\/uploads\/2023\/12\/1000062228-01.jpeg\" alt=\"\" width=\"1200\" height=\"711\" class=\"alignnone size-full wp-image-27496\" srcset=\"https:\/\/ostrowskatv.pl\/wp-content\/uploads\/2023\/12\/1000062228-01.jpeg 1200w, https:\/\/ostrowskatv.pl\/wp-content\/uploads\/2023\/12\/1000062228-01-300x178.jpeg 300w\" sizes=\"auto, (max-width: 1200px) 100vw, 1200px\" \/><\/p>\n","protected":false},"excerpt":{"rendered":"W niedzielny wiecz\u00f3r policja i pogotowie ratunkowe zosta\u0142y powiadomione o wypadku, kt\u00f3ry wydarzy\u0142 si\u0119 u zbiegu ulic Wolno\u015bci oraz D\u0105browskiego w Ostrowie Wielkopolskim. \n<a class=\"moretag\" href=\"https:\/\/ostrowskatv.pl\/?p=27491\"> [...]<\/a>","protected":false},"author":1,"featured_media":27496,"comment_status":"open","ping_status":"closed","sticky":false,"template":"","format":"standard","meta":{"footnotes":""},"categories":[1],"tags":[41],"class_list":["post-27491","post","type-post","status-publish","format-standard","has-post-thumbnail","hentry","category-news","tag-potracenie"],"_links":{"self":[{"href":"https:\/\/ostrowskatv.pl\/index.php?rest_route=\/wp\/v2\/posts\/27491","targetHints":{"allow":["GET"]}}],"collection":[{"href":"https:\/\/ostrowskatv.pl\/index.php?rest_route=\/wp\/v2\/posts"}],"about":[{"href":"https:\/\/ostrowskatv.pl\/index.php?rest_route=\/wp\/v2\/types\/post"}],"author":[{"embeddable":true,"href":"https:\/\/ostrowskatv.pl\/index.php?rest_route=\/wp\/v2\/users\/1"}],"replies":[{"embeddable":true,"href":"https:\/\/ostrowskatv.pl\/index.php?rest_route=%2Fwp%2Fv2%2Fcomments&post=27491"}],"version-history":[{"count":0,"href":"https:\/\/ostrowskatv.pl\/index.php?rest_route=\/wp\/v2\/posts\/27491\/revisions"}],"wp:featuredmedia":[{"embeddable":true,"href":"https:\/\/ostrowskatv.pl\/index.php?rest_route=\/wp\/v2\/media\/27496"}],"wp:attachment":[{"href":"https:\/\/ostrowskatv.pl\/index.php?rest_route=%2Fwp%2Fv2%2Fmedia&parent=27491"}],"wp:term":[{"taxonomy":"category","embeddable":true,"href":"https:\/\/ostrowskatv.pl\/index.php?rest_route=%2Fwp%2Fv2%2Fcategories&post=27491"},{"taxonomy":"post_tag","embeddable":true,"href":"https:\/\/ostrowskatv.pl\/index.php?rest_route=%2Fwp%2Fv2%2Ftags&post=27491"}],"curies":[{"name":"wp","href":"https:\/\/api.w.org\/{rel}","templated":true}]}}