{"id":27482,"date":"2023-12-11T11:52:01","date_gmt":"2023-12-11T10:52:01","guid":{"rendered":"https:\/\/ostrowskatv.pl\/?p=27482"},"modified":"2023-12-11T11:52:01","modified_gmt":"2023-12-11T10:52:01","slug":"mial-byc-pijany-a-byl-z-zakazem","status":"publish","type":"post","link":"https:\/\/ostrowskatv.pl\/?p=27482","title":{"rendered":"Mia\u0142 by\u0107 pijany, a by\u0142 z zakazem"},"content":{"rendered":"<p><strong>W sobotni wiecz\u00f3r na ulicy Browarnej w Ostrowie Wielkopolskim dosz\u0142o do kolizji dw\u00f3ch aut osobowych. Przed godzin\u0105 20 opel wjecha\u0142 w renault scenic.<\/strong><\/p>\n<p>Jeden z uczestnik\u00f3w z uwagi na podejrzane zachowanie, wzbudzi\u0142 u drugiego kierowcy podejrzenie, \u017ce mo\u017ce by\u0107 pod wp\u0142ywem alkoholu. Na miejscu okaza\u0142o si\u0119, \u017ce kierowca jest trze\u017awy, ale ma czynny zakaz prowadzenia pojazd\u00f3w mechanicznych. Teraz jego sprawa trafi do s\u0105du.<\/p>\n<p><img loading=\"lazy\" decoding=\"async\" src=\"https:\/\/ostrowskatv.pl\/wp-content\/uploads\/2023\/12\/1000062063-01.jpeg\" alt=\"\" width=\"1366\" height=\"780\" class=\"alignnone size-full wp-image-27484\" srcset=\"https:\/\/ostrowskatv.pl\/wp-content\/uploads\/2023\/12\/1000062063-01.jpeg 1366w, https:\/\/ostrowskatv.pl\/wp-content\/uploads\/2023\/12\/1000062063-01-300x171.jpeg 300w, https:\/\/ostrowskatv.pl\/wp-content\/uploads\/2023\/12\/1000062063-01-1333x761.jpeg 1333w\" sizes=\"auto, (max-width: 1366px) 100vw, 1366px\" \/><\/p>\n<p><img loading=\"lazy\" decoding=\"async\" src=\"https:\/\/ostrowskatv.pl\/wp-content\/uploads\/2023\/12\/1000062059-01.jpeg\" alt=\"\" width=\"1366\" height=\"769\" class=\"alignnone size-full wp-image-27485\" srcset=\"https:\/\/ostrowskatv.pl\/wp-content\/uploads\/2023\/12\/1000062059-01.jpeg 1366w, https:\/\/ostrowskatv.pl\/wp-content\/uploads\/2023\/12\/1000062059-01-300x169.jpeg 300w, https:\/\/ostrowskatv.pl\/wp-content\/uploads\/2023\/12\/1000062059-01-1333x750.jpeg 1333w\" sizes=\"auto, (max-width: 1366px) 100vw, 1366px\" \/><\/p>\n<p><img loading=\"lazy\" decoding=\"async\" src=\"https:\/\/ostrowskatv.pl\/wp-content\/uploads\/2023\/12\/1000062057-01.jpeg\" alt=\"\" width=\"1366\" height=\"769\" class=\"alignnone size-full wp-image-27486\" srcset=\"https:\/\/ostrowskatv.pl\/wp-content\/uploads\/2023\/12\/1000062057-01.jpeg 1366w, https:\/\/ostrowskatv.pl\/wp-content\/uploads\/2023\/12\/1000062057-01-300x169.jpeg 300w, https:\/\/ostrowskatv.pl\/wp-content\/uploads\/2023\/12\/1000062057-01-1333x750.jpeg 1333w\" sizes=\"auto, (max-width: 1366px) 100vw, 1366px\" \/><\/p>\n<p><img loading=\"lazy\" decoding=\"async\" src=\"https:\/\/ostrowskatv.pl\/wp-content\/uploads\/2023\/12\/1000062050-01.jpeg\" alt=\"\" width=\"1366\" height=\"769\" class=\"alignnone size-full wp-image-27487\" srcset=\"https:\/\/ostrowskatv.pl\/wp-content\/uploads\/2023\/12\/1000062050-01.jpeg 1366w, https:\/\/ostrowskatv.pl\/wp-content\/uploads\/2023\/12\/1000062050-01-300x169.jpeg 300w, https:\/\/ostrowskatv.pl\/wp-content\/uploads\/2023\/12\/1000062050-01-1333x750.jpeg 1333w\" sizes=\"auto, (max-width: 1366px) 100vw, 1366px\" \/><\/p>\n<p><img loading=\"lazy\" decoding=\"async\" src=\"https:\/\/ostrowskatv.pl\/wp-content\/uploads\/2023\/12\/1000062049-01.jpeg\" alt=\"\" width=\"1366\" height=\"728\" class=\"alignnone size-full wp-image-27488\" srcset=\"https:\/\/ostrowskatv.pl\/wp-content\/uploads\/2023\/12\/1000062049-01.jpeg 1366w, https:\/\/ostrowskatv.pl\/wp-content\/uploads\/2023\/12\/1000062049-01-300x160.jpeg 300w, https:\/\/ostrowskatv.pl\/wp-content\/uploads\/2023\/12\/1000062049-01-1333x710.jpeg 1333w\" sizes=\"auto, (max-width: 1366px) 100vw, 1366px\" \/><\/p>\n<p><img loading=\"lazy\" decoding=\"async\" src=\"https:\/\/ostrowskatv.pl\/wp-content\/uploads\/2023\/12\/1000062048-01.jpeg\" alt=\"\" width=\"1366\" height=\"769\" class=\"alignnone size-full wp-image-27489\" srcset=\"https:\/\/ostrowskatv.pl\/wp-content\/uploads\/2023\/12\/1000062048-01.jpeg 1366w, https:\/\/ostrowskatv.pl\/wp-content\/uploads\/2023\/12\/1000062048-01-300x169.jpeg 300w, https:\/\/ostrowskatv.pl\/wp-content\/uploads\/2023\/12\/1000062048-01-1333x750.jpeg 1333w\" sizes=\"auto, (max-width: 1366px) 100vw, 1366px\" \/><\/p>\n","protected":false},"excerpt":{"rendered":"W sobotni wiecz\u00f3r na ulicy Browarnej w Ostrowie Wielkopolskim dosz\u0142o do kolizji dw\u00f3ch aut osobowych. Przed godzin\u0105 20 opel wjecha\u0142 w renault scenic. \n<a class=\"moretag\" href=\"https:\/\/ostrowskatv.pl\/?p=27482\"> [...]<\/a>","protected":false},"author":1,"featured_media":27488,"comment_status":"open","ping_status":"closed","sticky":false,"template":"","format":"standard","meta":{"footnotes":""},"categories":[1],"tags":[2],"class_list":["post-27482","post","type-post","status-publish","format-standard","has-post-thumbnail","hentry","category-news","tag-ostrow-wielkopolski"],"_links":{"self":[{"href":"https:\/\/ostrowskatv.pl\/index.php?rest_route=\/wp\/v2\/posts\/27482","targetHints":{"allow":["GET"]}}],"collection":[{"href":"https:\/\/ostrowskatv.pl\/index.php?rest_route=\/wp\/v2\/posts"}],"about":[{"href":"https:\/\/ostrowskatv.pl\/index.php?rest_route=\/wp\/v2\/types\/post"}],"author":[{"embeddable":true,"href":"https:\/\/ostrowskatv.pl\/index.php?rest_route=\/wp\/v2\/users\/1"}],"replies":[{"embeddable":true,"href":"https:\/\/ostrowskatv.pl\/index.php?rest_route=%2Fwp%2Fv2%2Fcomments&post=27482"}],"version-history":[{"count":0,"href":"https:\/\/ostrowskatv.pl\/index.php?rest_route=\/wp\/v2\/posts\/27482\/revisions"}],"wp:featuredmedia":[{"embeddable":true,"href":"https:\/\/ostrowskatv.pl\/index.php?rest_route=\/wp\/v2\/media\/27488"}],"wp:attachment":[{"href":"https:\/\/ostrowskatv.pl\/index.php?rest_route=%2Fwp%2Fv2%2Fmedia&parent=27482"}],"wp:term":[{"taxonomy":"category","embeddable":true,"href":"https:\/\/ostrowskatv.pl\/index.php?rest_route=%2Fwp%2Fv2%2Fcategories&post=27482"},{"taxonomy":"post_tag","embeddable":true,"href":"https:\/\/ostrowskatv.pl\/index.php?rest_route=%2Fwp%2Fv2%2Ftags&post=27482"}],"curies":[{"name":"wp","href":"https:\/\/api.w.org\/{rel}","templated":true}]}}